{"id":10959,"date":"2022-08-02T13:10:52","date_gmt":"2022-08-02T16:10:52","guid":{"rendered":"http:\/\/www.apucarana.pr.gov.br\/ame\/?p=10959"},"modified":"2024-10-08T09:09:44","modified_gmt":"2024-10-08T12:09:44","slug":"polo-da-uab-divulga-processo-seletivo-para-a-contratacao-de-tutores","status":"publish","type":"post","link":"http:\/\/www.apucarana.pr.gov.br\/ame\/polo-da-uab-divulga-processo-seletivo-para-a-contratacao-de-tutores\/","title":{"rendered":"Polo da UAB divulga processo seletivo para a contrata\u00e7\u00e3o de tutores"},"content":{"rendered":"<p>A Universidade Estadual do Centro-Oeste (Unicentro) est\u00e1 com inscri\u00e7\u00f5es abertas para um processo seletivo que visa contratar quatro tutores presenciais para o Polo da UAB de Apucarana. Os classificados dever\u00e3o atuar junto aos cursos de Licenciatura em Letras Portugu\u00eas e Especializa\u00e7\u00e3o em Ensino e Pesquisa na Ci\u00eancia Geogr\u00e1fica.<\/p>\n<p>De acordo com a secret\u00e1ria municipal de educa\u00e7\u00e3o, Marli Fernandes, o tutor presencial \u00e9 o profissional que faz a media\u00e7\u00e3o entre os estudantes e os professores nos cursos de Educa\u00e7\u00e3o a Dist\u00e2ncia (EAD). \u201cAs principais atribui\u00e7\u00f5es do tutor s\u00e3o sanar as d\u00favidas dos alunos, auxiliar os docentes no desenvolvimento das suas atividades, apoiar operacionalmente a coordena\u00e7\u00e3o do curso nas atividades presenciais no polo, assistir os estudantes com defici\u00eancia ou necessidades educacionais especiais, manter a regularidade de acesso ao Ambiente Virtual de Aprendizagem, entre outras. Os candidatos selecionados passar\u00e3o por uma forma\u00e7\u00e3o continuada, que ser\u00e1 ofertada pela institui\u00e7\u00e3o de ensino superior,\u201d detalhou.<\/p>\n<p>As inscri\u00e7\u00f5es para o processo seletivo devem ser feitas at\u00e9 26 de agosto, exclusivamente pela internet, no site do N\u00facleo de Educa\u00e7\u00e3o a Dist\u00e2ncia da Unicentro. A bolsa ofertada \u00e9 no valor de R$ 765,00, por uma jornada de trabalho de 20 horas semanais.<\/p>\n<p>O prefeito Junior da Femac destacou a longa parceria que a Unicentro mant\u00e9m com o munic\u00edpio de Apucarana. \u201cDesde 2008, esta universidade vem ofertando cursos de gradua\u00e7\u00e3o e especializa\u00e7\u00e3o por meio do nosso Polo da UAB, contribuindo para a democratiza\u00e7\u00e3o do ensino superior e para que os cidad\u00e3os apucaranenses tenham acesso a forma\u00e7\u00e3o gratuita e de qualidade\u201d, afirmou.<\/p>\n<p>O edital n\u00ba 019\/2022, que se refere \u00e0 contrata\u00e7\u00e3o de tr\u00eas tutores presenciais para o curso de Licenciatura em Letras Portugu\u00eas, pode ser acessado no seguinte endere\u00e7o eletr\u00f4nico: <a href=\"https:\/\/ead.unicentro.br\/editais\/edital-no-19-2022-nead-uab-mec\/\">https:\/\/ead.unicentro.br\/editais\/edital-no-19-2022-nead-uab-mec\/<\/a><\/p>\n<p>J\u00e1 o edital n\u00ba 022\/2022, que prev\u00ea a contrata\u00e7\u00e3o de um tutor para o curso de Especializa\u00e7\u00e3o em Ensino e Pesquisa na Ci\u00eancia Geogr\u00e1fica, est\u00e1 dispon\u00edvel em: <a href=\"https:\/\/ead.unicentro.br\/editais\/edital-no-22-2022-nead-uab-mec\/\">https:\/\/ead.unicentro.br\/editais\/edital-no-22-2022-nead-uab-mec\/<\/a><\/p>\n<div class = 'socialMediaOnEveryPost'>Compartilhe<div id=\"sgmbShare1-1\" class=\"sgmbShare jssocials-theme-classic sgmbWidget1-1\"><\/div><div class=\"dropdownWrapper dropdownWrapper1 dropdownWrapper-for-widget \" id=\"dropdownWrapper-for-widget\">\r\n\t\t\t\t\t\t<div class=\"dropdownLabel\" id=\"dropdownLabel-share-list\"><span class=\"sgmbButtonListLabel1\">Share List<\/span><\/div>\r\n\t\t\t\t\t\t<div class=\"dropdownPanel dropdownPanel1-1\">\r\n\t\t\t\t\t\t<\/div>\r\n\t\t\t\t\t<\/div><script>  SGMB_URL = \"http:\/\/www.apucarana.pr.gov.br\/ame\/wp-content\/plugins\/social-media-builder\/\"; jQuery(\".dropdownWrapper\").hide(); SGMB_GOOGLE_ACOUNT = \"\"; <\/script><script type=\"text\/javascript\">\r\n\t\tjQuery(document).ready(function($){var widget = new SGMBWidget();widget.show({\"id\":\"1\",\"title\":\"Face\\\/Twitter\",\"options\":{\"currentUrl\":\"1\",\"url\":\"\",\"shareText\":\"\",\"fontSize\":\"14\",\"betweenButtons\":\"1px\",\"theme\":\"classic\",\"sgmbButtonsPosition\":\"bottomLeft\",\"socialTheme\":\"\",\"icon\":\"default\",\"buttonsPanelEffect\":\"No Effect\",\"buttonsEffect\":\"No Effect\",\"iconsEffect\":\"No Effect\",\"buttons\":\"{\\\"facebook\\\":{\\\"label\\\":\\\"Share\\\",\\\"icon\\\":\\\"default-facebook\\\"},\\\"twitter\\\":{\\\"label\\\":\\\"Tweet\\\",\\\"icon\\\":\\\"default-twitter\\\",\\\"via\\\":\\\"\\\",\\\"hashtags\\\":\\\"\\\"}}\",\"roundButton\":\"\",\"showLabels\":\"\",\"showCounts\":\"\",\"showCenter\":\"\",\"showButtonsAsList\":\"\",\"sgmbDropdownColor\":\"\",\"sgmbDropdownLabelFontSize\":\"14\",\"sgmbDropdownLabelColor\":\"\",\"showButtonsOnEveryPost\":\"on\",\"selectedOrExcluded\":\"\",\"showButtonsOnEveryPage\":\"\",\"textOnEveryPost\":\"Compartilhe\",\"showButtonsOnCustomPost\":\"\",\"textOnCustomPost\":\"\",\"showButtonsOnMobileDirect\":\"on\",\"showButtonsOnDesktopDirect\":\"on\",\"sgmbSelectedPages\":[\"\"],\"sgmbExcludedPosts\":[\"\"],\"sgmbSelectedCustomPosts\":[],\"showButtonsInPopup\":\"\",\"titleOfPopup\":\"\",\"descriptionOfPopup\":\"\",\"showPopupOnLoad\":\"\",\"showPopupOnScroll\":\"\",\"showPopupOnExit\":\"\",\"openSecondsOfPopup\":\"\",\"googleAnaliticsAccount\":\"\"},\"buttonOptions\":{\"facebook\":{\"label\":\"Share\",\"icon\":\"default-facebook\"},\"twitter\":{\"label\":\"Tweet\",\"icon\":\"default-twitter\",\"via\":\"\",\"hashtags\":\"\"}},\"button\":[\"facebook\",\"twitter\"]}, 1, '', 'http:\/\/www.apucarana.pr.gov.br\/ame\/wp-content\/uploads\/2019\/01\/POLOEDSON-DENOBI06.jpg', '', 'http:\/\/www.apucarana.pr.gov.br\/ame\/polo-da-uab-divulga-processo-seletivo-para-a-contratacao-de-tutores\/'); });<\/script><\/div><script> jQuery(\".socialMediaOnEveryPost\").addClass(\"sgmb-left\") <\/script>","protected":false},"excerpt":{"rendered":"<p>Os classificados dever\u00e3o atuar junto aos cursos de Licenciatura em Letras Portugu\u00eas e Especializa\u00e7\u00e3o em Ensino e Pesquisa na Ci\u00eancia Geogr\u00e1fica<\/p>\n","protected":false},"author":10,"featured_media":7898,"comment_status":"closed","ping_status":"open","sticky":false,"template":"","format":"standard","meta":[],"categories":[9],"tags":[],"_links":{"self":[{"href":"http:\/\/www.apucarana.pr.gov.br\/ame\/wp-json\/wp\/v2\/posts\/10959"}],"collection":[{"href":"http:\/\/www.apucarana.pr.gov.br\/ame\/wp-json\/wp\/v2\/posts"}],"about":[{"href":"http:\/\/www.apucarana.pr.gov.br\/ame\/wp-json\/wp\/v2\/types\/post"}],"author":[{"embeddable":true,"href":"http:\/\/www.apucarana.pr.gov.br\/ame\/wp-json\/wp\/v2\/users\/10"}],"replies":[{"embeddable":true,"href":"http:\/\/www.apucarana.pr.gov.br\/ame\/wp-json\/wp\/v2\/comments?post=10959"}],"version-history":[{"count":1,"href":"http:\/\/www.apucarana.pr.gov.br\/ame\/wp-json\/wp\/v2\/posts\/10959\/revisions"}],"predecessor-version":[{"id":10960,"href":"http:\/\/www.apucarana.pr.gov.br\/ame\/wp-json\/wp\/v2\/posts\/10959\/revisions\/10960"}],"wp:featuredmedia":[{"embeddable":true,"href":"http:\/\/www.apucarana.pr.gov.br\/ame\/wp-json\/wp\/v2\/media\/7898"}],"wp:attachment":[{"href":"http:\/\/www.apucarana.pr.gov.br\/ame\/wp-json\/wp\/v2\/media?parent=10959"}],"wp:term":[{"taxonomy":"category","embeddable":true,"href":"http:\/\/www.apucarana.pr.gov.br\/ame\/wp-json\/wp\/v2\/categories?post=10959"},{"taxonomy":"post_tag","embeddable":true,"href":"http:\/\/www.apucarana.pr.gov.br\/ame\/wp-json\/wp\/v2\/tags?post=10959"}],"curies":[{"name":"wp","href":"https:\/\/api.w.org\/{rel}","templated":true}]}}