{"id":10944,"date":"2022-07-29T13:12:50","date_gmt":"2022-07-29T16:12:50","guid":{"rendered":"http:\/\/www.apucarana.pr.gov.br\/ame\/?p=10944"},"modified":"2024-10-08T09:09:44","modified_gmt":"2024-10-08T12:09:44","slug":"ultimos-dias-de-inscricao-para-o-curso-de-especializacao-em-ensino-e-pesquisa-na-ciencia-geografica","status":"publish","type":"post","link":"http:\/\/www.apucarana.pr.gov.br\/ame\/ultimos-dias-de-inscricao-para-o-curso-de-especializacao-em-ensino-e-pesquisa-na-ciencia-geografica\/","title":{"rendered":"\u00daltimos dias de inscri\u00e7\u00e3o para o curso de Especializa\u00e7\u00e3o em Ensino e Pesquisa na Ci\u00eancia Geogr\u00e1fica"},"content":{"rendered":"<p>A coordena\u00e7\u00e3o do polo apucaranense da Universidade Aberta do Brasil (Polo da UAB) comunica que o prazo de inscri\u00e7\u00f5es para a Especializa\u00e7\u00e3o em Ensino e Pesquisa na Ci\u00eancia Geogr\u00e1fica termina no pr\u00f3ximo dia 7 de agosto. Os interessados devem se apressar!<\/p>\n<p>Ofertado em parceria com a Universidade Estadual do Centro-Oeste (Unicentro), o curso tem como p\u00fablico-alvo estudantes que tenham conclu\u00eddo a gradua\u00e7\u00e3o, licenciatura ou bacharelado, em Geografia ou qualquer outra \u00e1rea das Ci\u00eancias Humanas. Ao todo, s\u00e3o 25 vagas destinadas ao polo de Apucarana.<\/p>\n<p>\u201cA Unicentro \u00e9 uma institui\u00e7\u00e3o de ensino superior que t\u00eam larga experi\u00eancia na \u00e1rea da educa\u00e7\u00e3o \u00e0 dist\u00e2ncia. As forma\u00e7\u00f5es que eles prop\u00f5em s\u00e3o sempre de excelente qualidade,\u201d comentou o prefeito Junior da Femac.<\/p>\n<p>O edital com todas as orienta\u00e7\u00f5es para a inscri\u00e7\u00e3o no processo seletivo da Especializa\u00e7\u00e3o em Ensino e Pesquisa na Ci\u00eancia Geogr\u00e1fica pode ser encontrado no site do <a href=\"https:\/\/ead.unicentro.br\/editais\/wp-content\/uploads\/sites\/27\/2022\/07\/EDITAL-114-2022-ABERTURA-Especializacoes.pdf\">N\u00facleo de Educa\u00e7\u00e3o \u00e0 Dist\u00e2ncia da Unicentro<\/a>.<\/p>\n<p>A secret\u00e1ria de educa\u00e7\u00e3o, Marli Fernandes, acrescentou que o Polo da UAB tamb\u00e9m est\u00e1 com inscri\u00e7\u00f5es abertas para a Especializa\u00e7\u00e3o em Doc\u00eancia na Educa\u00e7\u00e3o Infantil, que ser\u00e1 ofertada em parceria com a Universidade Estadual de Ponta Grossa (UEPG). Ao todo, s\u00e3o 32 vagas reservadas para Apucarana.<\/p>\n<p>\u201cEu incentivo fortemente que os professores e assistentes infantis da nossa rede municipal de ensino inscrevam-se neste curso. A forma\u00e7\u00e3o continuada \u00e9 importante para todos os profissionais, mas principalmente para aqueles que atuam no magist\u00e9rio,\u201d disse.<\/p>\n<p>Os interessados na Especializa\u00e7\u00e3o em Doc\u00eancia na Educa\u00e7\u00e3o Infantil, da UEPG, podem acessar o edital completo no site do <a href=\"https:\/\/ead.uepg.br\/apl\/sigma\/assets\/editais\/PS0636E2315.pdf\">N\u00facleo de Tecnologia e Educa\u00e7\u00e3o Aberta e \u00e0 Dist\u00e2ncia da UEPG<\/a>.<\/p>\n<div class = 'socialMediaOnEveryPost'>Compartilhe<div id=\"sgmbShare1-1\" class=\"sgmbShare jssocials-theme-classic sgmbWidget1-1\"><\/div><div class=\"dropdownWrapper dropdownWrapper1 dropdownWrapper-for-widget \" id=\"dropdownWrapper-for-widget\">\r\n\t\t\t\t\t\t<div class=\"dropdownLabel\" id=\"dropdownLabel-share-list\"><span class=\"sgmbButtonListLabel1\">Share List<\/span><\/div>\r\n\t\t\t\t\t\t<div class=\"dropdownPanel dropdownPanel1-1\">\r\n\t\t\t\t\t\t<\/div>\r\n\t\t\t\t\t<\/div><script>  SGMB_URL = \"http:\/\/www.apucarana.pr.gov.br\/ame\/wp-content\/plugins\/social-media-builder\/\"; jQuery(\".dropdownWrapper\").hide(); SGMB_GOOGLE_ACOUNT = \"\"; <\/script><script type=\"text\/javascript\">\r\n\t\tjQuery(document).ready(function($){var widget = new SGMBWidget();widget.show({\"id\":\"1\",\"title\":\"Face\\\/Twitter\",\"options\":{\"currentUrl\":\"1\",\"url\":\"\",\"shareText\":\"\",\"fontSize\":\"14\",\"betweenButtons\":\"1px\",\"theme\":\"classic\",\"sgmbButtonsPosition\":\"bottomLeft\",\"socialTheme\":\"\",\"icon\":\"default\",\"buttonsPanelEffect\":\"No Effect\",\"buttonsEffect\":\"No Effect\",\"iconsEffect\":\"No Effect\",\"buttons\":\"{\\\"facebook\\\":{\\\"label\\\":\\\"Share\\\",\\\"icon\\\":\\\"default-facebook\\\"},\\\"twitter\\\":{\\\"label\\\":\\\"Tweet\\\",\\\"icon\\\":\\\"default-twitter\\\",\\\"via\\\":\\\"\\\",\\\"hashtags\\\":\\\"\\\"}}\",\"roundButton\":\"\",\"showLabels\":\"\",\"showCounts\":\"\",\"showCenter\":\"\",\"showButtonsAsList\":\"\",\"sgmbDropdownColor\":\"\",\"sgmbDropdownLabelFontSize\":\"14\",\"sgmbDropdownLabelColor\":\"\",\"showButtonsOnEveryPost\":\"on\",\"selectedOrExcluded\":\"\",\"showButtonsOnEveryPage\":\"\",\"textOnEveryPost\":\"Compartilhe\",\"showButtonsOnCustomPost\":\"\",\"textOnCustomPost\":\"\",\"showButtonsOnMobileDirect\":\"on\",\"showButtonsOnDesktopDirect\":\"on\",\"sgmbSelectedPages\":[\"\"],\"sgmbExcludedPosts\":[\"\"],\"sgmbSelectedCustomPosts\":[],\"showButtonsInPopup\":\"\",\"titleOfPopup\":\"\",\"descriptionOfPopup\":\"\",\"showPopupOnLoad\":\"\",\"showPopupOnScroll\":\"\",\"showPopupOnExit\":\"\",\"openSecondsOfPopup\":\"\",\"googleAnaliticsAccount\":\"\"},\"buttonOptions\":{\"facebook\":{\"label\":\"Share\",\"icon\":\"default-facebook\"},\"twitter\":{\"label\":\"Tweet\",\"icon\":\"default-twitter\",\"via\":\"\",\"hashtags\":\"\"}},\"button\":[\"facebook\",\"twitter\"]}, 1, '', 'http:\/\/www.apucarana.pr.gov.br\/ame\/wp-content\/uploads\/2022\/03\/POLOEDSON-DENOBI06.jpg', '', 'http:\/\/www.apucarana.pr.gov.br\/ame\/ultimos-dias-de-inscricao-para-o-curso-de-especializacao-em-ensino-e-pesquisa-na-ciencia-geografica\/'); });<\/script><\/div><script> jQuery(\".socialMediaOnEveryPost\").addClass(\"sgmb-left\") <\/script>","protected":false},"excerpt":{"rendered":"<p>Ofertado em parceria com a Unicentro, o curso tem como p\u00fablico-alvo estudantes que tenham conclu\u00eddo a gradua\u00e7\u00e3o, licenciatura ou bacharelado, em Geografia ou qualquer outra \u00e1rea das Ci\u00eancias Humanas<\/p>\n","protected":false},"author":10,"featured_media":10356,"comment_status":"closed","ping_status":"open","sticky":false,"template":"","format":"standard","meta":[],"categories":[9],"tags":[],"_links":{"self":[{"href":"http:\/\/www.apucarana.pr.gov.br\/ame\/wp-json\/wp\/v2\/posts\/10944"}],"collection":[{"href":"http:\/\/www.apucarana.pr.gov.br\/ame\/wp-json\/wp\/v2\/posts"}],"about":[{"href":"http:\/\/www.apucarana.pr.gov.br\/ame\/wp-json\/wp\/v2\/types\/post"}],"author":[{"embeddable":true,"href":"http:\/\/www.apucarana.pr.gov.br\/ame\/wp-json\/wp\/v2\/users\/10"}],"replies":[{"embeddable":true,"href":"http:\/\/www.apucarana.pr.gov.br\/ame\/wp-json\/wp\/v2\/comments?post=10944"}],"version-history":[{"count":3,"href":"http:\/\/www.apucarana.pr.gov.br\/ame\/wp-json\/wp\/v2\/posts\/10944\/revisions"}],"predecessor-version":[{"id":10958,"href":"http:\/\/www.apucarana.pr.gov.br\/ame\/wp-json\/wp\/v2\/posts\/10944\/revisions\/10958"}],"wp:featuredmedia":[{"embeddable":true,"href":"http:\/\/www.apucarana.pr.gov.br\/ame\/wp-json\/wp\/v2\/media\/10356"}],"wp:attachment":[{"href":"http:\/\/www.apucarana.pr.gov.br\/ame\/wp-json\/wp\/v2\/media?parent=10944"}],"wp:term":[{"taxonomy":"category","embeddable":true,"href":"http:\/\/www.apucarana.pr.gov.br\/ame\/wp-json\/wp\/v2\/categories?post=10944"},{"taxonomy":"post_tag","embeddable":true,"href":"http:\/\/www.apucarana.pr.gov.br\/ame\/wp-json\/wp\/v2\/tags?post=10944"}],"curies":[{"name":"wp","href":"https:\/\/api.w.org\/{rel}","templated":true}]}}