{"id":10941,"date":"2022-07-25T17:00:05","date_gmt":"2022-07-25T20:00:05","guid":{"rendered":"http:\/\/www.apucarana.pr.gov.br\/ame\/?p=10941"},"modified":"2024-10-08T09:09:44","modified_gmt":"2024-10-08T12:09:44","slug":"prefeito-junior-da-femac-da-posse-aos-novos-membros-do-comite-do-transporte-escolar","status":"publish","type":"post","link":"http:\/\/www.apucarana.pr.gov.br\/ame\/prefeito-junior-da-femac-da-posse-aos-novos-membros-do-comite-do-transporte-escolar\/","title":{"rendered":"Prefeito Junior da Femac d\u00e1 posse aos novos membros do Comit\u00ea do Transporte Escolar"},"content":{"rendered":"<p>O prefeito Junior da Femac e a secret\u00e1ria de educa\u00e7\u00e3o Marli Fernandes deram posse, na tarde de hoje (25\/7), aos novos membros do Comit\u00ea Municipal do Transporte Escolar, que foram nomeados pelo Decreto n\u00ba 491\/2022.<\/p>\n<p>O Comit\u00ea do Transporte Escolar \u00e9 formado por oito membros, entre titulares e suplentes, representantes da Autarquia Municipal de Educa\u00e7\u00e3o, dos diretores dos col\u00e9gios estaduais, dos diretores das escolas municipais e dos pais dos alunos. A nova composi\u00e7\u00e3o ter\u00e1 vig\u00eancia no bi\u00eanio 2022\/2024.<\/p>\n<p>Segundo a secret\u00e1ria Marli Fernandes, quase 6 mil estudantes, das redes municipal e estadual de ensino, utilizam diariamente o transporte escolar p\u00fablico em Apucarana. \u201cAs principais atribui\u00e7\u00f5es dos membros do comit\u00ea s\u00e3o: analisar os relat\u00f3rios bimestrais de controle do transporte de alunos, acompanhar a regularidade na presta\u00e7\u00e3o do servi\u00e7o e conferir a correta aplica\u00e7\u00e3o dos recursos destinados ao setor,\u201d disse.<\/p>\n<p>Durante a cerim\u00f4nia, a diretora da Escola Municipal Jo\u00e3o Ant\u00f4nio Braga C\u00f4rtes, professora Edna Mansano, e a diretora do Col\u00e9gio Estadual Nilo Cairo, Cibele Barneze, foram eleitas, por aclama\u00e7\u00e3o, como presidente e vice-presidente do Comit\u00ea Municipal do Transporte Escolar.<\/p>\n<p>O prefeito Junior da Femac agradeceu aos novos membros pela disposi\u00e7\u00e3o deles em contribuir com o \u00f3rg\u00e3o consultivo. \u201cA participa\u00e7\u00e3o ativa dos conselhos e comit\u00eas contribui para que a administra\u00e7\u00e3o municipal possa ofertar servi\u00e7os p\u00fablicos cada vez melhores para a comunidade,\u201d afirmou.<\/p>\n<p>Conhe\u00e7a os novos membros do Comit\u00ea Municipal do Transporte Escolar:<\/p>\n<p>Autarquia Municipal de Educa\u00e7\u00e3o<br \/>\nTitular: D\u00e1rio Romeiro Miquel\u00e3o Butarelli<br \/>\nSuplente: Rodolfo Junio do Nascimento<\/p>\n<p>Diretores da Rede Estadual de Ensino<br \/>\nTitular: Cibele Barneze<br \/>\nSuplente: Lic\u00ednio Martins Ramos da Silva<\/p>\n<p>Diretores da Rede Municipal de Ensino<br \/>\nTitular: Edna Aparecida Rosina Mansano<br \/>\nSuplente: Sandra Andr\u00e9ia Mincachi da Silva<\/p>\n<p>Pais de Alunos<br \/>\nTitular: Tiago Correia da Cunha<br \/>\nSuplente: Cirlene Fortunato<\/p>\n<div class = 'socialMediaOnEveryPost'>Compartilhe<div id=\"sgmbShare1-1\" class=\"sgmbShare jssocials-theme-classic sgmbWidget1-1\"><\/div><div class=\"dropdownWrapper dropdownWrapper1 dropdownWrapper-for-widget \" id=\"dropdownWrapper-for-widget\">\r\n\t\t\t\t\t\t<div class=\"dropdownLabel\" id=\"dropdownLabel-share-list\"><span class=\"sgmbButtonListLabel1\">Share List<\/span><\/div>\r\n\t\t\t\t\t\t<div class=\"dropdownPanel dropdownPanel1-1\">\r\n\t\t\t\t\t\t<\/div>\r\n\t\t\t\t\t<\/div><script>  SGMB_URL = \"http:\/\/www.apucarana.pr.gov.br\/ame\/wp-content\/plugins\/social-media-builder\/\"; jQuery(\".dropdownWrapper\").hide(); SGMB_GOOGLE_ACOUNT = \"\"; <\/script><script type=\"text\/javascript\">\r\n\t\tjQuery(document).ready(function($){var widget = new SGMBWidget();widget.show({\"id\":\"1\",\"title\":\"Face\\\/Twitter\",\"options\":{\"currentUrl\":\"1\",\"url\":\"\",\"shareText\":\"\",\"fontSize\":\"14\",\"betweenButtons\":\"1px\",\"theme\":\"classic\",\"sgmbButtonsPosition\":\"bottomLeft\",\"socialTheme\":\"\",\"icon\":\"default\",\"buttonsPanelEffect\":\"No Effect\",\"buttonsEffect\":\"No Effect\",\"iconsEffect\":\"No Effect\",\"buttons\":\"{\\\"facebook\\\":{\\\"label\\\":\\\"Share\\\",\\\"icon\\\":\\\"default-facebook\\\"},\\\"twitter\\\":{\\\"label\\\":\\\"Tweet\\\",\\\"icon\\\":\\\"default-twitter\\\",\\\"via\\\":\\\"\\\",\\\"hashtags\\\":\\\"\\\"}}\",\"roundButton\":\"\",\"showLabels\":\"\",\"showCounts\":\"\",\"showCenter\":\"\",\"showButtonsAsList\":\"\",\"sgmbDropdownColor\":\"\",\"sgmbDropdownLabelFontSize\":\"14\",\"sgmbDropdownLabelColor\":\"\",\"showButtonsOnEveryPost\":\"on\",\"selectedOrExcluded\":\"\",\"showButtonsOnEveryPage\":\"\",\"textOnEveryPost\":\"Compartilhe\",\"showButtonsOnCustomPost\":\"\",\"textOnCustomPost\":\"\",\"showButtonsOnMobileDirect\":\"on\",\"showButtonsOnDesktopDirect\":\"on\",\"sgmbSelectedPages\":[\"\"],\"sgmbExcludedPosts\":[\"\"],\"sgmbSelectedCustomPosts\":[],\"showButtonsInPopup\":\"\",\"titleOfPopup\":\"\",\"descriptionOfPopup\":\"\",\"showPopupOnLoad\":\"\",\"showPopupOnScroll\":\"\",\"showPopupOnExit\":\"\",\"openSecondsOfPopup\":\"\",\"googleAnaliticsAccount\":\"\"},\"buttonOptions\":{\"facebook\":{\"label\":\"Share\",\"icon\":\"default-facebook\"},\"twitter\":{\"label\":\"Tweet\",\"icon\":\"default-twitter\",\"via\":\"\",\"hashtags\":\"\"}},\"button\":[\"facebook\",\"twitter\"]}, 1, '', 'http:\/\/www.apucarana.pr.gov.br\/ame\/wp-content\/uploads\/2022\/07\/IMG_4417-scaled.jpg', '', 'http:\/\/www.apucarana.pr.gov.br\/ame\/prefeito-junior-da-femac-da-posse-aos-novos-membros-do-comite-do-transporte-escolar\/'); });<\/script><\/div><script> jQuery(\".socialMediaOnEveryPost\").addClass(\"sgmb-left\") <\/script>","protected":false},"excerpt":{"rendered":"<p>Quase 6 mil estudantes, das redes municipal e estadual de ensino, utilizam diariamente o transporte escolar p\u00fablico em Apucarana<\/p>\n","protected":false},"author":10,"featured_media":10942,"comment_status":"closed","ping_status":"open","sticky":false,"template":"","format":"standard","meta":[],"categories":[9],"tags":[],"_links":{"self":[{"href":"http:\/\/www.apucarana.pr.gov.br\/ame\/wp-json\/wp\/v2\/posts\/10941"}],"collection":[{"href":"http:\/\/www.apucarana.pr.gov.br\/ame\/wp-json\/wp\/v2\/posts"}],"about":[{"href":"http:\/\/www.apucarana.pr.gov.br\/ame\/wp-json\/wp\/v2\/types\/post"}],"author":[{"embeddable":true,"href":"http:\/\/www.apucarana.pr.gov.br\/ame\/wp-json\/wp\/v2\/users\/10"}],"replies":[{"embeddable":true,"href":"http:\/\/www.apucarana.pr.gov.br\/ame\/wp-json\/wp\/v2\/comments?post=10941"}],"version-history":[{"count":1,"href":"http:\/\/www.apucarana.pr.gov.br\/ame\/wp-json\/wp\/v2\/posts\/10941\/revisions"}],"predecessor-version":[{"id":10943,"href":"http:\/\/www.apucarana.pr.gov.br\/ame\/wp-json\/wp\/v2\/posts\/10941\/revisions\/10943"}],"wp:featuredmedia":[{"embeddable":true,"href":"http:\/\/www.apucarana.pr.gov.br\/ame\/wp-json\/wp\/v2\/media\/10942"}],"wp:attachment":[{"href":"http:\/\/www.apucarana.pr.gov.br\/ame\/wp-json\/wp\/v2\/media?parent=10941"}],"wp:term":[{"taxonomy":"category","embeddable":true,"href":"http:\/\/www.apucarana.pr.gov.br\/ame\/wp-json\/wp\/v2\/categories?post=10941"},{"taxonomy":"post_tag","embeddable":true,"href":"http:\/\/www.apucarana.pr.gov.br\/ame\/wp-json\/wp\/v2\/tags?post=10941"}],"curies":[{"name":"wp","href":"https:\/\/api.w.org\/{rel}","templated":true}]}}