{"id":10929,"date":"2022-07-25T15:19:35","date_gmt":"2022-07-25T18:19:35","guid":{"rendered":"http:\/\/www.apucarana.pr.gov.br\/ame\/?p=10929"},"modified":"2024-10-08T09:09:44","modified_gmt":"2024-10-08T12:09:44","slug":"volta-as-aulas-e-marcada-por-muita-alegria-em-apucarana","status":"publish","type":"post","link":"http:\/\/www.apucarana.pr.gov.br\/ame\/volta-as-aulas-e-marcada-por-muita-alegria-em-apucarana\/","title":{"rendered":"Volta \u00e0s aulas \u00e9 marcada por muita alegria em Apucarana"},"content":{"rendered":"<p>A Prefeitura de Apucarana retomou as aulas da rede municipal de educa\u00e7\u00e3o nesta segunda-feira (25\/7). Os mais de 12 mil alunos, matriculados nos 23 centros infantis e 35 escolas, estavam em f\u00e9rias h\u00e1 duas semanas. O primeiro dia do segundo semestre letivo foi marcado pela alegria das crian\u00e7as em rever seus colegas e professores.<\/p>\n<p>O prefeito Junior da Femac desejou boas-vindas a todos. \u201cO recesso de meio de ano \u00e9 importante para que os estudantes descansem e fiquem mais pr\u00f3ximos \u00e0s suas fam\u00edlias. Eu espero que eles tenham aproveitado bastante as f\u00e9rias e estejam com as energias renovadas para mais um per\u00edodo de intenso aprendizado,\u201d disse.<\/p>\n<p>\u201cO recesso de julho tamb\u00e9m \u00e9 fundamental para que os profissionais da educa\u00e7\u00e3o possam avaliar os trabalhos realizados ao longo do primeiro semestre e replanejar as metas e estrat\u00e9gias para a segunda metade do ano. Enquanto as crian\u00e7as estavam de f\u00e9rias, os diretores, coordenadores, professores, merendeiras e estagi\u00e1rios tamb\u00e9m passaram por forma\u00e7\u00e3o continuada para atualizarem seus conhecimentos,\u201d acrescentou a secret\u00e1ria Marli Fernandes.<\/p>\n<p>A estudante Maria J\u00falia, da turma do 5\u00ba ano A, da Escola Municipal Vereador Jos\u00e9 Ramos de Oliveira, comentou sobre a expectativa para a volta \u00e0s aulas. \u201cAs minhas f\u00e9rias foram muito legais. Eu fui ao cinema, comemorei o anivers\u00e1rio da minha prima e visitei o zool\u00f3gico durante uma viagem a Cascavel. Mas j\u00e1 estava com saudades dos meus amigos, da professora e at\u00e9 da merenda. Eu n\u00e3o via a hora de retornar para a escola,\u201d afirmou.<\/p>\n<p>Outra aluna que estava ansiosa pelo in\u00edcio do segundo semestre letivo \u00e9 Bianca Beatriz, do 5\u00ba ano C, da Escola Municipal Fernando Jos\u00e9 Acosta. \u201cEu tamb\u00e9m esperei muito pela volta \u00e0s aulas, pois queria rever os meus amigos e minha professora. Vou aproveitar ao m\u00e1ximo esse restinho de ano, pois eu devo mudar de escola em 2023, quando vou para a 6\u00aa s\u00e9rie, e sei que sentirei muita saudade de tudo o que vivi aqui,\u201d falou.<\/p>\n<div class = 'socialMediaOnEveryPost'>Compartilhe<div id=\"sgmbShare1-1\" class=\"sgmbShare jssocials-theme-classic sgmbWidget1-1\"><\/div><div class=\"dropdownWrapper dropdownWrapper1 dropdownWrapper-for-widget \" id=\"dropdownWrapper-for-widget\">\r\n\t\t\t\t\t\t<div class=\"dropdownLabel\" id=\"dropdownLabel-share-list\"><span class=\"sgmbButtonListLabel1\">Share List<\/span><\/div>\r\n\t\t\t\t\t\t<div class=\"dropdownPanel dropdownPanel1-1\">\r\n\t\t\t\t\t\t<\/div>\r\n\t\t\t\t\t<\/div><script>  SGMB_URL = \"http:\/\/www.apucarana.pr.gov.br\/ame\/wp-content\/plugins\/social-media-builder\/\"; jQuery(\".dropdownWrapper\").hide(); SGMB_GOOGLE_ACOUNT = \"\"; <\/script><script type=\"text\/javascript\">\r\n\t\tjQuery(document).ready(function($){var widget = new SGMBWidget();widget.show({\"id\":\"1\",\"title\":\"Face\\\/Twitter\",\"options\":{\"currentUrl\":\"1\",\"url\":\"\",\"shareText\":\"\",\"fontSize\":\"14\",\"betweenButtons\":\"1px\",\"theme\":\"classic\",\"sgmbButtonsPosition\":\"bottomLeft\",\"socialTheme\":\"\",\"icon\":\"default\",\"buttonsPanelEffect\":\"No Effect\",\"buttonsEffect\":\"No Effect\",\"iconsEffect\":\"No Effect\",\"buttons\":\"{\\\"facebook\\\":{\\\"label\\\":\\\"Share\\\",\\\"icon\\\":\\\"default-facebook\\\"},\\\"twitter\\\":{\\\"label\\\":\\\"Tweet\\\",\\\"icon\\\":\\\"default-twitter\\\",\\\"via\\\":\\\"\\\",\\\"hashtags\\\":\\\"\\\"}}\",\"roundButton\":\"\",\"showLabels\":\"\",\"showCounts\":\"\",\"showCenter\":\"\",\"showButtonsAsList\":\"\",\"sgmbDropdownColor\":\"\",\"sgmbDropdownLabelFontSize\":\"14\",\"sgmbDropdownLabelColor\":\"\",\"showButtonsOnEveryPost\":\"on\",\"selectedOrExcluded\":\"\",\"showButtonsOnEveryPage\":\"\",\"textOnEveryPost\":\"Compartilhe\",\"showButtonsOnCustomPost\":\"\",\"textOnCustomPost\":\"\",\"showButtonsOnMobileDirect\":\"on\",\"showButtonsOnDesktopDirect\":\"on\",\"sgmbSelectedPages\":[\"\"],\"sgmbExcludedPosts\":[\"\"],\"sgmbSelectedCustomPosts\":[],\"showButtonsInPopup\":\"\",\"titleOfPopup\":\"\",\"descriptionOfPopup\":\"\",\"showPopupOnLoad\":\"\",\"showPopupOnScroll\":\"\",\"showPopupOnExit\":\"\",\"openSecondsOfPopup\":\"\",\"googleAnaliticsAccount\":\"\"},\"buttonOptions\":{\"facebook\":{\"label\":\"Share\",\"icon\":\"default-facebook\"},\"twitter\":{\"label\":\"Tweet\",\"icon\":\"default-twitter\",\"via\":\"\",\"hashtags\":\"\"}},\"button\":[\"facebook\",\"twitter\"]}, 1, '', 'http:\/\/www.apucarana.pr.gov.br\/ame\/wp-content\/uploads\/2022\/07\/Volta-as-Aulas-CMEI-Maria-Gravena-3.jpg', '', 'http:\/\/www.apucarana.pr.gov.br\/ame\/volta-as-aulas-e-marcada-por-muita-alegria-em-apucarana\/'); });<\/script><\/div><script> jQuery(\".socialMediaOnEveryPost\").addClass(\"sgmb-left\") <\/script>","protected":false},"excerpt":{"rendered":"<p>Os 23 centros infantis e 35 escolas da rede municipal apucaranense abriram as portas hoje (25\/5) a fim de receber mais de 12 mil alunos para o in\u00edcio do segundo semestre letivo<\/p>\n","protected":false},"author":10,"featured_media":10932,"comment_status":"closed","ping_status":"open","sticky":false,"template":"","format":"standard","meta":[],"categories":[9],"tags":[],"_links":{"self":[{"href":"http:\/\/www.apucarana.pr.gov.br\/ame\/wp-json\/wp\/v2\/posts\/10929"}],"collection":[{"href":"http:\/\/www.apucarana.pr.gov.br\/ame\/wp-json\/wp\/v2\/posts"}],"about":[{"href":"http:\/\/www.apucarana.pr.gov.br\/ame\/wp-json\/wp\/v2\/types\/post"}],"author":[{"embeddable":true,"href":"http:\/\/www.apucarana.pr.gov.br\/ame\/wp-json\/wp\/v2\/users\/10"}],"replies":[{"embeddable":true,"href":"http:\/\/www.apucarana.pr.gov.br\/ame\/wp-json\/wp\/v2\/comments?post=10929"}],"version-history":[{"count":1,"href":"http:\/\/www.apucarana.pr.gov.br\/ame\/wp-json\/wp\/v2\/posts\/10929\/revisions"}],"predecessor-version":[{"id":10940,"href":"http:\/\/www.apucarana.pr.gov.br\/ame\/wp-json\/wp\/v2\/posts\/10929\/revisions\/10940"}],"wp:featuredmedia":[{"embeddable":true,"href":"http:\/\/www.apucarana.pr.gov.br\/ame\/wp-json\/wp\/v2\/media\/10932"}],"wp:attachment":[{"href":"http:\/\/www.apucarana.pr.gov.br\/ame\/wp-json\/wp\/v2\/media?parent=10929"}],"wp:term":[{"taxonomy":"category","embeddable":true,"href":"http:\/\/www.apucarana.pr.gov.br\/ame\/wp-json\/wp\/v2\/categories?post=10929"},{"taxonomy":"post_tag","embeddable":true,"href":"http:\/\/www.apucarana.pr.gov.br\/ame\/wp-json\/wp\/v2\/tags?post=10929"}],"curies":[{"name":"wp","href":"https:\/\/api.w.org\/{rel}","templated":true}]}}