{"id":10908,"date":"2022-07-19T11:11:26","date_gmt":"2022-07-19T14:11:26","guid":{"rendered":"http:\/\/www.apucarana.pr.gov.br\/ame\/?p=10908"},"modified":"2024-10-08T09:09:44","modified_gmt":"2024-10-08T12:09:44","slug":"polo-da-uab-esta-com-inscricoes-abertas-para-tres-cursos-de-especializacao-na-area-da-educacao","status":"publish","type":"post","link":"http:\/\/www.apucarana.pr.gov.br\/ame\/polo-da-uab-esta-com-inscricoes-abertas-para-tres-cursos-de-especializacao-na-area-da-educacao\/","title":{"rendered":"Polo da UAB est\u00e1 com inscri\u00e7\u00f5es abertas para tr\u00eas cursos  de especializa\u00e7\u00e3o na \u00e1rea da Educa\u00e7\u00e3o"},"content":{"rendered":"<p>O polo apucaranense da Universidade Aberta do Brasil (Polo da UAB) est\u00e1 com inscri\u00e7\u00f5es abertas para tr\u00eas novos cursos na \u00e1rea da Educa\u00e7\u00e3o: a especializa\u00e7\u00e3o em M\u00e9todos e T\u00e9cnicas de Ensino, ofertada por meio da Universidade Tecnol\u00f3gica Federal do Paran\u00e1 (UTFPR); a especializa\u00e7\u00e3o em Ensino e Pesquisa na Ci\u00eancia Geogr\u00e1fica, disponibilizada pela Universidade Estadual do Centro-Oeste (Unicentro); e a especializa\u00e7\u00e3o em Doc\u00eancia na Educa\u00e7\u00e3o Infantil, proposta pela Universidade Estadual de Ponta Grossa (UEPG).<\/p>\n<p>\u201cA forma\u00e7\u00e3o continuada \u00e9 essencial para os profissionais que atuam no magist\u00e9rio, pois novos conhecimentos, informa\u00e7\u00f5es e tecnologias surgem todos os dias e s\u00e3o incorporados rapidamente \u00e0 vida da sociedade. Os docentes precisam atualizar-se para oferecerem forma\u00e7\u00e3o de qualidade aos estudantes,\u201d disse o prefeito Junior da Femac.<\/p>\n<p>\u201cPor isso, eu incentivo fortemente que os professores e assistentes infantis da rede municipal de Apucarana inscrevam-se nos cursos do Polo da UAB, que s\u00e3o gratuitos e ministrados em parceria com universidades renomadas,\u201d acrescentou a secret\u00e1ria de educa\u00e7\u00e3o, Marli Fernandes.<\/p>\n<p>As inscri\u00e7\u00f5es para a especializa\u00e7\u00e3o em M\u00e9todos e T\u00e9cnicas de Ensino devem ser realizadas at\u00e9 amanh\u00e3 (20\/7), exclusivamente pela internet, no site da Universidade Tecnol\u00f3gica Federal do Paran\u00e1 (<a href=\"https:\/\/ead.utfpr.edu.br\/ead\/candidato\/edital.php\">https:\/\/ead.utfpr.edu.br\/ead\/candidato\/edital.php<\/a>). Ao todo, s\u00e3o 25 vagas destinadas ao Polo da UAB de Apucarana.<\/p>\n<p>J\u00e1 as inscri\u00e7\u00f5es para a p\u00f3s-gradua\u00e7\u00e3o em Ensino e Pesquisa na Ci\u00eancia Geogr\u00e1fica, da Universidade Estadual do Centro-Oeste (Unicentro), seguem at\u00e9 31 de julho. Este curso tamb\u00e9m reserva 25 vagas para o munic\u00edpio de Apucarana. O edital completo est\u00e1 dispon\u00edvel no endere\u00e7o eletr\u00f4nico: <a href=\"https:\/\/ead.unicentro.br\/pos2022\/\">https:\/\/ead.unicentro.br\/pos2022\/<\/a>.<\/p>\n<p>A Universidade Estadual de Ponta Grossa (UEPG), por sua vez, disponibilizar\u00e1 32 vagas da especializa\u00e7\u00e3o em Doc\u00eancia na Educa\u00e7\u00e3o Infantil para o Polo da UAB de Apucarana. Os interessados devem efetuar a inscri\u00e7\u00e3o at\u00e9 14 de agosto. O edital completo pode ser encontrado no seguinte link: <a href=\"https:\/\/ead.uepg.br\/apl\/sigma\/assets\/editais\/PS0636E2315.pdf\">https:\/\/ead.uepg.br\/apl\/sigma\/assets\/editais\/PS0636E2315.pdf<\/a>.<\/p>\n<p>\u201cAl\u00e9m dessas tr\u00eas especializa\u00e7\u00f5es que est\u00e3o com inscri\u00e7\u00f5es abertas, n\u00f3s realizaremos um vestibular em outubro, visando \u00e0 forma\u00e7\u00e3o de novas turmas para as licenciaturas em Letras e Pedagogia,\u201d adiantou a coordenadora do Polo da UAB, Sueli Gomes R\u00eais Gon\u00e7alves.<\/p>\n<p>Outras informa\u00e7\u00f5es sobre os cursos ofertados pelo Polo da UAB de Apucarana podem ser obtidas por meio do telefone: (43) 3425- 1603 (que tamb\u00e9m funciona como WhatsApp).<\/p>\n<div class = 'socialMediaOnEveryPost'>Compartilhe<div id=\"sgmbShare1-1\" class=\"sgmbShare jssocials-theme-classic sgmbWidget1-1\"><\/div><div class=\"dropdownWrapper dropdownWrapper1 dropdownWrapper-for-widget \" id=\"dropdownWrapper-for-widget\">\r\n\t\t\t\t\t\t<div class=\"dropdownLabel\" id=\"dropdownLabel-share-list\"><span class=\"sgmbButtonListLabel1\">Share List<\/span><\/div>\r\n\t\t\t\t\t\t<div class=\"dropdownPanel dropdownPanel1-1\">\r\n\t\t\t\t\t\t<\/div>\r\n\t\t\t\t\t<\/div><script>  SGMB_URL = \"http:\/\/www.apucarana.pr.gov.br\/ame\/wp-content\/plugins\/social-media-builder\/\"; jQuery(\".dropdownWrapper\").hide(); SGMB_GOOGLE_ACOUNT = \"\"; <\/script><script type=\"text\/javascript\">\r\n\t\tjQuery(document).ready(function($){var widget = new SGMBWidget();widget.show({\"id\":\"1\",\"title\":\"Face\\\/Twitter\",\"options\":{\"currentUrl\":\"1\",\"url\":\"\",\"shareText\":\"\",\"fontSize\":\"14\",\"betweenButtons\":\"1px\",\"theme\":\"classic\",\"sgmbButtonsPosition\":\"bottomLeft\",\"socialTheme\":\"\",\"icon\":\"default\",\"buttonsPanelEffect\":\"No Effect\",\"buttonsEffect\":\"No Effect\",\"iconsEffect\":\"No Effect\",\"buttons\":\"{\\\"facebook\\\":{\\\"label\\\":\\\"Share\\\",\\\"icon\\\":\\\"default-facebook\\\"},\\\"twitter\\\":{\\\"label\\\":\\\"Tweet\\\",\\\"icon\\\":\\\"default-twitter\\\",\\\"via\\\":\\\"\\\",\\\"hashtags\\\":\\\"\\\"}}\",\"roundButton\":\"\",\"showLabels\":\"\",\"showCounts\":\"\",\"showCenter\":\"\",\"showButtonsAsList\":\"\",\"sgmbDropdownColor\":\"\",\"sgmbDropdownLabelFontSize\":\"14\",\"sgmbDropdownLabelColor\":\"\",\"showButtonsOnEveryPost\":\"on\",\"selectedOrExcluded\":\"\",\"showButtonsOnEveryPage\":\"\",\"textOnEveryPost\":\"Compartilhe\",\"showButtonsOnCustomPost\":\"\",\"textOnCustomPost\":\"\",\"showButtonsOnMobileDirect\":\"on\",\"showButtonsOnDesktopDirect\":\"on\",\"sgmbSelectedPages\":[\"\"],\"sgmbExcludedPosts\":[\"\"],\"sgmbSelectedCustomPosts\":[],\"showButtonsInPopup\":\"\",\"titleOfPopup\":\"\",\"descriptionOfPopup\":\"\",\"showPopupOnLoad\":\"\",\"showPopupOnScroll\":\"\",\"showPopupOnExit\":\"\",\"openSecondsOfPopup\":\"\",\"googleAnaliticsAccount\":\"\"},\"buttonOptions\":{\"facebook\":{\"label\":\"Share\",\"icon\":\"default-facebook\"},\"twitter\":{\"label\":\"Tweet\",\"icon\":\"default-twitter\",\"via\":\"\",\"hashtags\":\"\"}},\"button\":[\"facebook\",\"twitter\"]}, 1, '', 'http:\/\/www.apucarana.pr.gov.br\/ame\/wp-content\/uploads\/2017\/07\/POLOEDSON-DENOBI06.jpg', '', 'http:\/\/www.apucarana.pr.gov.br\/ame\/polo-da-uab-esta-com-inscricoes-abertas-para-tres-cursos-de-especializacao-na-area-da-educacao\/'); });<\/script><\/div><script> jQuery(\".socialMediaOnEveryPost\").addClass(\"sgmb-left\") <\/script>","protected":false},"excerpt":{"rendered":"<p>As p\u00f3s-gradua\u00e7\u00f5es em M\u00e9todos e T\u00e9cnicas de Ensino, Doc\u00eancia na Educa\u00e7\u00e3o Infantil e Ensino e Pesquisa na Ci\u00eancia Geogr\u00e1fica s\u00e3o ofertadas respectivamente pela Universidade Tecnol\u00f3gica Federal do Paran\u00e1 (UTFPR), Universidade Estadual de Ponta Grossa (UEPG) e Universidade Estadual do Centro-Oeste (Unicentro)<\/p>\n","protected":false},"author":10,"featured_media":6216,"comment_status":"closed","ping_status":"open","sticky":false,"template":"","format":"standard","meta":[],"categories":[9],"tags":[],"_links":{"self":[{"href":"http:\/\/www.apucarana.pr.gov.br\/ame\/wp-json\/wp\/v2\/posts\/10908"}],"collection":[{"href":"http:\/\/www.apucarana.pr.gov.br\/ame\/wp-json\/wp\/v2\/posts"}],"about":[{"href":"http:\/\/www.apucarana.pr.gov.br\/ame\/wp-json\/wp\/v2\/types\/post"}],"author":[{"embeddable":true,"href":"http:\/\/www.apucarana.pr.gov.br\/ame\/wp-json\/wp\/v2\/users\/10"}],"replies":[{"embeddable":true,"href":"http:\/\/www.apucarana.pr.gov.br\/ame\/wp-json\/wp\/v2\/comments?post=10908"}],"version-history":[{"count":1,"href":"http:\/\/www.apucarana.pr.gov.br\/ame\/wp-json\/wp\/v2\/posts\/10908\/revisions"}],"predecessor-version":[{"id":10909,"href":"http:\/\/www.apucarana.pr.gov.br\/ame\/wp-json\/wp\/v2\/posts\/10908\/revisions\/10909"}],"wp:featuredmedia":[{"embeddable":true,"href":"http:\/\/www.apucarana.pr.gov.br\/ame\/wp-json\/wp\/v2\/media\/6216"}],"wp:attachment":[{"href":"http:\/\/www.apucarana.pr.gov.br\/ame\/wp-json\/wp\/v2\/media?parent=10908"}],"wp:term":[{"taxonomy":"category","embeddable":true,"href":"http:\/\/www.apucarana.pr.gov.br\/ame\/wp-json\/wp\/v2\/categories?post=10908"},{"taxonomy":"post_tag","embeddable":true,"href":"http:\/\/www.apucarana.pr.gov.br\/ame\/wp-json\/wp\/v2\/tags?post=10908"}],"curies":[{"name":"wp","href":"https:\/\/api.w.org\/{rel}","templated":true}]}}