{"id":10905,"date":"2022-07-18T13:17:04","date_gmt":"2022-07-18T16:17:04","guid":{"rendered":"http:\/\/www.apucarana.pr.gov.br\/ame\/?p=10905"},"modified":"2024-10-08T09:09:44","modified_gmt":"2024-10-08T12:09:44","slug":"polo-da-uab-esta-com-inscricoes-abertas-para-especializacao-em-geografia","status":"publish","type":"post","link":"http:\/\/www.apucarana.pr.gov.br\/ame\/polo-da-uab-esta-com-inscricoes-abertas-para-especializacao-em-geografia\/","title":{"rendered":"Polo da UAB est\u00e1 com inscri\u00e7\u00f5es abertas para especializa\u00e7\u00e3o em Geografia"},"content":{"rendered":"<p>O polo apucaranense da Universidade Aberta do Brasil (Polo da UAB) comunica que est\u00e1 com inscri\u00e7\u00f5es abertas para o curso de especializa\u00e7\u00e3o em Ensino e Pesquisa na Ci\u00eancia Geogr\u00e1fica. A p\u00f3s-gradua\u00e7\u00e3o ser\u00e1 ofertada, na modalidade de Educa\u00e7\u00e3o a Dist\u00e2ncia, pela Universidade Estadual do Centro-Oeste (Unicentro).<\/p>\n<p>De acordo com o edital n\u00ba 114\/2022, s\u00e3o 25 vagas destinadas ao Polo da UAB de Apucarana. \u201cPodem inscrever-se os candidatos que tenham conclu\u00eddo a gradua\u00e7\u00e3o, licenciatura ou bacharelado, em Geografia ou qualquer outra \u00e1rea de Ci\u00eancias Humanas. A Unicentro \u00e9 uma institui\u00e7\u00e3o que possui vasta experi\u00eancia na Educa\u00e7\u00e3o a Dist\u00e2ncia. Os cursos que eles ofertam s\u00e3o de excelente qualidade,\u201d afirmou a secret\u00e1ria municipal de educa\u00e7\u00e3o, Marli Fernandes.<\/p>\n<p>Os interessados na especializa\u00e7\u00e3o em Ensino e Pesquisa na Ci\u00eancia Geogr\u00e1fica devem realizar a inscri\u00e7\u00e3o at\u00e9 o pr\u00f3ximo dia 31 de julho, exclusivamente pela internet, acessando o endere\u00e7o eletr\u00f4nico: <a href=\"https:\/\/evento.unicentro.br\/site\/nead-esp\/2022\/1\">https:\/\/evento.unicentro.br\/site\/nead-esp\/2022\/1<\/a>.<\/p>\n<p>\u201cOs documentos exigidos no ato da inscri\u00e7\u00e3o s\u00e3o o diploma de conclus\u00e3o do curso de gradua\u00e7\u00e3o, c\u00f3pia autenticada da carteira de identidade (RG), fotoc\u00f3pia do Cadastro de Pessoa F\u00edsica (CPF), requerimento de matr\u00edcula e comprovante de experi\u00eancia profissional. As aulas ser\u00e3o ministradas por meio de plataforma online, mas teremos tamb\u00e9m algumas atividades presenciais no polo da cidade,\u201d detalhou a coordenadora do Polo da UAB de Apucarana, Sueli Gomes R\u00eais Gon\u00e7alves.<\/p>\n<p>Mais informa\u00e7\u00f5es sobre a especializa\u00e7\u00e3o em Ensino e Pesquisa Geogr\u00e1fica podem ser obtidas pelo telefone (43) 3425-1603. O edital n\u00ba 114\/2022 encontra-se dispon\u00edvel em: <a href=\"https:\/\/ead.unicentro.br\/editais\/wp-content\/uploads\/sites\/27\/2022\/07\/EDITAL-114-2022-ABERTURA-Especializacoes.pdf\">https:\/\/ead.unicentro.br\/editais\/wp-content\/uploads\/sites\/27\/2022\/07\/EDITAL-114-2022-ABERTURA-Especializacoes.pdf<\/a>.<\/p>\n<div class = 'socialMediaOnEveryPost'>Compartilhe<div id=\"sgmbShare1-1\" class=\"sgmbShare jssocials-theme-classic sgmbWidget1-1\"><\/div><div class=\"dropdownWrapper dropdownWrapper1 dropdownWrapper-for-widget \" id=\"dropdownWrapper-for-widget\">\r\n\t\t\t\t\t\t<div class=\"dropdownLabel\" id=\"dropdownLabel-share-list\"><span class=\"sgmbButtonListLabel1\">Share List<\/span><\/div>\r\n\t\t\t\t\t\t<div class=\"dropdownPanel dropdownPanel1-1\">\r\n\t\t\t\t\t\t<\/div>\r\n\t\t\t\t\t<\/div><script>  SGMB_URL = \"http:\/\/www.apucarana.pr.gov.br\/ame\/wp-content\/plugins\/social-media-builder\/\"; jQuery(\".dropdownWrapper\").hide(); SGMB_GOOGLE_ACOUNT = \"\"; <\/script><script type=\"text\/javascript\">\r\n\t\tjQuery(document).ready(function($){var widget = new SGMBWidget();widget.show({\"id\":\"1\",\"title\":\"Face\\\/Twitter\",\"options\":{\"currentUrl\":\"1\",\"url\":\"\",\"shareText\":\"\",\"fontSize\":\"14\",\"betweenButtons\":\"1px\",\"theme\":\"classic\",\"sgmbButtonsPosition\":\"bottomLeft\",\"socialTheme\":\"\",\"icon\":\"default\",\"buttonsPanelEffect\":\"No Effect\",\"buttonsEffect\":\"No Effect\",\"iconsEffect\":\"No Effect\",\"buttons\":\"{\\\"facebook\\\":{\\\"label\\\":\\\"Share\\\",\\\"icon\\\":\\\"default-facebook\\\"},\\\"twitter\\\":{\\\"label\\\":\\\"Tweet\\\",\\\"icon\\\":\\\"default-twitter\\\",\\\"via\\\":\\\"\\\",\\\"hashtags\\\":\\\"\\\"}}\",\"roundButton\":\"\",\"showLabels\":\"\",\"showCounts\":\"\",\"showCenter\":\"\",\"showButtonsAsList\":\"\",\"sgmbDropdownColor\":\"\",\"sgmbDropdownLabelFontSize\":\"14\",\"sgmbDropdownLabelColor\":\"\",\"showButtonsOnEveryPost\":\"on\",\"selectedOrExcluded\":\"\",\"showButtonsOnEveryPage\":\"\",\"textOnEveryPost\":\"Compartilhe\",\"showButtonsOnCustomPost\":\"\",\"textOnCustomPost\":\"\",\"showButtonsOnMobileDirect\":\"on\",\"showButtonsOnDesktopDirect\":\"on\",\"sgmbSelectedPages\":[\"\"],\"sgmbExcludedPosts\":[\"\"],\"sgmbSelectedCustomPosts\":[],\"showButtonsInPopup\":\"\",\"titleOfPopup\":\"\",\"descriptionOfPopup\":\"\",\"showPopupOnLoad\":\"\",\"showPopupOnScroll\":\"\",\"showPopupOnExit\":\"\",\"openSecondsOfPopup\":\"\",\"googleAnaliticsAccount\":\"\"},\"buttonOptions\":{\"facebook\":{\"label\":\"Share\",\"icon\":\"default-facebook\"},\"twitter\":{\"label\":\"Tweet\",\"icon\":\"default-twitter\",\"via\":\"\",\"hashtags\":\"\"}},\"button\":[\"facebook\",\"twitter\"]}, 1, '', 'http:\/\/www.apucarana.pr.gov.br\/ame\/wp-content\/uploads\/2022\/03\/POLOEDSON-DENOBI06.jpg', '', 'http:\/\/www.apucarana.pr.gov.br\/ame\/polo-da-uab-esta-com-inscricoes-abertas-para-especializacao-em-geografia\/'); });<\/script><\/div><script> jQuery(\".socialMediaOnEveryPost\").addClass(\"sgmb-left\") <\/script>","protected":false},"excerpt":{"rendered":"<p>Podem candidata-se pessoas que tenham conclu\u00eddo a gradua\u00e7\u00e3o, licenciatura ou bacharelado, em Geografia ou qualquer outra \u00e1rea de Ci\u00eancias Humanas<\/p>\n","protected":false},"author":10,"featured_media":10356,"comment_status":"closed","ping_status":"open","sticky":false,"template":"","format":"standard","meta":[],"categories":[9],"tags":[],"_links":{"self":[{"href":"http:\/\/www.apucarana.pr.gov.br\/ame\/wp-json\/wp\/v2\/posts\/10905"}],"collection":[{"href":"http:\/\/www.apucarana.pr.gov.br\/ame\/wp-json\/wp\/v2\/posts"}],"about":[{"href":"http:\/\/www.apucarana.pr.gov.br\/ame\/wp-json\/wp\/v2\/types\/post"}],"author":[{"embeddable":true,"href":"http:\/\/www.apucarana.pr.gov.br\/ame\/wp-json\/wp\/v2\/users\/10"}],"replies":[{"embeddable":true,"href":"http:\/\/www.apucarana.pr.gov.br\/ame\/wp-json\/wp\/v2\/comments?post=10905"}],"version-history":[{"count":1,"href":"http:\/\/www.apucarana.pr.gov.br\/ame\/wp-json\/wp\/v2\/posts\/10905\/revisions"}],"predecessor-version":[{"id":10907,"href":"http:\/\/www.apucarana.pr.gov.br\/ame\/wp-json\/wp\/v2\/posts\/10905\/revisions\/10907"}],"wp:featuredmedia":[{"embeddable":true,"href":"http:\/\/www.apucarana.pr.gov.br\/ame\/wp-json\/wp\/v2\/media\/10356"}],"wp:attachment":[{"href":"http:\/\/www.apucarana.pr.gov.br\/ame\/wp-json\/wp\/v2\/media?parent=10905"}],"wp:term":[{"taxonomy":"category","embeddable":true,"href":"http:\/\/www.apucarana.pr.gov.br\/ame\/wp-json\/wp\/v2\/categories?post=10905"},{"taxonomy":"post_tag","embeddable":true,"href":"http:\/\/www.apucarana.pr.gov.br\/ame\/wp-json\/wp\/v2\/tags?post=10905"}],"curies":[{"name":"wp","href":"https:\/\/api.w.org\/{rel}","templated":true}]}}