{"id":10902,"date":"2022-07-15T18:02:11","date_gmt":"2022-07-15T21:02:11","guid":{"rendered":"http:\/\/www.apucarana.pr.gov.br\/ame\/?p=10902"},"modified":"2024-10-08T09:09:44","modified_gmt":"2024-10-08T12:09:44","slug":"autarquia-municipal-de-educacao-emite-nota-de-pesar-pelo-falecimento-de-professora","status":"publish","type":"post","link":"http:\/\/www.apucarana.pr.gov.br\/ame\/autarquia-municipal-de-educacao-emite-nota-de-pesar-pelo-falecimento-de-professora\/","title":{"rendered":"Autarquia Municipal de Educa\u00e7\u00e3o emite nota de pesar pelo falecimento de professora"},"content":{"rendered":"<p>A Autarquia de Educa\u00e7\u00e3o comunica, com profundo pesar, o falecimento da professora Edilene Cristina de Souza Freitas, aos 47 anos.<\/p>\n<p>Professora Edilene era servidora efetiva da rede municipal de Apucarana desde 23 de fevereiro de 1999. Ela atuou na Escola Senador Marcos de Barros Freire at\u00e9 2008 e estava lotada atualmente na Escola Professor Bento Fernandes Dias.<\/p>\n<p>\u201cA principal caracter\u00edstica da professora Edilene, que vamos nos lembrar para sempre, era o seu sorriso contagiante. Muito querida, bondosa e atenciosa, ela estava sempre disposta a ajudar a todos ao seu redor,\u201d falou a secret\u00e1ria Marli Fernandes.<\/p>\n<p>O prefeito Junior da Femac tamb\u00e9m lamentou a perda da profissional. \u201cDesde 2019, professora Edilene estava afastada das suas fun\u00e7\u00f5es para a realiza\u00e7\u00e3o de um tratamento de sa\u00fade. Infelizmente, recebemos a triste not\u00edcia da partida dela na tarde de hoje. Que Deus a receba na casa divina e conforte os cora\u00e7\u00f5es dos familiares e amigos enlutados,\u201d disse.<\/p>\n<p>O vel\u00f3rio da professora Edilene Cristina de Souza Freitas ser\u00e1 realizado na Capela Central de Apucarana a partir das 18 horas. O sepultamento, por sua vez, ser\u00e1 neste s\u00e1bado (16\/7), em local e hor\u00e1rio ainda a serem definidos.<\/p>\n<div class = 'socialMediaOnEveryPost'>Compartilhe<div id=\"sgmbShare1-1\" class=\"sgmbShare jssocials-theme-classic sgmbWidget1-1\"><\/div><div class=\"dropdownWrapper dropdownWrapper1 dropdownWrapper-for-widget \" id=\"dropdownWrapper-for-widget\">\r\n\t\t\t\t\t\t<div class=\"dropdownLabel\" id=\"dropdownLabel-share-list\"><span class=\"sgmbButtonListLabel1\">Share List<\/span><\/div>\r\n\t\t\t\t\t\t<div class=\"dropdownPanel dropdownPanel1-1\">\r\n\t\t\t\t\t\t<\/div>\r\n\t\t\t\t\t<\/div><script>  SGMB_URL = \"http:\/\/www.apucarana.pr.gov.br\/ame\/wp-content\/plugins\/social-media-builder\/\"; jQuery(\".dropdownWrapper\").hide(); SGMB_GOOGLE_ACOUNT = \"\"; <\/script><script type=\"text\/javascript\">\r\n\t\tjQuery(document).ready(function($){var widget = new SGMBWidget();widget.show({\"id\":\"1\",\"title\":\"Face\\\/Twitter\",\"options\":{\"currentUrl\":\"1\",\"url\":\"\",\"shareText\":\"\",\"fontSize\":\"14\",\"betweenButtons\":\"1px\",\"theme\":\"classic\",\"sgmbButtonsPosition\":\"bottomLeft\",\"socialTheme\":\"\",\"icon\":\"default\",\"buttonsPanelEffect\":\"No Effect\",\"buttonsEffect\":\"No Effect\",\"iconsEffect\":\"No Effect\",\"buttons\":\"{\\\"facebook\\\":{\\\"label\\\":\\\"Share\\\",\\\"icon\\\":\\\"default-facebook\\\"},\\\"twitter\\\":{\\\"label\\\":\\\"Tweet\\\",\\\"icon\\\":\\\"default-twitter\\\",\\\"via\\\":\\\"\\\",\\\"hashtags\\\":\\\"\\\"}}\",\"roundButton\":\"\",\"showLabels\":\"\",\"showCounts\":\"\",\"showCenter\":\"\",\"showButtonsAsList\":\"\",\"sgmbDropdownColor\":\"\",\"sgmbDropdownLabelFontSize\":\"14\",\"sgmbDropdownLabelColor\":\"\",\"showButtonsOnEveryPost\":\"on\",\"selectedOrExcluded\":\"\",\"showButtonsOnEveryPage\":\"\",\"textOnEveryPost\":\"Compartilhe\",\"showButtonsOnCustomPost\":\"\",\"textOnCustomPost\":\"\",\"showButtonsOnMobileDirect\":\"on\",\"showButtonsOnDesktopDirect\":\"on\",\"sgmbSelectedPages\":[\"\"],\"sgmbExcludedPosts\":[\"\"],\"sgmbSelectedCustomPosts\":[],\"showButtonsInPopup\":\"\",\"titleOfPopup\":\"\",\"descriptionOfPopup\":\"\",\"showPopupOnLoad\":\"\",\"showPopupOnScroll\":\"\",\"showPopupOnExit\":\"\",\"openSecondsOfPopup\":\"\",\"googleAnaliticsAccount\":\"\"},\"buttonOptions\":{\"facebook\":{\"label\":\"Share\",\"icon\":\"default-facebook\"},\"twitter\":{\"label\":\"Tweet\",\"icon\":\"default-twitter\",\"via\":\"\",\"hashtags\":\"\"}},\"button\":[\"facebook\",\"twitter\"]}, 1, '', 'http:\/\/www.apucarana.pr.gov.br\/ame\/wp-content\/uploads\/2022\/07\/WhatsApp-Image-2022-07-15-at-14.50.59.jpeg', '', 'http:\/\/www.apucarana.pr.gov.br\/ame\/autarquia-municipal-de-educacao-emite-nota-de-pesar-pelo-falecimento-de-professora\/'); });<\/script><\/div><script> jQuery(\".socialMediaOnEveryPost\").addClass(\"sgmb-left\") <\/script>","protected":false},"excerpt":{"rendered":"<p>O vel\u00f3rio da professora Edilene Cristina de Souza Freitas ser\u00e1 realizado na Capela Central de Apucarana a partir das 18 horas<\/p>\n","protected":false},"author":10,"featured_media":10903,"comment_status":"closed","ping_status":"open","sticky":false,"template":"","format":"standard","meta":[],"categories":[9],"tags":[],"_links":{"self":[{"href":"http:\/\/www.apucarana.pr.gov.br\/ame\/wp-json\/wp\/v2\/posts\/10902"}],"collection":[{"href":"http:\/\/www.apucarana.pr.gov.br\/ame\/wp-json\/wp\/v2\/posts"}],"about":[{"href":"http:\/\/www.apucarana.pr.gov.br\/ame\/wp-json\/wp\/v2\/types\/post"}],"author":[{"embeddable":true,"href":"http:\/\/www.apucarana.pr.gov.br\/ame\/wp-json\/wp\/v2\/users\/10"}],"replies":[{"embeddable":true,"href":"http:\/\/www.apucarana.pr.gov.br\/ame\/wp-json\/wp\/v2\/comments?post=10902"}],"version-history":[{"count":1,"href":"http:\/\/www.apucarana.pr.gov.br\/ame\/wp-json\/wp\/v2\/posts\/10902\/revisions"}],"predecessor-version":[{"id":10904,"href":"http:\/\/www.apucarana.pr.gov.br\/ame\/wp-json\/wp\/v2\/posts\/10902\/revisions\/10904"}],"wp:featuredmedia":[{"embeddable":true,"href":"http:\/\/www.apucarana.pr.gov.br\/ame\/wp-json\/wp\/v2\/media\/10903"}],"wp:attachment":[{"href":"http:\/\/www.apucarana.pr.gov.br\/ame\/wp-json\/wp\/v2\/media?parent=10902"}],"wp:term":[{"taxonomy":"category","embeddable":true,"href":"http:\/\/www.apucarana.pr.gov.br\/ame\/wp-json\/wp\/v2\/categories?post=10902"},{"taxonomy":"post_tag","embeddable":true,"href":"http:\/\/www.apucarana.pr.gov.br\/ame\/wp-json\/wp\/v2\/tags?post=10902"}],"curies":[{"name":"wp","href":"https:\/\/api.w.org\/{rel}","templated":true}]}}