{"id":10898,"date":"2022-07-11T13:13:58","date_gmt":"2022-07-11T16:13:58","guid":{"rendered":"http:\/\/www.apucarana.pr.gov.br\/ame\/?p=10898"},"modified":"2024-10-08T09:09:44","modified_gmt":"2024-10-08T12:09:44","slug":"estudantes-entram-em-ferias-na-rede-municipal-de-apucarana","status":"publish","type":"post","link":"http:\/\/www.apucarana.pr.gov.br\/ame\/estudantes-entram-em-ferias-na-rede-municipal-de-apucarana\/","title":{"rendered":"Estudantes entram em f\u00e9rias na rede municipal de Apucarana"},"content":{"rendered":"<p>O primeiro semestre letivo foi conclu\u00eddo na \u00faltima sexta-feira (8\/7) na rede municipal de Apucarana. Durante as pr\u00f3ximas duas semanas, os mais de 12 mil estudantes e mil professores dos 23 centros infantis (CMEIs) e 35 escolas v\u00e3o usufruir das merecidas f\u00e9rias escolares. A volta \u00e0s aulas est\u00e1 marcada para o dia 25 de julho.<\/p>\n<p>\u201cN\u00f3s ficamos muito felizes porque conseguimos retomar as atividades letivas de forma 100% presencial em 2022, depois de dois anos de pandemia. O primeiro semestre foi marcado por um intenso trabalho, no sentido de acolher socioemocionalmente as crian\u00e7as e de nivelar o aprendizado dos alunos de acordo com as suas turmas. Muito obrigada aos diretores, coordenadores, professores e servidores pelo empenho e dedica\u00e7\u00e3o ao longo do semestre. Se a educa\u00e7\u00e3o de Apucarana \u00e9 considerada atualmente a melhor do pa\u00eds, \u00e9 porque temos um time de profissionais de primeira qualidade nos nossos CMEIs e Escolas. Agrade\u00e7o tamb\u00e9m aos pais que confiam a forma\u00e7\u00e3o de seus filhos \u00e0 rede municipal de educa\u00e7\u00e3o,\u201d disse a secret\u00e1ria Marli Fernandes.<\/p>\n<p>O prefeito Junior da Femac destacou que o primeiro semestre letivo tamb\u00e9m foi um per\u00edodo de muitas conquistas. \u201cEntre outras realiza\u00e7\u00f5es, n\u00f3s inauguramos a sede pr\u00f3pria da Autarquia Municipal de Educa\u00e7\u00e3o, entregamos as obras de reforma e amplia\u00e7\u00e3o do CMEI Professora Tatiane Chinelli e das escolas Professor Alcides Ramos e Professor Bento Fernandes Dias, retomamos a constru\u00e7\u00e3o da escola do Jardim Interlagos, implantamos o Sistema Maxi de Ensino nas turmas da pr\u00e9-escola ao 5\u00ba ano, promovemos a primeira edi\u00e7\u00e3o da Escola de Pais, concedemos reajuste salarial aos docentes de acordo com o novo piso do magist\u00e9rio e contratamos quase duzentos novos professores e servidores para refor\u00e7ar a equipe da rede municipal de Apucarana,\u201d enumerou.<\/p>\n<p>\u201cN\u00f3s desejamos f\u00e9rias aben\u00e7oadas aos estudantes e professores. Que voc\u00eas consigam descansar bastante e renovar as energias para o pr\u00f3ximo semestre,\u201d acrescentou a secret\u00e1ria Marli Fernandes.<\/p>\n<div class = 'socialMediaOnEveryPost'>Compartilhe<div id=\"sgmbShare1-1\" class=\"sgmbShare jssocials-theme-classic sgmbWidget1-1\"><\/div><div class=\"dropdownWrapper dropdownWrapper1 dropdownWrapper-for-widget \" id=\"dropdownWrapper-for-widget\">\r\n\t\t\t\t\t\t<div class=\"dropdownLabel\" id=\"dropdownLabel-share-list\"><span class=\"sgmbButtonListLabel1\">Share List<\/span><\/div>\r\n\t\t\t\t\t\t<div class=\"dropdownPanel dropdownPanel1-1\">\r\n\t\t\t\t\t\t<\/div>\r\n\t\t\t\t\t<\/div><script>  SGMB_URL = \"http:\/\/www.apucarana.pr.gov.br\/ame\/wp-content\/plugins\/social-media-builder\/\"; jQuery(\".dropdownWrapper\").hide(); SGMB_GOOGLE_ACOUNT = \"\"; <\/script><script type=\"text\/javascript\">\r\n\t\tjQuery(document).ready(function($){var widget = new SGMBWidget();widget.show({\"id\":\"1\",\"title\":\"Face\\\/Twitter\",\"options\":{\"currentUrl\":\"1\",\"url\":\"\",\"shareText\":\"\",\"fontSize\":\"14\",\"betweenButtons\":\"1px\",\"theme\":\"classic\",\"sgmbButtonsPosition\":\"bottomLeft\",\"socialTheme\":\"\",\"icon\":\"default\",\"buttonsPanelEffect\":\"No Effect\",\"buttonsEffect\":\"No Effect\",\"iconsEffect\":\"No Effect\",\"buttons\":\"{\\\"facebook\\\":{\\\"label\\\":\\\"Share\\\",\\\"icon\\\":\\\"default-facebook\\\"},\\\"twitter\\\":{\\\"label\\\":\\\"Tweet\\\",\\\"icon\\\":\\\"default-twitter\\\",\\\"via\\\":\\\"\\\",\\\"hashtags\\\":\\\"\\\"}}\",\"roundButton\":\"\",\"showLabels\":\"\",\"showCounts\":\"\",\"showCenter\":\"\",\"showButtonsAsList\":\"\",\"sgmbDropdownColor\":\"\",\"sgmbDropdownLabelFontSize\":\"14\",\"sgmbDropdownLabelColor\":\"\",\"showButtonsOnEveryPost\":\"on\",\"selectedOrExcluded\":\"\",\"showButtonsOnEveryPage\":\"\",\"textOnEveryPost\":\"Compartilhe\",\"showButtonsOnCustomPost\":\"\",\"textOnCustomPost\":\"\",\"showButtonsOnMobileDirect\":\"on\",\"showButtonsOnDesktopDirect\":\"on\",\"sgmbSelectedPages\":[\"\"],\"sgmbExcludedPosts\":[\"\"],\"sgmbSelectedCustomPosts\":[],\"showButtonsInPopup\":\"\",\"titleOfPopup\":\"\",\"descriptionOfPopup\":\"\",\"showPopupOnLoad\":\"\",\"showPopupOnScroll\":\"\",\"showPopupOnExit\":\"\",\"openSecondsOfPopup\":\"\",\"googleAnaliticsAccount\":\"\"},\"buttonOptions\":{\"facebook\":{\"label\":\"Share\",\"icon\":\"default-facebook\"},\"twitter\":{\"label\":\"Tweet\",\"icon\":\"default-twitter\",\"via\":\"\",\"hashtags\":\"\"}},\"button\":[\"facebook\",\"twitter\"]}, 1, '', 'http:\/\/www.apucarana.pr.gov.br\/ame\/wp-content\/uploads\/2022\/07\/25042017-IMG_8074-scaled.jpg', '', 'http:\/\/www.apucarana.pr.gov.br\/ame\/estudantes-entram-em-ferias-na-rede-municipal-de-apucarana\/'); });<\/script><\/div><script> jQuery(\".socialMediaOnEveryPost\").addClass(\"sgmb-left\") <\/script>","protected":false},"excerpt":{"rendered":"<p>Os 23 CMEIS e 35 escolas do munic\u00edpio devem retomar as atividades letivas no dia 25 de julho <\/p>\n","protected":false},"author":10,"featured_media":10899,"comment_status":"closed","ping_status":"open","sticky":false,"template":"","format":"standard","meta":[],"categories":[9],"tags":[],"_links":{"self":[{"href":"http:\/\/www.apucarana.pr.gov.br\/ame\/wp-json\/wp\/v2\/posts\/10898"}],"collection":[{"href":"http:\/\/www.apucarana.pr.gov.br\/ame\/wp-json\/wp\/v2\/posts"}],"about":[{"href":"http:\/\/www.apucarana.pr.gov.br\/ame\/wp-json\/wp\/v2\/types\/post"}],"author":[{"embeddable":true,"href":"http:\/\/www.apucarana.pr.gov.br\/ame\/wp-json\/wp\/v2\/users\/10"}],"replies":[{"embeddable":true,"href":"http:\/\/www.apucarana.pr.gov.br\/ame\/wp-json\/wp\/v2\/comments?post=10898"}],"version-history":[{"count":1,"href":"http:\/\/www.apucarana.pr.gov.br\/ame\/wp-json\/wp\/v2\/posts\/10898\/revisions"}],"predecessor-version":[{"id":10900,"href":"http:\/\/www.apucarana.pr.gov.br\/ame\/wp-json\/wp\/v2\/posts\/10898\/revisions\/10900"}],"wp:featuredmedia":[{"embeddable":true,"href":"http:\/\/www.apucarana.pr.gov.br\/ame\/wp-json\/wp\/v2\/media\/10899"}],"wp:attachment":[{"href":"http:\/\/www.apucarana.pr.gov.br\/ame\/wp-json\/wp\/v2\/media?parent=10898"}],"wp:term":[{"taxonomy":"category","embeddable":true,"href":"http:\/\/www.apucarana.pr.gov.br\/ame\/wp-json\/wp\/v2\/categories?post=10898"},{"taxonomy":"post_tag","embeddable":true,"href":"http:\/\/www.apucarana.pr.gov.br\/ame\/wp-json\/wp\/v2\/tags?post=10898"}],"curies":[{"name":"wp","href":"https:\/\/api.w.org\/{rel}","templated":true}]}}