{"id":10894,"date":"2022-07-08T16:07:35","date_gmt":"2022-07-08T19:07:35","guid":{"rendered":"http:\/\/www.apucarana.pr.gov.br\/ame\/?p=10894"},"modified":"2024-10-08T09:09:44","modified_gmt":"2024-10-08T12:09:44","slug":"autarquia-de-educacao-emite-nota-de-pesar-pelo-falecimento-de-professora","status":"publish","type":"post","link":"http:\/\/www.apucarana.pr.gov.br\/ame\/autarquia-de-educacao-emite-nota-de-pesar-pelo-falecimento-de-professora\/","title":{"rendered":"Autarquia de Educa\u00e7\u00e3o emite nota de pesar pelo falecimento de professora"},"content":{"rendered":"<p>O prefeito Junior da Femac e a secret\u00e1ria Marli Fernandes manifestam profundo pesar pelo falecimento da professora Odete Galan (50 anos), ocorrido na manh\u00e3 desta sexta-feira (8\/7), no Hospital da Provid\u00eancia.<\/p>\n<p>Odete Galan era servidora da rede municipal de educa\u00e7\u00e3o desde 1990, quando iniciou a carreira docente na Escola Rural Marechal Hermes da Fonseca. Ela ainda atuou na Escola Dr.Edson Giacomini e na Escola Professora Marta Pereira da Silva.<\/p>\n<p>\u201cH\u00e1 pouco mais de um ano, professora Odete afastou-se das suas fun\u00e7\u00f5es laborais para a realiza\u00e7\u00e3o de tratamento oncol\u00f3gico. Ela era uma profissional comprometida e amiga valorosa, que certamente far\u00e1 muita falta e deixar\u00e1 saudades entre seus colegas de trabalho,\u201d afirmou a secret\u00e1ria Marli Fernandes.<\/p>\n<p>O corpo da professora Odete Galan ser\u00e1 velado na capela central de Apucarana. O sepultamento, por sua vez, est\u00e1 agendado para amanh\u00e3 (9\/7), \u00e0s 10 horas, no Cemit\u00e9rio Portal do C\u00e9u.<\/p>\n<p>\u201cMeus sinceros sentimentos aos pais da professora Odete, Laura e Jos\u00e9 Galan, ao marido dela, Nivaldo, e a todos os familiares e amigos enlutados,\u201d disse o prefeito Junior da Femac.<\/p>\n<div class = 'socialMediaOnEveryPost'>Compartilhe<div id=\"sgmbShare1-1\" class=\"sgmbShare jssocials-theme-classic sgmbWidget1-1\"><\/div><div class=\"dropdownWrapper dropdownWrapper1 dropdownWrapper-for-widget \" id=\"dropdownWrapper-for-widget\">\r\n\t\t\t\t\t\t<div class=\"dropdownLabel\" id=\"dropdownLabel-share-list\"><span class=\"sgmbButtonListLabel1\">Share List<\/span><\/div>\r\n\t\t\t\t\t\t<div class=\"dropdownPanel dropdownPanel1-1\">\r\n\t\t\t\t\t\t<\/div>\r\n\t\t\t\t\t<\/div><script>  SGMB_URL = \"http:\/\/www.apucarana.pr.gov.br\/ame\/wp-content\/plugins\/social-media-builder\/\"; jQuery(\".dropdownWrapper\").hide(); SGMB_GOOGLE_ACOUNT = \"\"; <\/script><script type=\"text\/javascript\">\r\n\t\tjQuery(document).ready(function($){var widget = new SGMBWidget();widget.show({\"id\":\"1\",\"title\":\"Face\\\/Twitter\",\"options\":{\"currentUrl\":\"1\",\"url\":\"\",\"shareText\":\"\",\"fontSize\":\"14\",\"betweenButtons\":\"1px\",\"theme\":\"classic\",\"sgmbButtonsPosition\":\"bottomLeft\",\"socialTheme\":\"\",\"icon\":\"default\",\"buttonsPanelEffect\":\"No Effect\",\"buttonsEffect\":\"No Effect\",\"iconsEffect\":\"No Effect\",\"buttons\":\"{\\\"facebook\\\":{\\\"label\\\":\\\"Share\\\",\\\"icon\\\":\\\"default-facebook\\\"},\\\"twitter\\\":{\\\"label\\\":\\\"Tweet\\\",\\\"icon\\\":\\\"default-twitter\\\",\\\"via\\\":\\\"\\\",\\\"hashtags\\\":\\\"\\\"}}\",\"roundButton\":\"\",\"showLabels\":\"\",\"showCounts\":\"\",\"showCenter\":\"\",\"showButtonsAsList\":\"\",\"sgmbDropdownColor\":\"\",\"sgmbDropdownLabelFontSize\":\"14\",\"sgmbDropdownLabelColor\":\"\",\"showButtonsOnEveryPost\":\"on\",\"selectedOrExcluded\":\"\",\"showButtonsOnEveryPage\":\"\",\"textOnEveryPost\":\"Compartilhe\",\"showButtonsOnCustomPost\":\"\",\"textOnCustomPost\":\"\",\"showButtonsOnMobileDirect\":\"on\",\"showButtonsOnDesktopDirect\":\"on\",\"sgmbSelectedPages\":[\"\"],\"sgmbExcludedPosts\":[\"\"],\"sgmbSelectedCustomPosts\":[],\"showButtonsInPopup\":\"\",\"titleOfPopup\":\"\",\"descriptionOfPopup\":\"\",\"showPopupOnLoad\":\"\",\"showPopupOnScroll\":\"\",\"showPopupOnExit\":\"\",\"openSecondsOfPopup\":\"\",\"googleAnaliticsAccount\":\"\"},\"buttonOptions\":{\"facebook\":{\"label\":\"Share\",\"icon\":\"default-facebook\"},\"twitter\":{\"label\":\"Tweet\",\"icon\":\"default-twitter\",\"via\":\"\",\"hashtags\":\"\"}},\"button\":[\"facebook\",\"twitter\"]}, 1, '', 'http:\/\/www.apucarana.pr.gov.br\/ame\/wp-content\/uploads\/2022\/07\/Odete-Galan-1.jpg', '', 'http:\/\/www.apucarana.pr.gov.br\/ame\/autarquia-de-educacao-emite-nota-de-pesar-pelo-falecimento-de-professora\/'); });<\/script><\/div><script> jQuery(\".socialMediaOnEveryPost\").addClass(\"sgmb-left\") <\/script>","protected":false},"excerpt":{"rendered":"<p>Odete Galan era servidora da rede municipal de educa\u00e7\u00e3o desde 1990, quando iniciou a carreira docente na Escola Rural Marechal Hermes da Fonseca<\/p>\n","protected":false},"author":10,"featured_media":10895,"comment_status":"closed","ping_status":"open","sticky":false,"template":"","format":"standard","meta":[],"categories":[9],"tags":[],"_links":{"self":[{"href":"http:\/\/www.apucarana.pr.gov.br\/ame\/wp-json\/wp\/v2\/posts\/10894"}],"collection":[{"href":"http:\/\/www.apucarana.pr.gov.br\/ame\/wp-json\/wp\/v2\/posts"}],"about":[{"href":"http:\/\/www.apucarana.pr.gov.br\/ame\/wp-json\/wp\/v2\/types\/post"}],"author":[{"embeddable":true,"href":"http:\/\/www.apucarana.pr.gov.br\/ame\/wp-json\/wp\/v2\/users\/10"}],"replies":[{"embeddable":true,"href":"http:\/\/www.apucarana.pr.gov.br\/ame\/wp-json\/wp\/v2\/comments?post=10894"}],"version-history":[{"count":2,"href":"http:\/\/www.apucarana.pr.gov.br\/ame\/wp-json\/wp\/v2\/posts\/10894\/revisions"}],"predecessor-version":[{"id":10897,"href":"http:\/\/www.apucarana.pr.gov.br\/ame\/wp-json\/wp\/v2\/posts\/10894\/revisions\/10897"}],"wp:featuredmedia":[{"embeddable":true,"href":"http:\/\/www.apucarana.pr.gov.br\/ame\/wp-json\/wp\/v2\/media\/10895"}],"wp:attachment":[{"href":"http:\/\/www.apucarana.pr.gov.br\/ame\/wp-json\/wp\/v2\/media?parent=10894"}],"wp:term":[{"taxonomy":"category","embeddable":true,"href":"http:\/\/www.apucarana.pr.gov.br\/ame\/wp-json\/wp\/v2\/categories?post=10894"},{"taxonomy":"post_tag","embeddable":true,"href":"http:\/\/www.apucarana.pr.gov.br\/ame\/wp-json\/wp\/v2\/tags?post=10894"}],"curies":[{"name":"wp","href":"https:\/\/api.w.org\/{rel}","templated":true}]}}