{"id":10891,"date":"2022-07-07T18:16:05","date_gmt":"2022-07-07T21:16:05","guid":{"rendered":"http:\/\/www.apucarana.pr.gov.br\/ame\/?p=10891"},"modified":"2024-10-08T09:09:44","modified_gmt":"2024-10-08T12:09:44","slug":"apucarana-lanca-campanha-de-aquisicao-dos-documentos-pessoais-na-infancia","status":"publish","type":"post","link":"http:\/\/www.apucarana.pr.gov.br\/ame\/apucarana-lanca-campanha-de-aquisicao-dos-documentos-pessoais-na-infancia\/","title":{"rendered":"Apucarana lan\u00e7a campanha de aquisi\u00e7\u00e3o dos documentos pessoais na inf\u00e2ncia"},"content":{"rendered":"<p>A Prefeitura de Apucarana e a Autarquia de Educa\u00e7\u00e3o realizam, na tarde de hoje (7\/7), o lan\u00e7amento da campanha Aquisi\u00e7\u00e3o dos documentos na inf\u00e2ncia: direito social e patrim\u00f4nio pessoal. O objetivo da a\u00e7\u00e3o \u00e9 garantir que todas as crian\u00e7as matriculadas na rede municipal de ensino sejam inscritas no Cadastro de Pessoa F\u00edsica (CPF).<\/p>\n<p>\u201cDe acordo com um levantamento que realizamos recentemente, dos 12 mil estudantes matriculados na nossa rede, 2.546 ainda n\u00e3o possuem esse documento,\u201d afirmou a secret\u00e1ria de educa\u00e7\u00e3o, Marli Fernandes.<\/p>\n<p>O prefeito Junior da Femac destacou que o CPF \u00e9 de suma import\u00e2ncia no cotidiano do brasileiro. \u201cSem ele, o cidad\u00e3o fica impedido, por exemplo, de abrir conta banc\u00e1ria, comprar ou vender quaisquer bens, prestar concurso p\u00fablico, ingressar em universidades e muito mais. Desde 2019, a Receita Federal passou a exigir tamb\u00e9m que os contribuintes informem, na declara\u00e7\u00e3o do imposto de renda, o CPF dos seus dependentes de todas as idades,\u201d disse.<\/p>\n<p>Por meio da campanha Aquisi\u00e7\u00e3o dos documentos na inf\u00e2ncia: direito social e patrim\u00f4nio pessoal, os secret\u00e1rios das escolas municipais receber\u00e3o treinamento e far\u00e3o a inscri\u00e7\u00e3o das crian\u00e7as no Cadastro de Pessoa F\u00edsica (CPF). \u201cO servi\u00e7o ser\u00e1 prestado de acordo com um cronograma, a ser definido e enviado \u00e0s fam\u00edlias, e com a devida autoriza\u00e7\u00e3o dos pais dos estudantes\u201d acrescentou a secret\u00e1ria de educa\u00e7\u00e3o.<\/p>\n<div class = 'socialMediaOnEveryPost'>Compartilhe<div id=\"sgmbShare1-1\" class=\"sgmbShare jssocials-theme-classic sgmbWidget1-1\"><\/div><div class=\"dropdownWrapper dropdownWrapper1 dropdownWrapper-for-widget \" id=\"dropdownWrapper-for-widget\">\r\n\t\t\t\t\t\t<div class=\"dropdownLabel\" id=\"dropdownLabel-share-list\"><span class=\"sgmbButtonListLabel1\">Share List<\/span><\/div>\r\n\t\t\t\t\t\t<div class=\"dropdownPanel dropdownPanel1-1\">\r\n\t\t\t\t\t\t<\/div>\r\n\t\t\t\t\t<\/div><script>  SGMB_URL = \"http:\/\/www.apucarana.pr.gov.br\/ame\/wp-content\/plugins\/social-media-builder\/\"; jQuery(\".dropdownWrapper\").hide(); SGMB_GOOGLE_ACOUNT = \"\"; <\/script><script type=\"text\/javascript\">\r\n\t\tjQuery(document).ready(function($){var widget = new SGMBWidget();widget.show({\"id\":\"1\",\"title\":\"Face\\\/Twitter\",\"options\":{\"currentUrl\":\"1\",\"url\":\"\",\"shareText\":\"\",\"fontSize\":\"14\",\"betweenButtons\":\"1px\",\"theme\":\"classic\",\"sgmbButtonsPosition\":\"bottomLeft\",\"socialTheme\":\"\",\"icon\":\"default\",\"buttonsPanelEffect\":\"No Effect\",\"buttonsEffect\":\"No Effect\",\"iconsEffect\":\"No Effect\",\"buttons\":\"{\\\"facebook\\\":{\\\"label\\\":\\\"Share\\\",\\\"icon\\\":\\\"default-facebook\\\"},\\\"twitter\\\":{\\\"label\\\":\\\"Tweet\\\",\\\"icon\\\":\\\"default-twitter\\\",\\\"via\\\":\\\"\\\",\\\"hashtags\\\":\\\"\\\"}}\",\"roundButton\":\"\",\"showLabels\":\"\",\"showCounts\":\"\",\"showCenter\":\"\",\"showButtonsAsList\":\"\",\"sgmbDropdownColor\":\"\",\"sgmbDropdownLabelFontSize\":\"14\",\"sgmbDropdownLabelColor\":\"\",\"showButtonsOnEveryPost\":\"on\",\"selectedOrExcluded\":\"\",\"showButtonsOnEveryPage\":\"\",\"textOnEveryPost\":\"Compartilhe\",\"showButtonsOnCustomPost\":\"\",\"textOnCustomPost\":\"\",\"showButtonsOnMobileDirect\":\"on\",\"showButtonsOnDesktopDirect\":\"on\",\"sgmbSelectedPages\":[\"\"],\"sgmbExcludedPosts\":[\"\"],\"sgmbSelectedCustomPosts\":[],\"showButtonsInPopup\":\"\",\"titleOfPopup\":\"\",\"descriptionOfPopup\":\"\",\"showPopupOnLoad\":\"\",\"showPopupOnScroll\":\"\",\"showPopupOnExit\":\"\",\"openSecondsOfPopup\":\"\",\"googleAnaliticsAccount\":\"\"},\"buttonOptions\":{\"facebook\":{\"label\":\"Share\",\"icon\":\"default-facebook\"},\"twitter\":{\"label\":\"Tweet\",\"icon\":\"default-twitter\",\"via\":\"\",\"hashtags\":\"\"}},\"button\":[\"facebook\",\"twitter\"]}, 1, '', 'http:\/\/www.apucarana.pr.gov.br\/ame\/wp-content\/uploads\/2022\/07\/PREMIACAOEDSON-DENOBI-4-scaled.jpg', '', 'http:\/\/www.apucarana.pr.gov.br\/ame\/apucarana-lanca-campanha-de-aquisicao-dos-documentos-pessoais-na-infancia\/'); });<\/script><\/div><script> jQuery(\".socialMediaOnEveryPost\").addClass(\"sgmb-left\") <\/script>","protected":false},"excerpt":{"rendered":"<p>O objetivo da a\u00e7\u00e3o \u00e9 garantir que todas as crian\u00e7as matriculadas na rede municipal de ensino sejam inscritas no Cadastro de Pessoa F\u00edsica (CPF)<\/p>\n","protected":false},"author":10,"featured_media":10882,"comment_status":"closed","ping_status":"open","sticky":false,"template":"","format":"standard","meta":[],"categories":[9],"tags":[],"_links":{"self":[{"href":"http:\/\/www.apucarana.pr.gov.br\/ame\/wp-json\/wp\/v2\/posts\/10891"}],"collection":[{"href":"http:\/\/www.apucarana.pr.gov.br\/ame\/wp-json\/wp\/v2\/posts"}],"about":[{"href":"http:\/\/www.apucarana.pr.gov.br\/ame\/wp-json\/wp\/v2\/types\/post"}],"author":[{"embeddable":true,"href":"http:\/\/www.apucarana.pr.gov.br\/ame\/wp-json\/wp\/v2\/users\/10"}],"replies":[{"embeddable":true,"href":"http:\/\/www.apucarana.pr.gov.br\/ame\/wp-json\/wp\/v2\/comments?post=10891"}],"version-history":[{"count":1,"href":"http:\/\/www.apucarana.pr.gov.br\/ame\/wp-json\/wp\/v2\/posts\/10891\/revisions"}],"predecessor-version":[{"id":10893,"href":"http:\/\/www.apucarana.pr.gov.br\/ame\/wp-json\/wp\/v2\/posts\/10891\/revisions\/10893"}],"wp:featuredmedia":[{"embeddable":true,"href":"http:\/\/www.apucarana.pr.gov.br\/ame\/wp-json\/wp\/v2\/media\/10882"}],"wp:attachment":[{"href":"http:\/\/www.apucarana.pr.gov.br\/ame\/wp-json\/wp\/v2\/media?parent=10891"}],"wp:term":[{"taxonomy":"category","embeddable":true,"href":"http:\/\/www.apucarana.pr.gov.br\/ame\/wp-json\/wp\/v2\/categories?post=10891"},{"taxonomy":"post_tag","embeddable":true,"href":"http:\/\/www.apucarana.pr.gov.br\/ame\/wp-json\/wp\/v2\/tags?post=10891"}],"curies":[{"name":"wp","href":"https:\/\/api.w.org\/{rel}","templated":true}]}}