{"id":10788,"date":"2022-07-06T15:20:18","date_gmt":"2022-07-06T18:20:18","guid":{"rendered":"http:\/\/www.apucarana.pr.gov.br\/ame\/?p=10788"},"modified":"2024-10-08T09:09:44","modified_gmt":"2024-10-08T12:09:44","slug":"prefeito-e-secretaria-lamentam-a-morte-de-ex-professora","status":"publish","type":"post","link":"http:\/\/www.apucarana.pr.gov.br\/ame\/prefeito-e-secretaria-lamentam-a-morte-de-ex-professora\/","title":{"rendered":"Prefeito e secret\u00e1ria lamentam a morte de ex-professora"},"content":{"rendered":"<p>O prefeito Junior da Femac e a secret\u00e1ria Marli Fernandes receberam com profunda tristeza a not\u00edcia do falecimento a professora aposentada C\u00e9lia Maria Gouveia, aos 68 anos.<\/p>\n<p>\u201cProfessora C\u00e9lia trabalhou por mais de duas d\u00e9cadas na nossa rede, tendo passado pelas escolas municipais Humberto de Alencar Castelo Branco, Karel Kober e Professor Durval Pinto. Durante esse per\u00edodo, ela contribuiu para a alfabetiza\u00e7\u00e3o e a forma\u00e7\u00e3o de centenas de crian\u00e7as. A aposentadoria dela foi formalizada em agosto de 2014,\u201d detalhou a secret\u00e1ria de educa\u00e7\u00e3o, Marli Fernandes.<\/p>\n<p>O corpo da professora C\u00e9lia Maria Gouveia est\u00e1 sendo velado na capela central de Apucarana. J\u00e1 o sepultamento est\u00e1 agendado para amanh\u00e3 (7\/7), \u00e0s 10 horas, no Cemit\u00e9rio Cristo Rei.<\/p>\n<p>\u201cN\u00f3s nos solidarizamos com a dor dos familiares e amigos da professora C\u00e9lia. Pedimos que Deus conforte os cora\u00e7\u00f5es enlutados,\u201d disse o prefeito Junior da Femac.<\/p>\n<div class = 'socialMediaOnEveryPost'>Compartilhe<div id=\"sgmbShare1-1\" class=\"sgmbShare jssocials-theme-classic sgmbWidget1-1\"><\/div><div class=\"dropdownWrapper dropdownWrapper1 dropdownWrapper-for-widget \" id=\"dropdownWrapper-for-widget\">\r\n\t\t\t\t\t\t<div class=\"dropdownLabel\" id=\"dropdownLabel-share-list\"><span class=\"sgmbButtonListLabel1\">Share List<\/span><\/div>\r\n\t\t\t\t\t\t<div class=\"dropdownPanel dropdownPanel1-1\">\r\n\t\t\t\t\t\t<\/div>\r\n\t\t\t\t\t<\/div><script>  SGMB_URL = \"http:\/\/www.apucarana.pr.gov.br\/ame\/wp-content\/plugins\/social-media-builder\/\"; jQuery(\".dropdownWrapper\").hide(); SGMB_GOOGLE_ACOUNT = \"\"; <\/script><script type=\"text\/javascript\">\r\n\t\tjQuery(document).ready(function($){var widget = new SGMBWidget();widget.show({\"id\":\"1\",\"title\":\"Face\\\/Twitter\",\"options\":{\"currentUrl\":\"1\",\"url\":\"\",\"shareText\":\"\",\"fontSize\":\"14\",\"betweenButtons\":\"1px\",\"theme\":\"classic\",\"sgmbButtonsPosition\":\"bottomLeft\",\"socialTheme\":\"\",\"icon\":\"default\",\"buttonsPanelEffect\":\"No Effect\",\"buttonsEffect\":\"No Effect\",\"iconsEffect\":\"No Effect\",\"buttons\":\"{\\\"facebook\\\":{\\\"label\\\":\\\"Share\\\",\\\"icon\\\":\\\"default-facebook\\\"},\\\"twitter\\\":{\\\"label\\\":\\\"Tweet\\\",\\\"icon\\\":\\\"default-twitter\\\",\\\"via\\\":\\\"\\\",\\\"hashtags\\\":\\\"\\\"}}\",\"roundButton\":\"\",\"showLabels\":\"\",\"showCounts\":\"\",\"showCenter\":\"\",\"showButtonsAsList\":\"\",\"sgmbDropdownColor\":\"\",\"sgmbDropdownLabelFontSize\":\"14\",\"sgmbDropdownLabelColor\":\"\",\"showButtonsOnEveryPost\":\"on\",\"selectedOrExcluded\":\"\",\"showButtonsOnEveryPage\":\"\",\"textOnEveryPost\":\"Compartilhe\",\"showButtonsOnCustomPost\":\"\",\"textOnCustomPost\":\"\",\"showButtonsOnMobileDirect\":\"on\",\"showButtonsOnDesktopDirect\":\"on\",\"sgmbSelectedPages\":[\"\"],\"sgmbExcludedPosts\":[\"\"],\"sgmbSelectedCustomPosts\":[],\"showButtonsInPopup\":\"\",\"titleOfPopup\":\"\",\"descriptionOfPopup\":\"\",\"showPopupOnLoad\":\"\",\"showPopupOnScroll\":\"\",\"showPopupOnExit\":\"\",\"openSecondsOfPopup\":\"\",\"googleAnaliticsAccount\":\"\"},\"buttonOptions\":{\"facebook\":{\"label\":\"Share\",\"icon\":\"default-facebook\"},\"twitter\":{\"label\":\"Tweet\",\"icon\":\"default-twitter\",\"via\":\"\",\"hashtags\":\"\"}},\"button\":[\"facebook\",\"twitter\"]}, 1, '', 'http:\/\/www.apucarana.pr.gov.br\/ame\/wp-content\/uploads\/2022\/07\/Celia-Maria-Gouveia.jpg', '', 'http:\/\/www.apucarana.pr.gov.br\/ame\/prefeito-e-secretaria-lamentam-a-morte-de-ex-professora\/'); });<\/script><\/div><script> jQuery(\".socialMediaOnEveryPost\").addClass(\"sgmb-left\") <\/script>","protected":false},"excerpt":{"rendered":"<p>C\u00e9lia Maria Gouveia trabalhou por mais de duas d\u00e9cadas na rede municipal de Apucarana, tendo passado pelas escolas Humberto de Alencar Castelo Branco, Karel Kober e Professor Durval Pinto<\/p>\n","protected":false},"author":10,"featured_media":10789,"comment_status":"closed","ping_status":"open","sticky":false,"template":"","format":"standard","meta":[],"categories":[9],"tags":[],"_links":{"self":[{"href":"http:\/\/www.apucarana.pr.gov.br\/ame\/wp-json\/wp\/v2\/posts\/10788"}],"collection":[{"href":"http:\/\/www.apucarana.pr.gov.br\/ame\/wp-json\/wp\/v2\/posts"}],"about":[{"href":"http:\/\/www.apucarana.pr.gov.br\/ame\/wp-json\/wp\/v2\/types\/post"}],"author":[{"embeddable":true,"href":"http:\/\/www.apucarana.pr.gov.br\/ame\/wp-json\/wp\/v2\/users\/10"}],"replies":[{"embeddable":true,"href":"http:\/\/www.apucarana.pr.gov.br\/ame\/wp-json\/wp\/v2\/comments?post=10788"}],"version-history":[{"count":1,"href":"http:\/\/www.apucarana.pr.gov.br\/ame\/wp-json\/wp\/v2\/posts\/10788\/revisions"}],"predecessor-version":[{"id":10790,"href":"http:\/\/www.apucarana.pr.gov.br\/ame\/wp-json\/wp\/v2\/posts\/10788\/revisions\/10790"}],"wp:featuredmedia":[{"embeddable":true,"href":"http:\/\/www.apucarana.pr.gov.br\/ame\/wp-json\/wp\/v2\/media\/10789"}],"wp:attachment":[{"href":"http:\/\/www.apucarana.pr.gov.br\/ame\/wp-json\/wp\/v2\/media?parent=10788"}],"wp:term":[{"taxonomy":"category","embeddable":true,"href":"http:\/\/www.apucarana.pr.gov.br\/ame\/wp-json\/wp\/v2\/categories?post=10788"},{"taxonomy":"post_tag","embeddable":true,"href":"http:\/\/www.apucarana.pr.gov.br\/ame\/wp-json\/wp\/v2\/tags?post=10788"}],"curies":[{"name":"wp","href":"https:\/\/api.w.org\/{rel}","templated":true}]}}