{"id":10784,"date":"2022-07-05T13:40:33","date_gmt":"2022-07-05T16:40:33","guid":{"rendered":"http:\/\/www.apucarana.pr.gov.br\/ame\/?p=10784"},"modified":"2024-10-08T09:09:44","modified_gmt":"2024-10-08T12:09:44","slug":"concurso-da-educacao-registra-ausencia-de-24-dos-candidatos-inscritos","status":"publish","type":"post","link":"http:\/\/www.apucarana.pr.gov.br\/ame\/concurso-da-educacao-registra-ausencia-de-24-dos-candidatos-inscritos\/","title":{"rendered":"Concurso da Educa\u00e7\u00e3o registra aus\u00eancia de 24% dos candidatos inscritos"},"content":{"rendered":"<p>O concurso p\u00fablico da Autarquia Municipal de Educa\u00e7\u00e3o foi realizado na manh\u00e3 do \u00faltimo domingo (3\/7) e registrou a aus\u00eancia de 24,04% dos candidatos. Dos 678 candidatos inscritos no certame, 163 n\u00e3o compareceram \u00e0 Faculdade de Apucarana (FAP) para a realiza\u00e7\u00e3o das provas.<\/p>\n<p>O gabarito preliminar e o caderno de quest\u00f5es da prova objetiva j\u00e1 est\u00e3o dispon\u00edveis no site da <a href=\"https:\/\/www.fauel.org.br\/paginaconcurso.php?concurso=6faa8040da20ef399b63a72d0e4ab575\">Funda\u00e7\u00e3o de Apoio ao Desenvolvimento da Universidade Estadual de Londrina<\/a> (FAUEL), empresa respons\u00e1vel pela organiza\u00e7\u00e3o do concurso p\u00fablico, e tamb\u00e9m no endere\u00e7o eletr\u00f4nico da <a href=\"http:\/\/sys.apucarana.pr.gov.br\/apucarana-pr\/FWLocal\/editais_concursos\/?\">Prefeitura de Apucarana<\/a>.<\/p>\n<p>\u201cOs candidatos interessados em interpor recursos, de acordo com o edital n\u00ba 027\/2022, t\u00eam at\u00e9 amanh\u00e3 (6\/7) para acessarem o endere\u00e7o eletr\u00f4nico da FAUEL e enviarem as suas fundamenta\u00e7\u00f5es,\u201d destaca a secret\u00e1ria de educa\u00e7\u00e3o, Marli Fernandes.<\/p>\n<p>O concurso p\u00fablico da Autarquia Municipal de Educa\u00e7\u00e3o disponibiliza duas vagas, mais cadastro de reserva, para o cargo de Assistente de Atendimento. A remunera\u00e7\u00e3o inicial \u00e9 de R$ 2.471,26 para uma jornada de trabalho de 40 horas semanais.<\/p>\n<p>O prefeito Junior da Femac destaca que o munic\u00edpio tem mais tr\u00eas concursos em andamento, da Guarda Civil Municipal, da Autarquia Municipal de Sa\u00fade (AMS) e da pr\u00f3pria Prefeitura de Apucarana. \u201cA demanda por servi\u00e7os p\u00fablicos vem aumentando de uma maneira geral e a realiza\u00e7\u00e3o de concursos \u00e9 necess\u00e1ria para repor o quadro funcional. Manter o quadro de servidores \u00e9 fundamental para garantir a qualidade dos servi\u00e7os prestados \u00e0 popula\u00e7\u00e3o\u201d afirmou.<\/p>\n<div class = 'socialMediaOnEveryPost'>Compartilhe<div id=\"sgmbShare1-1\" class=\"sgmbShare jssocials-theme-classic sgmbWidget1-1\"><\/div><div class=\"dropdownWrapper dropdownWrapper1 dropdownWrapper-for-widget \" id=\"dropdownWrapper-for-widget\">\r\n\t\t\t\t\t\t<div class=\"dropdownLabel\" id=\"dropdownLabel-share-list\"><span class=\"sgmbButtonListLabel1\">Share List<\/span><\/div>\r\n\t\t\t\t\t\t<div class=\"dropdownPanel dropdownPanel1-1\">\r\n\t\t\t\t\t\t<\/div>\r\n\t\t\t\t\t<\/div><script>  SGMB_URL = \"http:\/\/www.apucarana.pr.gov.br\/ame\/wp-content\/plugins\/social-media-builder\/\"; jQuery(\".dropdownWrapper\").hide(); SGMB_GOOGLE_ACOUNT = \"\"; <\/script><script type=\"text\/javascript\">\r\n\t\tjQuery(document).ready(function($){var widget = new SGMBWidget();widget.show({\"id\":\"1\",\"title\":\"Face\\\/Twitter\",\"options\":{\"currentUrl\":\"1\",\"url\":\"\",\"shareText\":\"\",\"fontSize\":\"14\",\"betweenButtons\":\"1px\",\"theme\":\"classic\",\"sgmbButtonsPosition\":\"bottomLeft\",\"socialTheme\":\"\",\"icon\":\"default\",\"buttonsPanelEffect\":\"No Effect\",\"buttonsEffect\":\"No Effect\",\"iconsEffect\":\"No Effect\",\"buttons\":\"{\\\"facebook\\\":{\\\"label\\\":\\\"Share\\\",\\\"icon\\\":\\\"default-facebook\\\"},\\\"twitter\\\":{\\\"label\\\":\\\"Tweet\\\",\\\"icon\\\":\\\"default-twitter\\\",\\\"via\\\":\\\"\\\",\\\"hashtags\\\":\\\"\\\"}}\",\"roundButton\":\"\",\"showLabels\":\"\",\"showCounts\":\"\",\"showCenter\":\"\",\"showButtonsAsList\":\"\",\"sgmbDropdownColor\":\"\",\"sgmbDropdownLabelFontSize\":\"14\",\"sgmbDropdownLabelColor\":\"\",\"showButtonsOnEveryPost\":\"on\",\"selectedOrExcluded\":\"\",\"showButtonsOnEveryPage\":\"\",\"textOnEveryPost\":\"Compartilhe\",\"showButtonsOnCustomPost\":\"\",\"textOnCustomPost\":\"\",\"showButtonsOnMobileDirect\":\"on\",\"showButtonsOnDesktopDirect\":\"on\",\"sgmbSelectedPages\":[\"\"],\"sgmbExcludedPosts\":[\"\"],\"sgmbSelectedCustomPosts\":[],\"showButtonsInPopup\":\"\",\"titleOfPopup\":\"\",\"descriptionOfPopup\":\"\",\"showPopupOnLoad\":\"\",\"showPopupOnScroll\":\"\",\"showPopupOnExit\":\"\",\"openSecondsOfPopup\":\"\",\"googleAnaliticsAccount\":\"\"},\"buttonOptions\":{\"facebook\":{\"label\":\"Share\",\"icon\":\"default-facebook\"},\"twitter\":{\"label\":\"Tweet\",\"icon\":\"default-twitter\",\"via\":\"\",\"hashtags\":\"\"}},\"button\":[\"facebook\",\"twitter\"]}, 1, '', 'http:\/\/www.apucarana.pr.gov.br\/ame\/wp-content\/uploads\/2022\/07\/CONCURSO-3-scaled.jpg', '', 'http:\/\/www.apucarana.pr.gov.br\/ame\/concurso-da-educacao-registra-ausencia-de-24-dos-candidatos-inscritos\/'); });<\/script><\/div><script> jQuery(\".socialMediaOnEveryPost\").addClass(\"sgmb-left\") <\/script>","protected":false},"excerpt":{"rendered":"<p>Dos 678 candidatos inscritos no concurso p\u00fablico da Autarquia Municipal de Educa\u00e7\u00e3o, 163 n\u00e3o compareceram \u00e0 Faculdade de Apucarana (FAP) para a realiza\u00e7\u00e3o das provas no \u00faltimo domingo (3\/7)<\/p>\n","protected":false},"author":10,"featured_media":10785,"comment_status":"closed","ping_status":"open","sticky":false,"template":"","format":"standard","meta":[],"categories":[9],"tags":[],"_links":{"self":[{"href":"http:\/\/www.apucarana.pr.gov.br\/ame\/wp-json\/wp\/v2\/posts\/10784"}],"collection":[{"href":"http:\/\/www.apucarana.pr.gov.br\/ame\/wp-json\/wp\/v2\/posts"}],"about":[{"href":"http:\/\/www.apucarana.pr.gov.br\/ame\/wp-json\/wp\/v2\/types\/post"}],"author":[{"embeddable":true,"href":"http:\/\/www.apucarana.pr.gov.br\/ame\/wp-json\/wp\/v2\/users\/10"}],"replies":[{"embeddable":true,"href":"http:\/\/www.apucarana.pr.gov.br\/ame\/wp-json\/wp\/v2\/comments?post=10784"}],"version-history":[{"count":1,"href":"http:\/\/www.apucarana.pr.gov.br\/ame\/wp-json\/wp\/v2\/posts\/10784\/revisions"}],"predecessor-version":[{"id":10786,"href":"http:\/\/www.apucarana.pr.gov.br\/ame\/wp-json\/wp\/v2\/posts\/10784\/revisions\/10786"}],"wp:featuredmedia":[{"embeddable":true,"href":"http:\/\/www.apucarana.pr.gov.br\/ame\/wp-json\/wp\/v2\/media\/10785"}],"wp:attachment":[{"href":"http:\/\/www.apucarana.pr.gov.br\/ame\/wp-json\/wp\/v2\/media?parent=10784"}],"wp:term":[{"taxonomy":"category","embeddable":true,"href":"http:\/\/www.apucarana.pr.gov.br\/ame\/wp-json\/wp\/v2\/categories?post=10784"},{"taxonomy":"post_tag","embeddable":true,"href":"http:\/\/www.apucarana.pr.gov.br\/ame\/wp-json\/wp\/v2\/tags?post=10784"}],"curies":[{"name":"wp","href":"https:\/\/api.w.org\/{rel}","templated":true}]}}