{"id":10770,"date":"2022-07-01T16:42:23","date_gmt":"2022-07-01T19:42:23","guid":{"rendered":"http:\/\/www.apucarana.pr.gov.br\/ame\/?p=10770"},"modified":"2024-10-08T09:09:44","modified_gmt":"2024-10-08T12:09:44","slug":"professores-e-alunos-eliminam-48-mil-focos-do-mosquito-da-dengue-em-apucarana","status":"publish","type":"post","link":"http:\/\/www.apucarana.pr.gov.br\/ame\/professores-e-alunos-eliminam-48-mil-focos-do-mosquito-da-dengue-em-apucarana\/","title":{"rendered":"Professores e alunos eliminam 48 mil focos do mosquito da dengue em Apucarana"},"content":{"rendered":"<p>O Servi\u00e7o Social do Com\u00e9rcio (SESC-Paran\u00e1) realizou, na manh\u00e3 de hoje, no sal\u00e3o nobre da Prefeitura de Apucarana, a cerim\u00f4nia de premia\u00e7\u00e3o das escolas, professores e alunos da rede municipal de ensino que se destacaram na edi\u00e7\u00e3o deste ano da campanha de preven\u00e7\u00e3o \u00e0 dengue Aqui o Mosquito n\u00e3o Entra.<\/p>\n<p>A campanha Aqui o Mosquito n\u00e3o Entra prop\u00f4s que os participantes identificassem e eliminassem focos do mosquito <em>Aedes aegypti<\/em>, que pode transmitir doen\u00e7as como a dengue, a zika e a febre chikungunya. As a\u00e7\u00f5es deveriam ser fotografadas e registradas no aplicativo do SESC-Paran\u00e1.<\/p>\n<p>\u201cOs nossos centros infantis (CMEIs) e escolas abra\u00e7aram a campanha e desenvolveram um trabalho fant\u00e1stico. Os professores e alunos conseguiram eliminar quase 48 mil focos do <em>Aedes aegypti<\/em> no munic\u00edpio. Em n\u00fameros absolutos, Apucarana foi a cidade que mais destruiu criadouros do mosquito no estado do Paran\u00e1. Gra\u00e7as a esse esfor\u00e7o, diferentemente de outros munic\u00edpios da regi\u00e3o, o n\u00famero de casos de dengue segue baixo por aqui e tamb\u00e9m n\u00e3o registramos nenhum \u00f3bito causado pela doen\u00e7a neste ano,\u201d disse o prefeito Junior da Femac.<\/p>\n<p>\u201cEm todo o Paran\u00e1, 284 munic\u00edpios participaram da campanha Aqui o Mosquito n\u00e3o Entra e, juntos, eliminaram 297 mil focos do <em>Aedes aegypti<\/em>. Apucarana, sozinha, foi respons\u00e1vel pela elimina\u00e7\u00e3o de 47.726 criadouros, o que corresponde a 19% do resultado estadual. \u00c9 um n\u00famero muito expressivo!\u201d acrescentou a t\u00e9cnica de educa\u00e7\u00e3o em sa\u00fade do SESC, Ana Carina Fazzio Soares da Silva.<\/p>\n<p>A secret\u00e1ria Marli Fernandes afirmou que os CMEIs e Escolas desenvolvem conte\u00fados relacionados \u00e0 preven\u00e7\u00e3o de doen\u00e7as durante todo o ano letivo com os doze mil alunos matriculados na rede municipal de ensino, por meio dos projetos Sementes do Futuro e Sa\u00fade na Escola, que s\u00e3o realizados em parceria com a Autarquia Municipal de Sa\u00fade e a Secretaria Municipal de Meio Ambiente.<\/p>\n<p>\u201cA campanha Aqui o Mosquito n\u00e3o Entra representou um refor\u00e7o no trabalho que n\u00f3s j\u00e1 v\u00ednhamos desenvolvendo na rede desde 2014. As crian\u00e7as sempre compartilham as informa\u00e7\u00f5es e os conhecimentos que aprendem na escola com seus pais, irm\u00e3os e av\u00f3s, contribuindo assim para aumentar a conscientiza\u00e7\u00e3o das fam\u00edlias e da popula\u00e7\u00e3o em geral sobre essa importante quest\u00e3o de sa\u00fade p\u00fablica,\u201d falou a secret\u00e1ria.<\/p>\n<p>A Escola Municipal Augusto Weyand conquistou o primeiro lugar estadual na campanha Aqui o Mosquito n\u00e3o Entra, tendo eliminado 27.488 focos do <em>Aedes aegypti<\/em>. J\u00e1 a Escola Municipal Humberto de Alencar Castelo Branco ficou em terceiro lugar no estado, com a destrui\u00e7\u00e3o de 13.223 criadouros. A Escola Municipal Professor Idalice Moreira Prates, por sua vez, alcan\u00e7ou o terceiro lugar em n\u00edvel regional, com 2.597 focos do mosquito eliminados. As tr\u00eas unidades de ensino receberam trof\u00e9us pelos excelentes resultados alcan\u00e7ados.<\/p>\n<p>Na categoria de participantes individuais, foram premiadas com medalhas as educadoras \u00c2ngela Maria Torresan, da Escola Municipal Augusto Weyand (1\u00ba lugar estadual); T\u00e2nia Cristina Ciesilski Stefani, da Escola Municipal Augusto Weyand (2\u00ba lugar estadual); e Maiara Pedrina Bernardes da Silva, da Escola Municipal Humberto de Alencar Castelo Branco (7\u00ba lugar estadual).<\/p>\n<p>Entre os alunos, foram contemplados com medalhas Laun Ferreira Ferrareto, da Escola Municipal Augusto Weyand; Luis Gustavo Machado Pereira, da Escola Municipal Humberto de Alencar Castelo Branco; e Tha\u00eds Emanuele dos Santos Daniel, da Escola Professor Idalice Moreira Prates.<\/p>\n<p>O SESC ainda entregou um trof\u00e9u ao prefeito Junior da Femac e \u00e0 secret\u00e1ria de educa\u00e7\u00e3o Marli Fernandes, em reconhecimento pelo grande engajamento do munic\u00edpio na campanha de preven\u00e7\u00e3o \u00e0 dengue Aqui o Mosquito n\u00e3o Entra.<\/p>\n<p>&nbsp;<\/p>\n<p><strong>Alunos produzem livro de poesias<br \/>\n<\/strong>Na manh\u00e3 desta sexta-feira (1\/7), a diretora Neucione Prado Pedroso de Oliveira, a professora Miriam Gisele dos Santos e os alunos Nicolas Fernandes Piveta, Peter Gabriel dos Reis e Rayanna dos Santos Lima, da turma de 3\u00ba ano, da Escola Municipal F\u00e1bio Henrique da Silva, ainda entregaram exemplares de um livro de poesias ao prefeito Junior da Femac e \u00e0 secret\u00e1ria de educa\u00e7\u00e3o Marli Fernandes.<\/p>\n<p>A obra traz uma compila\u00e7\u00e3o dos poemas que foram escritos pelos pr\u00f3prios estudantes da Escola F\u00e1bio Henrique da Silva durante a realiza\u00e7\u00e3o do projeto de incentivo \u00e0 leitura e \u00e0 produ\u00e7\u00e3o textual Sarau de Poesias.<\/p>\n<p>Al\u00e9m das autoridades j\u00e1 citadas, participaram do evento no sal\u00e3o nobre do pa\u00e7o municipal o vice-prefeito Paulo Vital; o presidente da C\u00e2mara Municipal de Apucarana, Franciley Preto de Godoi (Poim); os vereadores Jossuela Pirelli e Tiago Cordeiro de Lima; o gerente do SESC-Apucarana, Ronaldo Romani Ficagno; o coordenador do Programa Sa\u00fade na Escola da Autarquia Municipal de Sa\u00fade, Paulo Ourives; e diversos secret\u00e1rios municipais.<\/p>\n<div class = 'socialMediaOnEveryPost'>Compartilhe<div id=\"sgmbShare1-1\" class=\"sgmbShare jssocials-theme-classic sgmbWidget1-1\"><\/div><div class=\"dropdownWrapper dropdownWrapper1 dropdownWrapper-for-widget \" id=\"dropdownWrapper-for-widget\">\r\n\t\t\t\t\t\t<div class=\"dropdownLabel\" id=\"dropdownLabel-share-list\"><span class=\"sgmbButtonListLabel1\">Share List<\/span><\/div>\r\n\t\t\t\t\t\t<div class=\"dropdownPanel dropdownPanel1-1\">\r\n\t\t\t\t\t\t<\/div>\r\n\t\t\t\t\t<\/div><script>  SGMB_URL = \"http:\/\/www.apucarana.pr.gov.br\/ame\/wp-content\/plugins\/social-media-builder\/\"; jQuery(\".dropdownWrapper\").hide(); SGMB_GOOGLE_ACOUNT = \"\"; <\/script><script type=\"text\/javascript\">\r\n\t\tjQuery(document).ready(function($){var widget = new SGMBWidget();widget.show({\"id\":\"1\",\"title\":\"Face\\\/Twitter\",\"options\":{\"currentUrl\":\"1\",\"url\":\"\",\"shareText\":\"\",\"fontSize\":\"14\",\"betweenButtons\":\"1px\",\"theme\":\"classic\",\"sgmbButtonsPosition\":\"bottomLeft\",\"socialTheme\":\"\",\"icon\":\"default\",\"buttonsPanelEffect\":\"No Effect\",\"buttonsEffect\":\"No Effect\",\"iconsEffect\":\"No Effect\",\"buttons\":\"{\\\"facebook\\\":{\\\"label\\\":\\\"Share\\\",\\\"icon\\\":\\\"default-facebook\\\"},\\\"twitter\\\":{\\\"label\\\":\\\"Tweet\\\",\\\"icon\\\":\\\"default-twitter\\\",\\\"via\\\":\\\"\\\",\\\"hashtags\\\":\\\"\\\"}}\",\"roundButton\":\"\",\"showLabels\":\"\",\"showCounts\":\"\",\"showCenter\":\"\",\"showButtonsAsList\":\"\",\"sgmbDropdownColor\":\"\",\"sgmbDropdownLabelFontSize\":\"14\",\"sgmbDropdownLabelColor\":\"\",\"showButtonsOnEveryPost\":\"on\",\"selectedOrExcluded\":\"\",\"showButtonsOnEveryPage\":\"\",\"textOnEveryPost\":\"Compartilhe\",\"showButtonsOnCustomPost\":\"\",\"textOnCustomPost\":\"\",\"showButtonsOnMobileDirect\":\"on\",\"showButtonsOnDesktopDirect\":\"on\",\"sgmbSelectedPages\":[\"\"],\"sgmbExcludedPosts\":[\"\"],\"sgmbSelectedCustomPosts\":[],\"showButtonsInPopup\":\"\",\"titleOfPopup\":\"\",\"descriptionOfPopup\":\"\",\"showPopupOnLoad\":\"\",\"showPopupOnScroll\":\"\",\"showPopupOnExit\":\"\",\"openSecondsOfPopup\":\"\",\"googleAnaliticsAccount\":\"\"},\"buttonOptions\":{\"facebook\":{\"label\":\"Share\",\"icon\":\"default-facebook\"},\"twitter\":{\"label\":\"Tweet\",\"icon\":\"default-twitter\",\"via\":\"\",\"hashtags\":\"\"}},\"button\":[\"facebook\",\"twitter\"]}, 1, '', 'http:\/\/www.apucarana.pr.gov.br\/ame\/wp-content\/uploads\/2022\/07\/PREMIACAO-26-scaled.jpg', '', 'http:\/\/www.apucarana.pr.gov.br\/ame\/professores-e-alunos-eliminam-48-mil-focos-do-mosquito-da-dengue-em-apucarana\/'); });<\/script><\/div><script> jQuery(\".socialMediaOnEveryPost\").addClass(\"sgmb-left\") <\/script>","protected":false},"excerpt":{"rendered":"<p>Em n\u00fameros absolutos, a cidade foi a que mais destruiu criadouros do Aedes aegypti no estado do Paran\u00e1 durante a realiza\u00e7\u00e3o da campanha Aqui o Mosquito n\u00e3o Entra<\/p>\n","protected":false},"author":10,"featured_media":10771,"comment_status":"closed","ping_status":"open","sticky":false,"template":"","format":"standard","meta":[],"categories":[9],"tags":[],"_links":{"self":[{"href":"http:\/\/www.apucarana.pr.gov.br\/ame\/wp-json\/wp\/v2\/posts\/10770"}],"collection":[{"href":"http:\/\/www.apucarana.pr.gov.br\/ame\/wp-json\/wp\/v2\/posts"}],"about":[{"href":"http:\/\/www.apucarana.pr.gov.br\/ame\/wp-json\/wp\/v2\/types\/post"}],"author":[{"embeddable":true,"href":"http:\/\/www.apucarana.pr.gov.br\/ame\/wp-json\/wp\/v2\/users\/10"}],"replies":[{"embeddable":true,"href":"http:\/\/www.apucarana.pr.gov.br\/ame\/wp-json\/wp\/v2\/comments?post=10770"}],"version-history":[{"count":1,"href":"http:\/\/www.apucarana.pr.gov.br\/ame\/wp-json\/wp\/v2\/posts\/10770\/revisions"}],"predecessor-version":[{"id":10783,"href":"http:\/\/www.apucarana.pr.gov.br\/ame\/wp-json\/wp\/v2\/posts\/10770\/revisions\/10783"}],"wp:featuredmedia":[{"embeddable":true,"href":"http:\/\/www.apucarana.pr.gov.br\/ame\/wp-json\/wp\/v2\/media\/10771"}],"wp:attachment":[{"href":"http:\/\/www.apucarana.pr.gov.br\/ame\/wp-json\/wp\/v2\/media?parent=10770"}],"wp:term":[{"taxonomy":"category","embeddable":true,"href":"http:\/\/www.apucarana.pr.gov.br\/ame\/wp-json\/wp\/v2\/categories?post=10770"},{"taxonomy":"post_tag","embeddable":true,"href":"http:\/\/www.apucarana.pr.gov.br\/ame\/wp-json\/wp\/v2\/tags?post=10770"}],"curies":[{"name":"wp","href":"https:\/\/api.w.org\/{rel}","templated":true}]}}