{"id":10747,"date":"2022-06-28T13:57:05","date_gmt":"2022-06-28T16:57:05","guid":{"rendered":"http:\/\/www.apucarana.pr.gov.br\/ame\/?p=10747"},"modified":"2024-10-08T09:09:44","modified_gmt":"2024-10-08T12:09:44","slug":"escola-de-pais-leva-conscientizacao-e-aprendizado-as-familias-apucaranenses","status":"publish","type":"post","link":"http:\/\/www.apucarana.pr.gov.br\/ame\/escola-de-pais-leva-conscientizacao-e-aprendizado-as-familias-apucaranenses\/","title":{"rendered":"Escola de Pais leva conscientiza\u00e7\u00e3o e aprendizado \u00e0s fam\u00edlias apucaranenses"},"content":{"rendered":"<p>A Autarquia de Educa\u00e7\u00e3o realizou, na noite de ontem (27\/6), no Cine Teatro F\u00eanix, a primeira edi\u00e7\u00e3o da Escola de Pais da rede municipal de Apucarana. A iniciativa faz parte de um projeto de Educa\u00e7\u00e3o Socioemocional que vem sendo desenvolvido, desde o in\u00edcio do ano letivo, em 23 centros infantis (CMEIs) e 35 escolas. O objetivo \u00e9 aproximar as fam\u00edlias das unidades de ensino, despertando nos pais o interesse de participarem mais ativamente da vida escolar dos seus filhos e contribuindo para a melhoria da autoestima e da aprendizagem dos alunos.<\/p>\n<p>\u201cO acompanhamento dos pais na vida escolar do filho \u00e9 parte fundamental do processo educativo. Ao perceber que a fam\u00edlia se interessa por seus estudos e experi\u00eancias, a crian\u00e7a sente-se valorizada, desenvolve-se de forma segura, aprimora as suas habilidades sociais e diminuem as chances de aparecimento de problemas comportamentais. A nossa proposta \u00e9 trazer temas contempor\u00e2neos para serem discutidos com os pais dos alunos a cada bimestre\u201d, explicou a secret\u00e1ria de educa\u00e7\u00e3o, Marli Fernandes.<\/p>\n<p>Na noite de ontem, as fam\u00edlias apucaranenses foram contempladas com uma palestra sobre Intelig\u00eancia Emocional e a Arte de Ser Pais, proferida pelo doutor em educa\u00e7\u00e3o Joe Garcia.<\/p>\n<p>\u201cOs nossos av\u00f3s n\u00e3o procuravam ajuda para educar seus filhos porque eles viviam em uma sociedade bem mais simples que a atual. N\u00f3s, por outro lado, estamos em uma \u00e9poca que \u00e9, ao mesmo tempo, complexa e incr\u00edvel. Por isso, precisamos ampliar nossos conhecimentos a fim de conduzirmos nossas crian\u00e7as com sabedoria ao longo de suas vidas. Durante a palestra, eu procurei orientar os pais sobre temas como a organiza\u00e7\u00e3o das emo\u00e7\u00f5es, dos sentimentos e dos afetos. Afinal, as pessoas mais inteligentes n\u00e3o s\u00e3o as que se destacam nas \u00e1reas das ci\u00eancias ou da matem\u00e1tica, mas sim aquelas que sabem conviver bem com os outros. E isso \u00e9 uma arte que se aprende por meio da educa\u00e7\u00e3o\u201d, afirmou o palestrante.<\/p>\n<p>O prefeito Junior da Femac alegrou-se com o engajamento das fam\u00edlias na primeira edi\u00e7\u00e3o da Escola de Pais da rede municipal de Apucarana. \u201cA palestra foi proferida em duas sess\u00f5es. A primeira, \u00e0s 18 horas, era destinada aos pais com crian\u00e7as matriculadas nos CMEIs. J\u00e1 a segunda, \u00e0s 20 horas, envolveu as fam\u00edlias com alunos nas escolas. Eu fiquei muito feliz de ver que o Cine Teatro F\u00eanix ficou lotado em ambos os hor\u00e1rios. Esse projeto da Autarquia de Educa\u00e7\u00e3o \u00e9 muito importante, sobretudo neste contexto p\u00f3s-pandemia que estamos vivendo,\u201d disse.<\/p>\n<p>\u201cApucarana est\u00e1 sempre saindo \u00e0 frente dos outros munic\u00edpios, com a apresenta\u00e7\u00e3o de projetos que alavancam a educa\u00e7\u00e3o e contribuem de maneira significativa para a forma\u00e7\u00e3o das crian\u00e7as. A palestra que o doutor Joe Garcia proferiu foi maravilhosa. Parab\u00e9ns a todos pelo desenvolvimento da Escola de Pais\u201d, congratulou o chefe do N\u00facleo Regional de Educa\u00e7\u00e3o, professor Vladimir Barbosa da Silva.<\/p>\n<div class = 'socialMediaOnEveryPost'>Compartilhe<div id=\"sgmbShare1-1\" class=\"sgmbShare jssocials-theme-classic sgmbWidget1-1\"><\/div><div class=\"dropdownWrapper dropdownWrapper1 dropdownWrapper-for-widget \" id=\"dropdownWrapper-for-widget\">\r\n\t\t\t\t\t\t<div class=\"dropdownLabel\" id=\"dropdownLabel-share-list\"><span class=\"sgmbButtonListLabel1\">Share List<\/span><\/div>\r\n\t\t\t\t\t\t<div class=\"dropdownPanel dropdownPanel1-1\">\r\n\t\t\t\t\t\t<\/div>\r\n\t\t\t\t\t<\/div><script>  SGMB_URL = \"http:\/\/www.apucarana.pr.gov.br\/ame\/wp-content\/plugins\/social-media-builder\/\"; jQuery(\".dropdownWrapper\").hide(); SGMB_GOOGLE_ACOUNT = \"\"; <\/script><script type=\"text\/javascript\">\r\n\t\tjQuery(document).ready(function($){var widget = new SGMBWidget();widget.show({\"id\":\"1\",\"title\":\"Face\\\/Twitter\",\"options\":{\"currentUrl\":\"1\",\"url\":\"\",\"shareText\":\"\",\"fontSize\":\"14\",\"betweenButtons\":\"1px\",\"theme\":\"classic\",\"sgmbButtonsPosition\":\"bottomLeft\",\"socialTheme\":\"\",\"icon\":\"default\",\"buttonsPanelEffect\":\"No Effect\",\"buttonsEffect\":\"No Effect\",\"iconsEffect\":\"No Effect\",\"buttons\":\"{\\\"facebook\\\":{\\\"label\\\":\\\"Share\\\",\\\"icon\\\":\\\"default-facebook\\\"},\\\"twitter\\\":{\\\"label\\\":\\\"Tweet\\\",\\\"icon\\\":\\\"default-twitter\\\",\\\"via\\\":\\\"\\\",\\\"hashtags\\\":\\\"\\\"}}\",\"roundButton\":\"\",\"showLabels\":\"\",\"showCounts\":\"\",\"showCenter\":\"\",\"showButtonsAsList\":\"\",\"sgmbDropdownColor\":\"\",\"sgmbDropdownLabelFontSize\":\"14\",\"sgmbDropdownLabelColor\":\"\",\"showButtonsOnEveryPost\":\"on\",\"selectedOrExcluded\":\"\",\"showButtonsOnEveryPage\":\"\",\"textOnEveryPost\":\"Compartilhe\",\"showButtonsOnCustomPost\":\"\",\"textOnCustomPost\":\"\",\"showButtonsOnMobileDirect\":\"on\",\"showButtonsOnDesktopDirect\":\"on\",\"sgmbSelectedPages\":[\"\"],\"sgmbExcludedPosts\":[\"\"],\"sgmbSelectedCustomPosts\":[],\"showButtonsInPopup\":\"\",\"titleOfPopup\":\"\",\"descriptionOfPopup\":\"\",\"showPopupOnLoad\":\"\",\"showPopupOnScroll\":\"\",\"showPopupOnExit\":\"\",\"openSecondsOfPopup\":\"\",\"googleAnaliticsAccount\":\"\"},\"buttonOptions\":{\"facebook\":{\"label\":\"Share\",\"icon\":\"default-facebook\"},\"twitter\":{\"label\":\"Tweet\",\"icon\":\"default-twitter\",\"via\":\"\",\"hashtags\":\"\"}},\"button\":[\"facebook\",\"twitter\"]}, 1, '', 'http:\/\/www.apucarana.pr.gov.br\/ame\/wp-content\/uploads\/2022\/06\/ESCOLA-DE-PAIS-25-scaled.jpg', '', 'http:\/\/www.apucarana.pr.gov.br\/ame\/escola-de-pais-leva-conscientizacao-e-aprendizado-as-familias-apucaranenses\/'); });<\/script><\/div><script> jQuery(\".socialMediaOnEveryPost\").addClass(\"sgmb-left\") <\/script>","protected":false},"excerpt":{"rendered":"<p>A iniciativa faz parte de um projeto de Educa\u00e7\u00e3o Socioemocional que vem sendo desenvolvido, desde o in\u00edcio do ano letivo, nos 23 centros infantis (CMEIs) e 35 escolas da rede municipal de Apucarana<\/p>\n","protected":false},"author":10,"featured_media":10755,"comment_status":"closed","ping_status":"open","sticky":false,"template":"","format":"standard","meta":[],"categories":[9],"tags":[],"_links":{"self":[{"href":"http:\/\/www.apucarana.pr.gov.br\/ame\/wp-json\/wp\/v2\/posts\/10747"}],"collection":[{"href":"http:\/\/www.apucarana.pr.gov.br\/ame\/wp-json\/wp\/v2\/posts"}],"about":[{"href":"http:\/\/www.apucarana.pr.gov.br\/ame\/wp-json\/wp\/v2\/types\/post"}],"author":[{"embeddable":true,"href":"http:\/\/www.apucarana.pr.gov.br\/ame\/wp-json\/wp\/v2\/users\/10"}],"replies":[{"embeddable":true,"href":"http:\/\/www.apucarana.pr.gov.br\/ame\/wp-json\/wp\/v2\/comments?post=10747"}],"version-history":[{"count":1,"href":"http:\/\/www.apucarana.pr.gov.br\/ame\/wp-json\/wp\/v2\/posts\/10747\/revisions"}],"predecessor-version":[{"id":10756,"href":"http:\/\/www.apucarana.pr.gov.br\/ame\/wp-json\/wp\/v2\/posts\/10747\/revisions\/10756"}],"wp:featuredmedia":[{"embeddable":true,"href":"http:\/\/www.apucarana.pr.gov.br\/ame\/wp-json\/wp\/v2\/media\/10755"}],"wp:attachment":[{"href":"http:\/\/www.apucarana.pr.gov.br\/ame\/wp-json\/wp\/v2\/media?parent=10747"}],"wp:term":[{"taxonomy":"category","embeddable":true,"href":"http:\/\/www.apucarana.pr.gov.br\/ame\/wp-json\/wp\/v2\/categories?post=10747"},{"taxonomy":"post_tag","embeddable":true,"href":"http:\/\/www.apucarana.pr.gov.br\/ame\/wp-json\/wp\/v2\/tags?post=10747"}],"curies":[{"name":"wp","href":"https:\/\/api.w.org\/{rel}","templated":true}]}}