{"id":10733,"date":"2022-06-27T13:38:57","date_gmt":"2022-06-27T16:38:57","guid":{"rendered":"http:\/\/www.apucarana.pr.gov.br\/ame\/?p=10733"},"modified":"2024-10-08T09:09:44","modified_gmt":"2024-10-08T12:09:44","slug":"aproximadamente-700-estudantes-participam-da-segunda-etapa-do-circuito-de-corridas-de-rua-das-escolas-municipais","status":"publish","type":"post","link":"http:\/\/www.apucarana.pr.gov.br\/ame\/aproximadamente-700-estudantes-participam-da-segunda-etapa-do-circuito-de-corridas-de-rua-das-escolas-municipais\/","title":{"rendered":"Aproximadamente 700 estudantes participam da segunda etapa  do Circuito de Corridas de Rua das Escolas Municipais"},"content":{"rendered":"<p>A Prefeitura de Apucarana, por meio da Autarquia de Educa\u00e7\u00e3o e da Secretaria de Esportes, realizou ontem (26\/6) a segunda etapa do Circuito de Corridas de Rua das Escolas Municipais, do ano de 2022. Aproximadamente 700 estudantes, de doze unidades de ensino, participaram da competi\u00e7\u00e3o no Parque Jaboti.<\/p>\n<p>\u201cO Circuito de Corridas de Rua foi criado h\u00e1 nove anos com o intuito de difundir a pr\u00e1tica do atletismo, que \u00e9 a base para outras modalidades esportivas, entre os alunos da rede municipal de ensino. Devido \u00e0 pandemia de Covid-19, o projeto precisou ser interrompido por dois anos. N\u00f3s estamos muito felizes de retom\u00e1-lo agora em 2022. \u00c9 maravilhoso ver a empolga\u00e7\u00e3o e o brilho nos olhos das crian\u00e7as que participam da competi\u00e7\u00e3o,\u201d disse a secret\u00e1ria de educa\u00e7\u00e3o, Marli Fernandes.<\/p>\n<p>O prefeito Junior da Femac destacou que muitos talentos vem sendo revelados ao longo dos anos pelo projeto. \u201cOs melhores colocados no circuito de corridas de rua representam o nosso munic\u00edpio na prova S\u00e3o Silvestrinha, no final do ano, em S\u00e3o Paulo. Para que voc\u00eas tenham ideia, Apucarana conquistou o primeiro lugar geral nas duas \u00faltimas edi\u00e7\u00f5es da competi\u00e7\u00e3o nacional. Em 2019, \u00faltima edi\u00e7\u00e3o, as crian\u00e7as trouxeram dez medalhas para o nosso munic\u00edpio, sendo quatro de ouro, quatro de prata e duas de bronze,\u201d afirmou.<\/p>\n<p>O Circuito de Corridas de Rua das Escolas Municipais \u00e9 disputado em tr\u00eas categorias, nos naipes masculino e feminino. \u201cA categoria A tem percurso de 400 metros e envolve os nascidos no ano de 2014. J\u00e1 a categoria B tem percurso de 600 metros e abrange os nascidos no ano de 2013. Por fim, a categoria C tem percurso de 800 metros e contempla alunos nascidos em 2012 e 2011. Os tr\u00eas melhores atletas de cada categoria s\u00e3o premiados com trof\u00e9us e os demais recebem medalhas de participa\u00e7\u00e3o\u201d, detalhou o secret\u00e1rio de esportes, Jos\u00e9 Marcelino da Silva, o Grilo.<\/p>\n<p>\u201cEu acho maravilhoso que as escolas municipais proporcionem essa oportunidade para as crian\u00e7as. Como corredora, eu estou muito feliz de ver que o meu filho est\u00e1 seguindo o mesmo caminho. Ele j\u00e1 alcan\u00e7ou um excelente resultado na Prova Vinteoitinha deste ano e, agora, conquistou mais um trof\u00e9u na Corrida de Rua das Escolas\u201d comemorou P\u00e2mela Weyand, m\u00e3e do aluno Pedro Henrique, que ficou em segundo lugar na categoria 2012\/2011.<\/p>\n<p>A terceira etapa do Circuito de Corridas de Rua das Escolas Municipais deve ser realizada no dia 28 de agosto, no Jardim Ponta Grossa, enquanto a grande final est\u00e1 prevista para 9 de outubro, novamente no Parque Jaboti.<\/p>\n<p>Confira abaixo os nomes dos classificados na segunda etapa do Circuito de Corridas de Rua das Escolas Municipais de Apucarana:<\/p>\n<p>Categoria 2014 \/ Feminino:<br \/>\n1\u00ba &#8211; Nataly Emanuely (Escola Dr\u00ba Joaquim Vicente de Castro);<br \/>\n2\u00ba &#8211; Ana Luiza Silva Alves (Escola Dr\u00ba Joaquim Vicente de Castro);<br \/>\n3\u00ba &#8211; Sophia de Oliveira (Escola Humberto de Alencar Castelo Branco).<\/p>\n<p>Categoria 2014 \/ Masculino:<br \/>\n1\u00ba &#8211; Mateus Henrique Oliveira (Escola Presidente M\u00e9dici);<br \/>\n2\u00ba &#8211; Yuri David de Almeida (Escola Dr\u00ba Joaquim Vicente de Castro);<br \/>\n3\u00ba &#8211; Pedro Miguel Penharbel (Escola Humberto de Alencar Castelo Branco).<\/p>\n<p>Categoria 2013 \/ Feminino:<br \/>\n1\u00ba &#8211; Ana Beatriz de Oliveira (Escola Presidente M\u00e9dici);<br \/>\n2\u00ba &#8211; Ketlin Vit\u00f3ria de Lima (Escola Dr\u00ba Joaquim Vicente de Castro);<br \/>\n3\u00ba &#8211; Ana Clara Vilela da Silva (Escola Pl\u00e1cido de Castro).<\/p>\n<p>Categoria 2013 \/ Masculino:<br \/>\n1\u00ba &#8211; Vitor Hugo da Silva (Escola Fernando Jos\u00e9 Acosta);<br \/>\n2\u00ba &#8211; Davi Sanches (Escola Presidente M\u00e9dici);<br \/>\n3\u00ba &#8211; Tiago Felipe dos Passos (Escola Fernando Jos\u00e9 Acosta).<\/p>\n<p>Categoria 2012- 2011\/ Feminino:<br \/>\n1\u00ba &#8211; J\u00falia Eduarda Freitas (Escola Jo\u00e3o Batista);<br \/>\n2\u00ba &#8211; Lorena Clementina Gomes (Escola Fernando Jos\u00e9 Acosta);<br \/>\n3\u00ba &#8211; Emanuely da Silva (Escola Humberto de Alencar Castelo Branco).<\/p>\n<p>Categoria 2012-2011 \/ Masculino:<br \/>\n1\u00ba &#8211; Eduard de Oliveira (Escola Professor Idalice);<br \/>\n2\u00ba &#8211; Pedro Henrique (Escola Fernando Jos\u00e9 Acosta);<br \/>\n3\u00ba &#8211; Paulo Aron Pl\u00ednio (Escola Marta Pereira da Silva).<\/p>\n<div class = 'socialMediaOnEveryPost'>Compartilhe<div id=\"sgmbShare1-1\" class=\"sgmbShare jssocials-theme-classic sgmbWidget1-1\"><\/div><div class=\"dropdownWrapper dropdownWrapper1 dropdownWrapper-for-widget \" id=\"dropdownWrapper-for-widget\">\r\n\t\t\t\t\t\t<div class=\"dropdownLabel\" id=\"dropdownLabel-share-list\"><span class=\"sgmbButtonListLabel1\">Share List<\/span><\/div>\r\n\t\t\t\t\t\t<div class=\"dropdownPanel dropdownPanel1-1\">\r\n\t\t\t\t\t\t<\/div>\r\n\t\t\t\t\t<\/div><script>  SGMB_URL = \"http:\/\/www.apucarana.pr.gov.br\/ame\/wp-content\/plugins\/social-media-builder\/\"; jQuery(\".dropdownWrapper\").hide(); SGMB_GOOGLE_ACOUNT = \"\"; <\/script><script type=\"text\/javascript\">\r\n\t\tjQuery(document).ready(function($){var widget = new SGMBWidget();widget.show({\"id\":\"1\",\"title\":\"Face\\\/Twitter\",\"options\":{\"currentUrl\":\"1\",\"url\":\"\",\"shareText\":\"\",\"fontSize\":\"14\",\"betweenButtons\":\"1px\",\"theme\":\"classic\",\"sgmbButtonsPosition\":\"bottomLeft\",\"socialTheme\":\"\",\"icon\":\"default\",\"buttonsPanelEffect\":\"No Effect\",\"buttonsEffect\":\"No Effect\",\"iconsEffect\":\"No Effect\",\"buttons\":\"{\\\"facebook\\\":{\\\"label\\\":\\\"Share\\\",\\\"icon\\\":\\\"default-facebook\\\"},\\\"twitter\\\":{\\\"label\\\":\\\"Tweet\\\",\\\"icon\\\":\\\"default-twitter\\\",\\\"via\\\":\\\"\\\",\\\"hashtags\\\":\\\"\\\"}}\",\"roundButton\":\"\",\"showLabels\":\"\",\"showCounts\":\"\",\"showCenter\":\"\",\"showButtonsAsList\":\"\",\"sgmbDropdownColor\":\"\",\"sgmbDropdownLabelFontSize\":\"14\",\"sgmbDropdownLabelColor\":\"\",\"showButtonsOnEveryPost\":\"on\",\"selectedOrExcluded\":\"\",\"showButtonsOnEveryPage\":\"\",\"textOnEveryPost\":\"Compartilhe\",\"showButtonsOnCustomPost\":\"\",\"textOnCustomPost\":\"\",\"showButtonsOnMobileDirect\":\"on\",\"showButtonsOnDesktopDirect\":\"on\",\"sgmbSelectedPages\":[\"\"],\"sgmbExcludedPosts\":[\"\"],\"sgmbSelectedCustomPosts\":[],\"showButtonsInPopup\":\"\",\"titleOfPopup\":\"\",\"descriptionOfPopup\":\"\",\"showPopupOnLoad\":\"\",\"showPopupOnScroll\":\"\",\"showPopupOnExit\":\"\",\"openSecondsOfPopup\":\"\",\"googleAnaliticsAccount\":\"\"},\"buttonOptions\":{\"facebook\":{\"label\":\"Share\",\"icon\":\"default-facebook\"},\"twitter\":{\"label\":\"Tweet\",\"icon\":\"default-twitter\",\"via\":\"\",\"hashtags\":\"\"}},\"button\":[\"facebook\",\"twitter\"]}, 1, '', 'http:\/\/www.apucarana.pr.gov.br\/ame\/wp-content\/uploads\/2022\/06\/IMG_5813-scaled.jpg', '', 'http:\/\/www.apucarana.pr.gov.br\/ame\/aproximadamente-700-estudantes-participam-da-segunda-etapa-do-circuito-de-corridas-de-rua-das-escolas-municipais\/'); });<\/script><\/div><script> jQuery(\".socialMediaOnEveryPost\").addClass(\"sgmb-left\") <\/script>","protected":false},"excerpt":{"rendered":"<p>O projeto foi criado h\u00e1 nove anos com o intuito de difundir a pr\u00e1tica do atletismo entre os alunos da rede municipal de Apucarana<\/p>\n","protected":false},"author":10,"featured_media":10738,"comment_status":"closed","ping_status":"open","sticky":false,"template":"","format":"standard","meta":[],"categories":[9],"tags":[],"_links":{"self":[{"href":"http:\/\/www.apucarana.pr.gov.br\/ame\/wp-json\/wp\/v2\/posts\/10733"}],"collection":[{"href":"http:\/\/www.apucarana.pr.gov.br\/ame\/wp-json\/wp\/v2\/posts"}],"about":[{"href":"http:\/\/www.apucarana.pr.gov.br\/ame\/wp-json\/wp\/v2\/types\/post"}],"author":[{"embeddable":true,"href":"http:\/\/www.apucarana.pr.gov.br\/ame\/wp-json\/wp\/v2\/users\/10"}],"replies":[{"embeddable":true,"href":"http:\/\/www.apucarana.pr.gov.br\/ame\/wp-json\/wp\/v2\/comments?post=10733"}],"version-history":[{"count":1,"href":"http:\/\/www.apucarana.pr.gov.br\/ame\/wp-json\/wp\/v2\/posts\/10733\/revisions"}],"predecessor-version":[{"id":10745,"href":"http:\/\/www.apucarana.pr.gov.br\/ame\/wp-json\/wp\/v2\/posts\/10733\/revisions\/10745"}],"wp:featuredmedia":[{"embeddable":true,"href":"http:\/\/www.apucarana.pr.gov.br\/ame\/wp-json\/wp\/v2\/media\/10738"}],"wp:attachment":[{"href":"http:\/\/www.apucarana.pr.gov.br\/ame\/wp-json\/wp\/v2\/media?parent=10733"}],"wp:term":[{"taxonomy":"category","embeddable":true,"href":"http:\/\/www.apucarana.pr.gov.br\/ame\/wp-json\/wp\/v2\/categories?post=10733"},{"taxonomy":"post_tag","embeddable":true,"href":"http:\/\/www.apucarana.pr.gov.br\/ame\/wp-json\/wp\/v2\/tags?post=10733"}],"curies":[{"name":"wp","href":"https:\/\/api.w.org\/{rel}","templated":true}]}}