{"id":10727,"date":"2022-06-25T10:19:39","date_gmt":"2022-06-25T13:19:39","guid":{"rendered":"http:\/\/www.apucarana.pr.gov.br\/ame\/?p=10727"},"modified":"2024-10-08T09:09:44","modified_gmt":"2024-10-08T12:09:44","slug":"apucarana-realiza-2a-etapa-do-circuito-de-corridas-de-rua-das-escolas-municipais","status":"publish","type":"post","link":"http:\/\/www.apucarana.pr.gov.br\/ame\/apucarana-realiza-2a-etapa-do-circuito-de-corridas-de-rua-das-escolas-municipais\/","title":{"rendered":"Apucarana realiza 2\u00aa etapa do Circuito de Corridas de Rua das Escolas Municipais"},"content":{"rendered":"<p>Ocorrer\u00e1 neste domingo, a partir das 10 horas, no Parque do Lago Jaboti, em Apucarana, a segunda etapa do Circuito de Corridas de Rua das Escolas Municipais. Nesta etapa v\u00e3o competir 650 alunos de 12 estabelecimentos de ensino, com o objetivo de proporcionar aos participantes condi\u00e7\u00f5es para melhorar a capacidade f\u00edsica, a socializa\u00e7\u00e3o, bem como desenvolver o gosto pela pr\u00e1tica do atletismo, difundido nas escolas municipais, al\u00e9m de coroar o trabalho f\u00edsico, t\u00e9cnico e t\u00e1tico dos alunos.<\/p>\n<p>A segunda etapa ser\u00e1 disputada nas categorias A (alunos nascidos no ano de 2014), B (alunos nascidos no ano de 2013) e C (alunos nascidos no ano de 2012 e 2011). A categoria A ter\u00e1 percurso de 400 metros, a B de 600 metros e a C de 800 metros. Os tr\u00eas primeiros colocados de cada categoria (masculino e feminino) recebem trof\u00e9us e os demais atletas ganham medalhas de participa\u00e7\u00e3o.<\/p>\n<p>Est\u00e3o inscritos alunos das escolas Presidente M\u00e9dici, Joaquim Vicente de Castro, Jos\u00e9 Brazil Camargo, Jos\u00e9 de Alencar, Fernando Jos\u00e9 Acosta, Padre Ant\u00f4nio Vieira, Humberto de Alencar Castelo Branco, Jo\u00e3o Batista, Pl\u00e1cido de Castro, Madalena Coco, Idalice Moreira Prates e Marta Pereira Silva.<\/p>\n<p>A terceira etapa est\u00e1 marcada para o dia 28 de agosto, no Jardim Ponta Grossa, com largada em frente do Gin\u00e1sio de Esportes Adildo Mecenas (Cebol\u00e3o). J\u00e1 a quarta e \u00faltima etapa do circuito ser\u00e1 disputada no dia 9 de outubro no Parque do Lago Jaboti.<\/p>\n<p>A competi\u00e7\u00e3o \u00e9 organizada pela Autarquia Municipal de Educa\u00e7\u00e3o (AME) e Secretaria Municipal de Esportes da Prefeitura de Apucarana.<\/p>\n<div class = 'socialMediaOnEveryPost'>Compartilhe<div id=\"sgmbShare1-1\" class=\"sgmbShare jssocials-theme-classic sgmbWidget1-1\"><\/div><div class=\"dropdownWrapper dropdownWrapper1 dropdownWrapper-for-widget \" id=\"dropdownWrapper-for-widget\">\r\n\t\t\t\t\t\t<div class=\"dropdownLabel\" id=\"dropdownLabel-share-list\"><span class=\"sgmbButtonListLabel1\">Share List<\/span><\/div>\r\n\t\t\t\t\t\t<div class=\"dropdownPanel dropdownPanel1-1\">\r\n\t\t\t\t\t\t<\/div>\r\n\t\t\t\t\t<\/div><script>  SGMB_URL = \"http:\/\/www.apucarana.pr.gov.br\/ame\/wp-content\/plugins\/social-media-builder\/\"; jQuery(\".dropdownWrapper\").hide(); SGMB_GOOGLE_ACOUNT = \"\"; <\/script><script type=\"text\/javascript\">\r\n\t\tjQuery(document).ready(function($){var widget = new SGMBWidget();widget.show({\"id\":\"1\",\"title\":\"Face\\\/Twitter\",\"options\":{\"currentUrl\":\"1\",\"url\":\"\",\"shareText\":\"\",\"fontSize\":\"14\",\"betweenButtons\":\"1px\",\"theme\":\"classic\",\"sgmbButtonsPosition\":\"bottomLeft\",\"socialTheme\":\"\",\"icon\":\"default\",\"buttonsPanelEffect\":\"No Effect\",\"buttonsEffect\":\"No Effect\",\"iconsEffect\":\"No Effect\",\"buttons\":\"{\\\"facebook\\\":{\\\"label\\\":\\\"Share\\\",\\\"icon\\\":\\\"default-facebook\\\"},\\\"twitter\\\":{\\\"label\\\":\\\"Tweet\\\",\\\"icon\\\":\\\"default-twitter\\\",\\\"via\\\":\\\"\\\",\\\"hashtags\\\":\\\"\\\"}}\",\"roundButton\":\"\",\"showLabels\":\"\",\"showCounts\":\"\",\"showCenter\":\"\",\"showButtonsAsList\":\"\",\"sgmbDropdownColor\":\"\",\"sgmbDropdownLabelFontSize\":\"14\",\"sgmbDropdownLabelColor\":\"\",\"showButtonsOnEveryPost\":\"on\",\"selectedOrExcluded\":\"\",\"showButtonsOnEveryPage\":\"\",\"textOnEveryPost\":\"Compartilhe\",\"showButtonsOnCustomPost\":\"\",\"textOnCustomPost\":\"\",\"showButtonsOnMobileDirect\":\"on\",\"showButtonsOnDesktopDirect\":\"on\",\"sgmbSelectedPages\":[\"\"],\"sgmbExcludedPosts\":[\"\"],\"sgmbSelectedCustomPosts\":[],\"showButtonsInPopup\":\"\",\"titleOfPopup\":\"\",\"descriptionOfPopup\":\"\",\"showPopupOnLoad\":\"\",\"showPopupOnScroll\":\"\",\"showPopupOnExit\":\"\",\"openSecondsOfPopup\":\"\",\"googleAnaliticsAccount\":\"\"},\"buttonOptions\":{\"facebook\":{\"label\":\"Share\",\"icon\":\"default-facebook\"},\"twitter\":{\"label\":\"Tweet\",\"icon\":\"default-twitter\",\"via\":\"\",\"hashtags\":\"\"}},\"button\":[\"facebook\",\"twitter\"]}, 1, '', 'http:\/\/www.apucarana.pr.gov.br\/ame\/wp-content\/uploads\/2022\/06\/WhatsApp-Image-2022-06-25-at-07.50.07.jpeg', '', 'http:\/\/www.apucarana.pr.gov.br\/ame\/apucarana-realiza-2a-etapa-do-circuito-de-corridas-de-rua-das-escolas-municipais\/'); });<\/script><\/div><script> jQuery(\".socialMediaOnEveryPost\").addClass(\"sgmb-left\") <\/script>","protected":false},"excerpt":{"rendered":"<p>Nesta etapa v\u00e3o competir 650 alunos de 12 estabelecimentos de ensino<\/p>\n","protected":false},"author":10,"featured_media":10729,"comment_status":"closed","ping_status":"open","sticky":false,"template":"","format":"standard","meta":[],"categories":[9],"tags":[],"_links":{"self":[{"href":"http:\/\/www.apucarana.pr.gov.br\/ame\/wp-json\/wp\/v2\/posts\/10727"}],"collection":[{"href":"http:\/\/www.apucarana.pr.gov.br\/ame\/wp-json\/wp\/v2\/posts"}],"about":[{"href":"http:\/\/www.apucarana.pr.gov.br\/ame\/wp-json\/wp\/v2\/types\/post"}],"author":[{"embeddable":true,"href":"http:\/\/www.apucarana.pr.gov.br\/ame\/wp-json\/wp\/v2\/users\/10"}],"replies":[{"embeddable":true,"href":"http:\/\/www.apucarana.pr.gov.br\/ame\/wp-json\/wp\/v2\/comments?post=10727"}],"version-history":[{"count":1,"href":"http:\/\/www.apucarana.pr.gov.br\/ame\/wp-json\/wp\/v2\/posts\/10727\/revisions"}],"predecessor-version":[{"id":10732,"href":"http:\/\/www.apucarana.pr.gov.br\/ame\/wp-json\/wp\/v2\/posts\/10727\/revisions\/10732"}],"wp:featuredmedia":[{"embeddable":true,"href":"http:\/\/www.apucarana.pr.gov.br\/ame\/wp-json\/wp\/v2\/media\/10729"}],"wp:attachment":[{"href":"http:\/\/www.apucarana.pr.gov.br\/ame\/wp-json\/wp\/v2\/media?parent=10727"}],"wp:term":[{"taxonomy":"category","embeddable":true,"href":"http:\/\/www.apucarana.pr.gov.br\/ame\/wp-json\/wp\/v2\/categories?post=10727"},{"taxonomy":"post_tag","embeddable":true,"href":"http:\/\/www.apucarana.pr.gov.br\/ame\/wp-json\/wp\/v2\/tags?post=10727"}],"curies":[{"name":"wp","href":"https:\/\/api.w.org\/{rel}","templated":true}]}}