{"id":10721,"date":"2022-06-24T10:37:44","date_gmt":"2022-06-24T13:37:44","guid":{"rendered":"http:\/\/www.apucarana.pr.gov.br\/ame\/?p=10721"},"modified":"2024-10-08T09:09:44","modified_gmt":"2024-10-08T12:09:44","slug":"educacao-de-jovens-e-adultos-esta-com-matriculas-abertas","status":"publish","type":"post","link":"http:\/\/www.apucarana.pr.gov.br\/ame\/educacao-de-jovens-e-adultos-esta-com-matriculas-abertas\/","title":{"rendered":"Educa\u00e7\u00e3o de Jovens e Adultos est\u00e1 com matr\u00edculas abertas"},"content":{"rendered":"<p>Apucarana est\u00e1 com matr\u00edculas abertas para novas turmas da Educa\u00e7\u00e3o de Jovens e Adultos (EJA). A modalidade tem como p\u00fablico-alvo pessoas, a partir dos 15 anos at\u00e9 idosos, que n\u00e3o aprenderam a ler e a escrever ou n\u00e3o conclu\u00edram seus estudos na idade adequada.<\/p>\n<p>A primeira etapa da EJA, referente aos anos iniciais do Ensino Fundamental (1\u00ba ao 5\u00ba ano), \u00e9 ofertada nas escolas municipais F\u00e1bio Henrique da Silva, no Jardim Marissol, Jo\u00e3o Ant\u00f4nio Braga C\u00f4rtes, na Vila Formosa, Jos\u00e9 Id\u00e9sio Brianezi, no N\u00facleo Jo\u00e3o Paulo, e Fernando Jos\u00e9 Acosta, no Residencial Sumatra.<\/p>\n<p>\u201cAs aulas acontecem no per\u00edodo noturno, para facilitar a participa\u00e7\u00e3o dos estudantes que trabalham durante o dia. A Autarquia Municipal de Educa\u00e7\u00e3o tamb\u00e9m oferece merenda e transporte para quem mora h\u00e1 mais de dois quil\u00f4metros da escola polo,\u201d afirmou a secret\u00e1ria de educa\u00e7\u00e3o, Marli Fernandes.<\/p>\n<p>J\u00e1 os estudantes que pretendem cursar os anos finais do Ensino Fundamental (6\u00ba ao 9\u00ba ano) ou o Ensino M\u00e9dio devem entrar em contato com o Centro Estadual de Educa\u00e7\u00e3o B\u00e1sica para Jovens e Adultos Linda Miyadi (CEEBJA-Apucarana). O telefone \u00e9 o (43) 3423-2840.<\/p>\n<p>\u201cA educa\u00e7\u00e3o \u00e9 um instrumento poderoso, que contribui para melhorar a qualidade de vida da popula\u00e7\u00e3o e abrir as portas do mercado de trabalho. Por isso, se voc\u00ea conhece algu\u00e9m que, por um motivo ou outro, parou de estudar, incentive essa pessoa a procurar uma das nossas escolas,\u201d pediu o prefeito Junior da Femac.<\/p>\n<p>Os documentos necess\u00e1rios para a realiza\u00e7\u00e3o da matr\u00edcula na Educa\u00e7\u00e3o de Jovens e Adultos s\u00e3o: Cadastro de Pessoas F\u00edsicas (CPF), Carteira de Identidade (RG), Certid\u00e3o de Nascimento ou Casamento, comprovante de resid\u00eancia atualizado (preferencialmente a fatura de energia el\u00e9trica) e o Hist\u00f3rico Escolar (se houver).<\/p>\n<p>O in\u00edcio das aulas, nas escolas municipais, est\u00e1 previsto para o dia 25 de julho.<\/p>\n<div class = 'socialMediaOnEveryPost'>Compartilhe<div id=\"sgmbShare1-1\" class=\"sgmbShare jssocials-theme-classic sgmbWidget1-1\"><\/div><div class=\"dropdownWrapper dropdownWrapper1 dropdownWrapper-for-widget \" id=\"dropdownWrapper-for-widget\">\r\n\t\t\t\t\t\t<div class=\"dropdownLabel\" id=\"dropdownLabel-share-list\"><span class=\"sgmbButtonListLabel1\">Share List<\/span><\/div>\r\n\t\t\t\t\t\t<div class=\"dropdownPanel dropdownPanel1-1\">\r\n\t\t\t\t\t\t<\/div>\r\n\t\t\t\t\t<\/div><script>  SGMB_URL = \"http:\/\/www.apucarana.pr.gov.br\/ame\/wp-content\/plugins\/social-media-builder\/\"; jQuery(\".dropdownWrapper\").hide(); SGMB_GOOGLE_ACOUNT = \"\"; <\/script><script type=\"text\/javascript\">\r\n\t\tjQuery(document).ready(function($){var widget = new SGMBWidget();widget.show({\"id\":\"1\",\"title\":\"Face\\\/Twitter\",\"options\":{\"currentUrl\":\"1\",\"url\":\"\",\"shareText\":\"\",\"fontSize\":\"14\",\"betweenButtons\":\"1px\",\"theme\":\"classic\",\"sgmbButtonsPosition\":\"bottomLeft\",\"socialTheme\":\"\",\"icon\":\"default\",\"buttonsPanelEffect\":\"No Effect\",\"buttonsEffect\":\"No Effect\",\"iconsEffect\":\"No Effect\",\"buttons\":\"{\\\"facebook\\\":{\\\"label\\\":\\\"Share\\\",\\\"icon\\\":\\\"default-facebook\\\"},\\\"twitter\\\":{\\\"label\\\":\\\"Tweet\\\",\\\"icon\\\":\\\"default-twitter\\\",\\\"via\\\":\\\"\\\",\\\"hashtags\\\":\\\"\\\"}}\",\"roundButton\":\"\",\"showLabels\":\"\",\"showCounts\":\"\",\"showCenter\":\"\",\"showButtonsAsList\":\"\",\"sgmbDropdownColor\":\"\",\"sgmbDropdownLabelFontSize\":\"14\",\"sgmbDropdownLabelColor\":\"\",\"showButtonsOnEveryPost\":\"on\",\"selectedOrExcluded\":\"\",\"showButtonsOnEveryPage\":\"\",\"textOnEveryPost\":\"Compartilhe\",\"showButtonsOnCustomPost\":\"\",\"textOnCustomPost\":\"\",\"showButtonsOnMobileDirect\":\"on\",\"showButtonsOnDesktopDirect\":\"on\",\"sgmbSelectedPages\":[\"\"],\"sgmbExcludedPosts\":[\"\"],\"sgmbSelectedCustomPosts\":[],\"showButtonsInPopup\":\"\",\"titleOfPopup\":\"\",\"descriptionOfPopup\":\"\",\"showPopupOnLoad\":\"\",\"showPopupOnScroll\":\"\",\"showPopupOnExit\":\"\",\"openSecondsOfPopup\":\"\",\"googleAnaliticsAccount\":\"\"},\"buttonOptions\":{\"facebook\":{\"label\":\"Share\",\"icon\":\"default-facebook\"},\"twitter\":{\"label\":\"Tweet\",\"icon\":\"default-twitter\",\"via\":\"\",\"hashtags\":\"\"}},\"button\":[\"facebook\",\"twitter\"]}, 1, '', 'http:\/\/www.apucarana.pr.gov.br\/ame\/wp-content\/uploads\/2022\/06\/IMG_2499-scaled.jpg', '', 'http:\/\/www.apucarana.pr.gov.br\/ame\/educacao-de-jovens-e-adultos-esta-com-matriculas-abertas\/'); });<\/script><\/div><script> jQuery(\".socialMediaOnEveryPost\").addClass(\"sgmb-left\") <\/script>","protected":false},"excerpt":{"rendered":"<p>A modalidade tem como p\u00fablico-alvo pessoas, a partir dos 15 anos at\u00e9 idosos, que n\u00e3o aprenderam a ler e a escrever ou n\u00e3o conclu\u00edram seus estudos na idade adequada<\/p>\n","protected":false},"author":10,"featured_media":10724,"comment_status":"closed","ping_status":"open","sticky":false,"template":"","format":"standard","meta":[],"categories":[9],"tags":[],"_links":{"self":[{"href":"http:\/\/www.apucarana.pr.gov.br\/ame\/wp-json\/wp\/v2\/posts\/10721"}],"collection":[{"href":"http:\/\/www.apucarana.pr.gov.br\/ame\/wp-json\/wp\/v2\/posts"}],"about":[{"href":"http:\/\/www.apucarana.pr.gov.br\/ame\/wp-json\/wp\/v2\/types\/post"}],"author":[{"embeddable":true,"href":"http:\/\/www.apucarana.pr.gov.br\/ame\/wp-json\/wp\/v2\/users\/10"}],"replies":[{"embeddable":true,"href":"http:\/\/www.apucarana.pr.gov.br\/ame\/wp-json\/wp\/v2\/comments?post=10721"}],"version-history":[{"count":1,"href":"http:\/\/www.apucarana.pr.gov.br\/ame\/wp-json\/wp\/v2\/posts\/10721\/revisions"}],"predecessor-version":[{"id":10726,"href":"http:\/\/www.apucarana.pr.gov.br\/ame\/wp-json\/wp\/v2\/posts\/10721\/revisions\/10726"}],"wp:featuredmedia":[{"embeddable":true,"href":"http:\/\/www.apucarana.pr.gov.br\/ame\/wp-json\/wp\/v2\/media\/10724"}],"wp:attachment":[{"href":"http:\/\/www.apucarana.pr.gov.br\/ame\/wp-json\/wp\/v2\/media?parent=10721"}],"wp:term":[{"taxonomy":"category","embeddable":true,"href":"http:\/\/www.apucarana.pr.gov.br\/ame\/wp-json\/wp\/v2\/categories?post=10721"},{"taxonomy":"post_tag","embeddable":true,"href":"http:\/\/www.apucarana.pr.gov.br\/ame\/wp-json\/wp\/v2\/tags?post=10721"}],"curies":[{"name":"wp","href":"https:\/\/api.w.org\/{rel}","templated":true}]}}