{"id":10719,"date":"2022-06-23T15:52:51","date_gmt":"2022-06-23T18:52:51","guid":{"rendered":"http:\/\/www.apucarana.pr.gov.br\/ame\/?p=10719"},"modified":"2024-10-08T09:09:45","modified_gmt":"2024-10-08T12:09:45","slug":"polo-da-uab-abre-inscricoes-para-especializacao-em-educacao","status":"publish","type":"post","link":"http:\/\/www.apucarana.pr.gov.br\/ame\/polo-da-uab-abre-inscricoes-para-especializacao-em-educacao\/","title":{"rendered":"Polo da UAB abre inscri\u00e7\u00f5es para Especializa\u00e7\u00e3o em Educa\u00e7\u00e3o"},"content":{"rendered":"<p>O polo da Universidade Aberta do Brasil (Polo da UAB) comunica que est\u00e1 com inscri\u00e7\u00f5es abertas para a Especializa\u00e7\u00e3o em Educa\u00e7\u00e3o: M\u00e9todos e T\u00e9cnicas de Ensino. Ao todo, s\u00e3o 25 vagas destinadas ao munic\u00edpio de Apucarana. O curso ser\u00e1 ofertado, no modelo semipresencial, pela Universidade Tecnol\u00f3gica Federal do Paran\u00e1 (UTFPR).<\/p>\n<p>A secret\u00e1ria Marli Fernandes explica que a p\u00f3s-gradua\u00e7\u00e3o tem como p\u00fablico-alvo os docentes, prioritariamente aqueles que atuam na etapa da Educa\u00e7\u00e3o B\u00e1sica. \u201cA atualiza\u00e7\u00e3o regular dos conhecimentos \u00e9 importante para qualquer profissional, por\u00e9m muito mais para quem trabalha formando as novas gera\u00e7\u00f5es de cidad\u00e3os. Por isso, eu incentivo fortemente os professores da nossa rede municipal a inscreverem-se nesta especializa\u00e7\u00e3o\u201d diz.<\/p>\n<p>\u201cOs cursos ofertados pela Universidade Tecnol\u00f3gica Federal do Paran\u00e1, em parceria com o Polo da UAB de Apucarana, t\u00eam excelente qualidade. Os educadores que realizarem a forma\u00e7\u00e3o certamente sair\u00e3o muito bem preparados, enriquecendo o processo de ensino-aprendizagem nas suas salas de aula,\u201d acrescentou o prefeito Junior da Femac.<\/p>\n<p>As inscri\u00e7\u00f5es para a Especializa\u00e7\u00e3o em Educa\u00e7\u00e3o: M\u00e9todos e T\u00e9cnicas de Ensino devem ser feitas at\u00e9 27 de julho, exclusivamente pela internet, no <a href=\"http:\/\/ead.utfpr.edu.br\/ead\/candidato\/edital.php\">portal de Educa\u00e7\u00e3o a Dist\u00e2ncia da UTFPR<\/a>.<\/p>\n<p>A p\u00f3s-gradua\u00e7\u00e3o ter\u00e1 dura\u00e7\u00e3o de 360 horas, excluindo o tempo destinado a atividades extracurriculares e \u00e0 elabora\u00e7\u00e3o do Trabalho de Conclus\u00e3o de Curso (TCC). A previs\u00e3o \u00e9 de que as aulas comecem no m\u00eas de setembro.<\/p>\n<p>A coordenadora do Polo da UAB de Apucarana, Sueli Gomes R\u00eais Gon\u00e7alves, frisa que a Especializa\u00e7\u00e3o em Educa\u00e7\u00e3o: M\u00e9todos e T\u00e9cnicas de Ensino ser\u00e1 totalmente gratuita. \u201cO \u00fanico custo refere-se ao pagamento da taxa de inscri\u00e7\u00e3o, no valor de R$ 98,00, para que o candidato participe do processo seletivo,\u201d afirma.<\/p>\n<p>Informa\u00e7\u00f5es mais detalhadas podem ser obtidas diretamente no edital n\u00ba 10\/22 \u2013 MD, dispon\u00edvel no <a href=\"http:\/\/ead.utfpr.edu.br\/ead\/sgr\/editais\/2022062016___EDUAPU.pdf\">blog do Polo da UAB de Apucarana<\/a>.<\/p>\n<div class = 'socialMediaOnEveryPost'>Compartilhe<div id=\"sgmbShare1-1\" class=\"sgmbShare jssocials-theme-classic sgmbWidget1-1\"><\/div><div class=\"dropdownWrapper dropdownWrapper1 dropdownWrapper-for-widget \" id=\"dropdownWrapper-for-widget\">\r\n\t\t\t\t\t\t<div class=\"dropdownLabel\" id=\"dropdownLabel-share-list\"><span class=\"sgmbButtonListLabel1\">Share List<\/span><\/div>\r\n\t\t\t\t\t\t<div class=\"dropdownPanel dropdownPanel1-1\">\r\n\t\t\t\t\t\t<\/div>\r\n\t\t\t\t\t<\/div><script>  SGMB_URL = \"http:\/\/www.apucarana.pr.gov.br\/ame\/wp-content\/plugins\/social-media-builder\/\"; jQuery(\".dropdownWrapper\").hide(); SGMB_GOOGLE_ACOUNT = \"\"; <\/script><script type=\"text\/javascript\">\r\n\t\tjQuery(document).ready(function($){var widget = new SGMBWidget();widget.show({\"id\":\"1\",\"title\":\"Face\\\/Twitter\",\"options\":{\"currentUrl\":\"1\",\"url\":\"\",\"shareText\":\"\",\"fontSize\":\"14\",\"betweenButtons\":\"1px\",\"theme\":\"classic\",\"sgmbButtonsPosition\":\"bottomLeft\",\"socialTheme\":\"\",\"icon\":\"default\",\"buttonsPanelEffect\":\"No Effect\",\"buttonsEffect\":\"No Effect\",\"iconsEffect\":\"No Effect\",\"buttons\":\"{\\\"facebook\\\":{\\\"label\\\":\\\"Share\\\",\\\"icon\\\":\\\"default-facebook\\\"},\\\"twitter\\\":{\\\"label\\\":\\\"Tweet\\\",\\\"icon\\\":\\\"default-twitter\\\",\\\"via\\\":\\\"\\\",\\\"hashtags\\\":\\\"\\\"}}\",\"roundButton\":\"\",\"showLabels\":\"\",\"showCounts\":\"\",\"showCenter\":\"\",\"showButtonsAsList\":\"\",\"sgmbDropdownColor\":\"\",\"sgmbDropdownLabelFontSize\":\"14\",\"sgmbDropdownLabelColor\":\"\",\"showButtonsOnEveryPost\":\"on\",\"selectedOrExcluded\":\"\",\"showButtonsOnEveryPage\":\"\",\"textOnEveryPost\":\"Compartilhe\",\"showButtonsOnCustomPost\":\"\",\"textOnCustomPost\":\"\",\"showButtonsOnMobileDirect\":\"on\",\"showButtonsOnDesktopDirect\":\"on\",\"sgmbSelectedPages\":[\"\"],\"sgmbExcludedPosts\":[\"\"],\"sgmbSelectedCustomPosts\":[],\"showButtonsInPopup\":\"\",\"titleOfPopup\":\"\",\"descriptionOfPopup\":\"\",\"showPopupOnLoad\":\"\",\"showPopupOnScroll\":\"\",\"showPopupOnExit\":\"\",\"openSecondsOfPopup\":\"\",\"googleAnaliticsAccount\":\"\"},\"buttonOptions\":{\"facebook\":{\"label\":\"Share\",\"icon\":\"default-facebook\"},\"twitter\":{\"label\":\"Tweet\",\"icon\":\"default-twitter\",\"via\":\"\",\"hashtags\":\"\"}},\"button\":[\"facebook\",\"twitter\"]}, 1, '', 'http:\/\/www.apucarana.pr.gov.br\/ame\/wp-content\/uploads\/2022\/03\/POLOEDSON-DENOBI06.jpg', '', 'http:\/\/www.apucarana.pr.gov.br\/ame\/polo-da-uab-abre-inscricoes-para-especializacao-em-educacao\/'); });<\/script><\/div><script> jQuery(\".socialMediaOnEveryPost\").addClass(\"sgmb-left\") <\/script>","protected":false},"excerpt":{"rendered":"<p>O curso ser\u00e1 ofertado, no modelo semipresencial, pela Universidade Tecnol\u00f3gica Federal do Paran\u00e1 (UTFPR)<\/p>\n","protected":false},"author":10,"featured_media":10356,"comment_status":"closed","ping_status":"open","sticky":false,"template":"","format":"standard","meta":[],"categories":[9],"tags":[],"_links":{"self":[{"href":"http:\/\/www.apucarana.pr.gov.br\/ame\/wp-json\/wp\/v2\/posts\/10719"}],"collection":[{"href":"http:\/\/www.apucarana.pr.gov.br\/ame\/wp-json\/wp\/v2\/posts"}],"about":[{"href":"http:\/\/www.apucarana.pr.gov.br\/ame\/wp-json\/wp\/v2\/types\/post"}],"author":[{"embeddable":true,"href":"http:\/\/www.apucarana.pr.gov.br\/ame\/wp-json\/wp\/v2\/users\/10"}],"replies":[{"embeddable":true,"href":"http:\/\/www.apucarana.pr.gov.br\/ame\/wp-json\/wp\/v2\/comments?post=10719"}],"version-history":[{"count":1,"href":"http:\/\/www.apucarana.pr.gov.br\/ame\/wp-json\/wp\/v2\/posts\/10719\/revisions"}],"predecessor-version":[{"id":10720,"href":"http:\/\/www.apucarana.pr.gov.br\/ame\/wp-json\/wp\/v2\/posts\/10719\/revisions\/10720"}],"wp:featuredmedia":[{"embeddable":true,"href":"http:\/\/www.apucarana.pr.gov.br\/ame\/wp-json\/wp\/v2\/media\/10356"}],"wp:attachment":[{"href":"http:\/\/www.apucarana.pr.gov.br\/ame\/wp-json\/wp\/v2\/media?parent=10719"}],"wp:term":[{"taxonomy":"category","embeddable":true,"href":"http:\/\/www.apucarana.pr.gov.br\/ame\/wp-json\/wp\/v2\/categories?post=10719"},{"taxonomy":"post_tag","embeddable":true,"href":"http:\/\/www.apucarana.pr.gov.br\/ame\/wp-json\/wp\/v2\/tags?post=10719"}],"curies":[{"name":"wp","href":"https:\/\/api.w.org\/{rel}","templated":true}]}}