{"id":10710,"date":"2022-06-22T16:24:05","date_gmt":"2022-06-22T19:24:05","guid":{"rendered":"http:\/\/www.apucarana.pr.gov.br\/ame\/?p=10710"},"modified":"2024-10-08T09:09:45","modified_gmt":"2024-10-08T12:09:45","slug":"autarquia-de-educacao-convoca-120-candidatos-aprovados-em-concurso-publico","status":"publish","type":"post","link":"http:\/\/www.apucarana.pr.gov.br\/ame\/autarquia-de-educacao-convoca-120-candidatos-aprovados-em-concurso-publico\/","title":{"rendered":"Autarquia de Educa\u00e7\u00e3o convoca 120 candidatos  aprovados em concurso p\u00fablico"},"content":{"rendered":"<p>A Autarquia Municipal de Educa\u00e7\u00e3o est\u00e1 convocando aproximadamente 120 candidatos aprovados em concurso p\u00fablico para refor\u00e7ar o quadro de funcion\u00e1rios dos 23 centros infantis (CMEIs) e 35 escolas da sua rede. Os editais 041, 042, 043, 044, 045 e 046\/2022 foram publicados hoje (22\/6) no Di\u00e1rio Oficial da Prefeitura de Apucarana.<\/p>\n<p>De acordo com a secret\u00e1ria de educa\u00e7\u00e3o Marli Fernandes, 100 auxiliares de servi\u00e7os gerais, dez professores, oito assistentes infantis e tr\u00eas assistentes administrativos est\u00e3o sendo chamados neste momento. \u201cComo a lei complementar federal n\u00ba 173\/2020 proibiu que os \u00f3rg\u00e3os p\u00fablicos aumentassem suas despesas durante a pandemia, n\u00f3s fizemos apenas contrata\u00e7\u00f5es pontuais nos \u00faltimos dois anos e as equipes das unidades de ensino ficaram bastante desfalcadas. A vig\u00eancia da lei, entretanto, expirou em 31 de dezembro de 2021. Desde ent\u00e3o, n\u00f3s retomamos a convoca\u00e7\u00e3o dos aprovados em concurso p\u00fablico,\u201d explicou.<\/p>\n<p>O prefeito Junior da Femac frisou que a educa\u00e7\u00e3o \u00e9 uma pasta priorit\u00e1ria na sua gest\u00e3o. \u201cDesde 2013, n\u00f3s temos investido pesado na reforma e amplia\u00e7\u00e3o dos pr\u00e9dios escolares, na compra de produtos saud\u00e1veis e nutritivos para a merenda, na introdu\u00e7\u00e3o das disciplinas de Ingl\u00eas e Espanhol no curr\u00edculo, na implanta\u00e7\u00e3o do Sistema Maxi de Ensino, na realiza\u00e7\u00e3o de concursos p\u00fablicos para a contrata\u00e7\u00e3o de novos profissionais e na forma\u00e7\u00e3o continuada dos servidores que j\u00e1 atuam na rede. Gra\u00e7as a tudo isso, Apucarana foi eleita, no final do ano passado, em estudo realizado pelo Grupo Bandeirantes de Comunica\u00e7\u00e3o e o Instituto \u00c1quila, como a cidade brasileira que oferece a melhor educa\u00e7\u00e3o b\u00e1sica \u00e0s suas crian\u00e7as,\u201d disse.<\/p>\n<p>Os convocados para os cargos de assistente infantil, professor e assistente administrativo dever\u00e3o comparecer ao sal\u00e3o nobre da Prefeitura de Apucarana na pr\u00f3xima sexta-feira (24\/6), \u00e0s 9h 30min. J\u00e1 os convocados para o cargo de auxiliar de servi\u00e7os gerais dever\u00e3o se apresentar na segunda-feira (27\/6), \u00e0s 9 horas, tamb\u00e9m no sal\u00e3o nobre da Prefeitura de Apucarana.<\/p>\n<p>Os editais 041, 042, 043, 044, 045 e 046\/2022 est\u00e3o dispon\u00edveis no seguinte endere\u00e7o eletr\u00f4nico: <a href=\"http:\/\/sys.apucarana.pr.gov.br\/apucarana-pr\/FWLocal\/editais_concursos\/?concurso=2ame\">http:\/\/sys.apucarana.pr.gov.br\/apucarana-pr\/FWLocal\/editais_concursos\/?concurso=2ame<\/a><\/p>\n<div class = 'socialMediaOnEveryPost'>Compartilhe<div id=\"sgmbShare1-1\" class=\"sgmbShare jssocials-theme-classic sgmbWidget1-1\"><\/div><div class=\"dropdownWrapper dropdownWrapper1 dropdownWrapper-for-widget \" id=\"dropdownWrapper-for-widget\">\r\n\t\t\t\t\t\t<div class=\"dropdownLabel\" id=\"dropdownLabel-share-list\"><span class=\"sgmbButtonListLabel1\">Share List<\/span><\/div>\r\n\t\t\t\t\t\t<div class=\"dropdownPanel dropdownPanel1-1\">\r\n\t\t\t\t\t\t<\/div>\r\n\t\t\t\t\t<\/div><script>  SGMB_URL = \"http:\/\/www.apucarana.pr.gov.br\/ame\/wp-content\/plugins\/social-media-builder\/\"; jQuery(\".dropdownWrapper\").hide(); SGMB_GOOGLE_ACOUNT = \"\"; <\/script><script type=\"text\/javascript\">\r\n\t\tjQuery(document).ready(function($){var widget = new SGMBWidget();widget.show({\"id\":\"1\",\"title\":\"Face\\\/Twitter\",\"options\":{\"currentUrl\":\"1\",\"url\":\"\",\"shareText\":\"\",\"fontSize\":\"14\",\"betweenButtons\":\"1px\",\"theme\":\"classic\",\"sgmbButtonsPosition\":\"bottomLeft\",\"socialTheme\":\"\",\"icon\":\"default\",\"buttonsPanelEffect\":\"No Effect\",\"buttonsEffect\":\"No Effect\",\"iconsEffect\":\"No Effect\",\"buttons\":\"{\\\"facebook\\\":{\\\"label\\\":\\\"Share\\\",\\\"icon\\\":\\\"default-facebook\\\"},\\\"twitter\\\":{\\\"label\\\":\\\"Tweet\\\",\\\"icon\\\":\\\"default-twitter\\\",\\\"via\\\":\\\"\\\",\\\"hashtags\\\":\\\"\\\"}}\",\"roundButton\":\"\",\"showLabels\":\"\",\"showCounts\":\"\",\"showCenter\":\"\",\"showButtonsAsList\":\"\",\"sgmbDropdownColor\":\"\",\"sgmbDropdownLabelFontSize\":\"14\",\"sgmbDropdownLabelColor\":\"\",\"showButtonsOnEveryPost\":\"on\",\"selectedOrExcluded\":\"\",\"showButtonsOnEveryPage\":\"\",\"textOnEveryPost\":\"Compartilhe\",\"showButtonsOnCustomPost\":\"\",\"textOnCustomPost\":\"\",\"showButtonsOnMobileDirect\":\"on\",\"showButtonsOnDesktopDirect\":\"on\",\"sgmbSelectedPages\":[\"\"],\"sgmbExcludedPosts\":[\"\"],\"sgmbSelectedCustomPosts\":[],\"showButtonsInPopup\":\"\",\"titleOfPopup\":\"\",\"descriptionOfPopup\":\"\",\"showPopupOnLoad\":\"\",\"showPopupOnScroll\":\"\",\"showPopupOnExit\":\"\",\"openSecondsOfPopup\":\"\",\"googleAnaliticsAccount\":\"\"},\"buttonOptions\":{\"facebook\":{\"label\":\"Share\",\"icon\":\"default-facebook\"},\"twitter\":{\"label\":\"Tweet\",\"icon\":\"default-twitter\",\"via\":\"\",\"hashtags\":\"\"}},\"button\":[\"facebook\",\"twitter\"]}, 1, '', 'http:\/\/www.apucarana.pr.gov.br\/ame\/wp-content\/uploads\/2022\/06\/IMG_5989-scaled.jpg', '', 'http:\/\/www.apucarana.pr.gov.br\/ame\/autarquia-de-educacao-convoca-120-candidatos-aprovados-em-concurso-publico\/'); });<\/script><\/div><script> jQuery(\".socialMediaOnEveryPost\").addClass(\"sgmb-left\") <\/script>","protected":false},"excerpt":{"rendered":"<p>Os editais 041, 042, 043, 044, 045 e 046\/2022 foram publicados hoje (22\/6) no Di\u00e1rio Oficial da Prefeitura de Apucarana<\/p>\n","protected":false},"author":10,"featured_media":10711,"comment_status":"closed","ping_status":"open","sticky":false,"template":"","format":"standard","meta":[],"categories":[9],"tags":[],"_links":{"self":[{"href":"http:\/\/www.apucarana.pr.gov.br\/ame\/wp-json\/wp\/v2\/posts\/10710"}],"collection":[{"href":"http:\/\/www.apucarana.pr.gov.br\/ame\/wp-json\/wp\/v2\/posts"}],"about":[{"href":"http:\/\/www.apucarana.pr.gov.br\/ame\/wp-json\/wp\/v2\/types\/post"}],"author":[{"embeddable":true,"href":"http:\/\/www.apucarana.pr.gov.br\/ame\/wp-json\/wp\/v2\/users\/10"}],"replies":[{"embeddable":true,"href":"http:\/\/www.apucarana.pr.gov.br\/ame\/wp-json\/wp\/v2\/comments?post=10710"}],"version-history":[{"count":1,"href":"http:\/\/www.apucarana.pr.gov.br\/ame\/wp-json\/wp\/v2\/posts\/10710\/revisions"}],"predecessor-version":[{"id":10712,"href":"http:\/\/www.apucarana.pr.gov.br\/ame\/wp-json\/wp\/v2\/posts\/10710\/revisions\/10712"}],"wp:featuredmedia":[{"embeddable":true,"href":"http:\/\/www.apucarana.pr.gov.br\/ame\/wp-json\/wp\/v2\/media\/10711"}],"wp:attachment":[{"href":"http:\/\/www.apucarana.pr.gov.br\/ame\/wp-json\/wp\/v2\/media?parent=10710"}],"wp:term":[{"taxonomy":"category","embeddable":true,"href":"http:\/\/www.apucarana.pr.gov.br\/ame\/wp-json\/wp\/v2\/categories?post=10710"},{"taxonomy":"post_tag","embeddable":true,"href":"http:\/\/www.apucarana.pr.gov.br\/ame\/wp-json\/wp\/v2\/tags?post=10710"}],"curies":[{"name":"wp","href":"https:\/\/api.w.org\/{rel}","templated":true}]}}