{"id":10700,"date":"2022-06-21T13:28:06","date_gmt":"2022-06-21T16:28:06","guid":{"rendered":"http:\/\/www.apucarana.pr.gov.br\/ame\/?p=10700"},"modified":"2024-10-08T09:09:45","modified_gmt":"2024-10-08T12:09:45","slug":"cmei-benedito-leugi-passa-por-reforma-e-ampliacao","status":"publish","type":"post","link":"http:\/\/www.apucarana.pr.gov.br\/ame\/cmei-benedito-leugi-passa-por-reforma-e-ampliacao\/","title":{"rendered":"CMEI Benedito Leugi passa por reforma e amplia\u00e7\u00e3o"},"content":{"rendered":"<p>O CMEI Benedito Leugi, que atende as crian\u00e7as do N\u00facleo Jo\u00e3o Paulo e bairros pr\u00f3ximos, est\u00e1 passando por um processo de reforma e amplia\u00e7\u00e3o. Atualmente o CMEI conta com: 09 salas de aula, sala de diretoria, cozinha, biblioteca, parque infantil, banheiro adequado \u00e0 educa\u00e7\u00e3o infantil, refeit\u00f3rio, despensa, almoxarifado, p\u00e1tio descoberto e \u00e1rea verde. A reforma inclui a demoli\u00e7\u00e3o dos sanit\u00e1rios e a cria\u00e7\u00e3o de novos espa\u00e7os como: recep\u00e7\u00e3o para atendimento, sala de professores, p\u00e1tio coberto, dep\u00f3sito de merenda e utens\u00edlios e dep\u00f3sito de material de limpeza. Ser\u00e1 feita tamb\u00e9m a amplia\u00e7\u00e3o do refeit\u00f3rio e uma cobertura na varanda no setor de servi\u00e7os.<\/p>\n<p>Al\u00e9m dessas reformas, tamb\u00e9m ser\u00e1 constru\u00eddo um novo bloco com mais 03 salas de aula, sanit\u00e1rios feminino e masculino, \u00e1rea de servi\u00e7o e sanit\u00e1rios para funcion\u00e1rios.<\/p>\n<p>A secret\u00e1ria Marli Fernandes lembra que: \u201cEssa reforma no CMEI Benedito Leugi faz parte de um conjunto de obras, que se espalham pelos CMEIs e Escolas da rede municipal de ensino, sempre no intuito de proporcionar bem estar e mais qualidade para as crian\u00e7as, professores e funcion\u00e1rios das institui\u00e7\u00f5es\u201d.<\/p>\n<p>O prefeito J\u00fanior da Femac destaca que, \u201catualmente, 160 crian\u00e7as s\u00e3o atendidas e com essa reforma o CMEI vai ofertar aproximadamente 230 vagas, ampliando cada vez mais, o atendimento aos pais daquela regi\u00e3o da cidade\u201d.<\/p>\n<p>A empresa vencedora da licita\u00e7\u00e3o, Portic Constru\u00e7\u00f5es e Engenharia Eireli, est\u00e1 a todo vapor com as obras, com uma \u00e1rea de reforma de 460,22 m\u00b2, amplia\u00e7\u00e3o de 294,66m\u00b2, totalizando 754,88m\u00b2 de obras.<\/p>\n<div class = 'socialMediaOnEveryPost'>Compartilhe<div id=\"sgmbShare1-1\" class=\"sgmbShare jssocials-theme-classic sgmbWidget1-1\"><\/div><div class=\"dropdownWrapper dropdownWrapper1 dropdownWrapper-for-widget \" id=\"dropdownWrapper-for-widget\">\r\n\t\t\t\t\t\t<div class=\"dropdownLabel\" id=\"dropdownLabel-share-list\"><span class=\"sgmbButtonListLabel1\">Share List<\/span><\/div>\r\n\t\t\t\t\t\t<div class=\"dropdownPanel dropdownPanel1-1\">\r\n\t\t\t\t\t\t<\/div>\r\n\t\t\t\t\t<\/div><script>  SGMB_URL = \"http:\/\/www.apucarana.pr.gov.br\/ame\/wp-content\/plugins\/social-media-builder\/\"; jQuery(\".dropdownWrapper\").hide(); SGMB_GOOGLE_ACOUNT = \"\"; <\/script><script type=\"text\/javascript\">\r\n\t\tjQuery(document).ready(function($){var widget = new SGMBWidget();widget.show({\"id\":\"1\",\"title\":\"Face\\\/Twitter\",\"options\":{\"currentUrl\":\"1\",\"url\":\"\",\"shareText\":\"\",\"fontSize\":\"14\",\"betweenButtons\":\"1px\",\"theme\":\"classic\",\"sgmbButtonsPosition\":\"bottomLeft\",\"socialTheme\":\"\",\"icon\":\"default\",\"buttonsPanelEffect\":\"No Effect\",\"buttonsEffect\":\"No Effect\",\"iconsEffect\":\"No Effect\",\"buttons\":\"{\\\"facebook\\\":{\\\"label\\\":\\\"Share\\\",\\\"icon\\\":\\\"default-facebook\\\"},\\\"twitter\\\":{\\\"label\\\":\\\"Tweet\\\",\\\"icon\\\":\\\"default-twitter\\\",\\\"via\\\":\\\"\\\",\\\"hashtags\\\":\\\"\\\"}}\",\"roundButton\":\"\",\"showLabels\":\"\",\"showCounts\":\"\",\"showCenter\":\"\",\"showButtonsAsList\":\"\",\"sgmbDropdownColor\":\"\",\"sgmbDropdownLabelFontSize\":\"14\",\"sgmbDropdownLabelColor\":\"\",\"showButtonsOnEveryPost\":\"on\",\"selectedOrExcluded\":\"\",\"showButtonsOnEveryPage\":\"\",\"textOnEveryPost\":\"Compartilhe\",\"showButtonsOnCustomPost\":\"\",\"textOnCustomPost\":\"\",\"showButtonsOnMobileDirect\":\"on\",\"showButtonsOnDesktopDirect\":\"on\",\"sgmbSelectedPages\":[\"\"],\"sgmbExcludedPosts\":[\"\"],\"sgmbSelectedCustomPosts\":[],\"showButtonsInPopup\":\"\",\"titleOfPopup\":\"\",\"descriptionOfPopup\":\"\",\"showPopupOnLoad\":\"\",\"showPopupOnScroll\":\"\",\"showPopupOnExit\":\"\",\"openSecondsOfPopup\":\"\",\"googleAnaliticsAccount\":\"\"},\"buttonOptions\":{\"facebook\":{\"label\":\"Share\",\"icon\":\"default-facebook\"},\"twitter\":{\"label\":\"Tweet\",\"icon\":\"default-twitter\",\"via\":\"\",\"hashtags\":\"\"}},\"button\":[\"facebook\",\"twitter\"]}, 1, '', 'http:\/\/www.apucarana.pr.gov.br\/ame\/wp-content\/uploads\/2022\/06\/CMEI-BENEDITO-LEUGI-7.jpg', '', 'http:\/\/www.apucarana.pr.gov.br\/ame\/cmei-benedito-leugi-passa-por-reforma-e-ampliacao\/'); });<\/script><\/div><script> jQuery(\".socialMediaOnEveryPost\").addClass(\"sgmb-left\") <\/script>","protected":false},"excerpt":{"rendered":"<p>A empreiteira Portic Constru\u00e7\u00f5es e Engenharia Eireli j\u00e1 iniciou as obras, com \u00e1rea de reforma de 460,22 m\u00b2 e amplia\u00e7\u00e3o de 294,66m\u00b2<\/p>\n","protected":false},"author":10,"featured_media":10707,"comment_status":"closed","ping_status":"open","sticky":false,"template":"","format":"standard","meta":[],"categories":[9],"tags":[],"_links":{"self":[{"href":"http:\/\/www.apucarana.pr.gov.br\/ame\/wp-json\/wp\/v2\/posts\/10700"}],"collection":[{"href":"http:\/\/www.apucarana.pr.gov.br\/ame\/wp-json\/wp\/v2\/posts"}],"about":[{"href":"http:\/\/www.apucarana.pr.gov.br\/ame\/wp-json\/wp\/v2\/types\/post"}],"author":[{"embeddable":true,"href":"http:\/\/www.apucarana.pr.gov.br\/ame\/wp-json\/wp\/v2\/users\/10"}],"replies":[{"embeddable":true,"href":"http:\/\/www.apucarana.pr.gov.br\/ame\/wp-json\/wp\/v2\/comments?post=10700"}],"version-history":[{"count":1,"href":"http:\/\/www.apucarana.pr.gov.br\/ame\/wp-json\/wp\/v2\/posts\/10700\/revisions"}],"predecessor-version":[{"id":10709,"href":"http:\/\/www.apucarana.pr.gov.br\/ame\/wp-json\/wp\/v2\/posts\/10700\/revisions\/10709"}],"wp:featuredmedia":[{"embeddable":true,"href":"http:\/\/www.apucarana.pr.gov.br\/ame\/wp-json\/wp\/v2\/media\/10707"}],"wp:attachment":[{"href":"http:\/\/www.apucarana.pr.gov.br\/ame\/wp-json\/wp\/v2\/media?parent=10700"}],"wp:term":[{"taxonomy":"category","embeddable":true,"href":"http:\/\/www.apucarana.pr.gov.br\/ame\/wp-json\/wp\/v2\/categories?post=10700"},{"taxonomy":"post_tag","embeddable":true,"href":"http:\/\/www.apucarana.pr.gov.br\/ame\/wp-json\/wp\/v2\/tags?post=10700"}],"curies":[{"name":"wp","href":"https:\/\/api.w.org\/{rel}","templated":true}]}}