{"id":10697,"date":"2022-06-20T13:20:51","date_gmt":"2022-06-20T16:20:51","guid":{"rendered":"http:\/\/www.apucarana.pr.gov.br\/ame\/?p=10697"},"modified":"2024-10-08T09:09:45","modified_gmt":"2024-10-08T12:09:45","slug":"sistema-maxi-elabora-livro-didatico-especificamente-para-a-rede-municipal-de-ensino-de-apucarana","status":"publish","type":"post","link":"http:\/\/www.apucarana.pr.gov.br\/ame\/sistema-maxi-elabora-livro-didatico-especificamente-para-a-rede-municipal-de-ensino-de-apucarana\/","title":{"rendered":"Sistema Maxi elabora livro did\u00e1tico especificamente  para a rede municipal de ensino de Apucarana"},"content":{"rendered":"<p>O Sistema Maxi de Ensino elaborou um livro did\u00e1tico, sobre hist\u00f3ria e geografia do Paran\u00e1, especificamente para a rede municipal de ensino Apucarana. A obra, que foi constru\u00edda pela editora seguindo as orienta\u00e7\u00f5es da equipe pedag\u00f3gica da Autarquia de Educa\u00e7\u00e3o, atende a todos os requisitos do Referencial Curricular do Paran\u00e1 (RCPR) e da Base Nacional Comum Curricular (BNCC).<\/p>\n<p>A Autarquia de Educa\u00e7\u00e3o investiu aproximadamente R$ 4 milh\u00f5es na implanta\u00e7\u00e3o do Sistema Maxi de Ensino nas 35 escolas da sua rede, para as turmas do Infantil IV (Pr\u00e9 I) ao 5\u00ba ano do Ensino Fundamental. O material \u00e9 composto por livro do aluno, livro do professor, agenda, plataforma digital, assessoria pedag\u00f3gica e digital, simulados e avalia\u00e7\u00f5es.<\/p>\n<p>\u201cA nossa equipe pedag\u00f3gica percebeu que o livro did\u00e1tico ofertado inicialmente pelo Sistema Maxi, a ser utilizado pelos alunos do 4\u00ba e do 5\u00ba ano, estava em conson\u00e2ncia com a Base Nacional Comum Curricular, mas ainda n\u00e3o contemplava a hist\u00f3ria e a geografia da regi\u00e3o da forma prevista no Referencial Curricular do Paran\u00e1. Por isso, n\u00f3s solicitamos que a editora reestruturasse o livro, seguindo tamb\u00e9m os direitos e objetivos de aprendizagem previstos no documento estadual para a Educa\u00e7\u00e3o B\u00e1sica. A obra foi desenvolvida com a colabora\u00e7\u00e3o da nossa equipe pedag\u00f3gica,\u201d detalhou a secret\u00e1ria Marli Fernandes.<\/p>\n<p>O prefeito Junior da Femac lembrou-se de que a secret\u00e1ria Marli Fernandes e a equipe pedag\u00f3gica da Autarquia de Educa\u00e7\u00e3o participaram ativamente da constru\u00e7\u00e3o do Referencial Curricular do Paran\u00e1 a partir de 2018. \u201cA professora Marli, que estava \u00e0 \u00e9poca como presidente da Undime-PR, contribuiu para a coordena\u00e7\u00e3o do trabalho em n\u00edvel estadual. Al\u00e9m disso, alguns dos nossos coordenadores pedag\u00f3gicos integraram os grupos de redatores do documento. Portanto, ningu\u00e9m melhor capacitado que eles para orientar a editora na constru\u00e7\u00e3o do livro did\u00e1tico de hist\u00f3ria e geografia do Paran\u00e1,\u201d disse.<\/p>\n<p>\u201cO livro constru\u00eddo pela editora Somos Educa\u00e7\u00e3o e os coordenadores pedag\u00f3gicos da Autarquia de Educa\u00e7\u00e3o provavelmente ser\u00e1 adotado por outros munic\u00edpios e escolas privadas que utilizam o Sistema Maxi de Ensino,\u201d finalizou a secret\u00e1ria Marli Fernandes.<\/p>\n<div class = 'socialMediaOnEveryPost'>Compartilhe<div id=\"sgmbShare1-1\" class=\"sgmbShare jssocials-theme-classic sgmbWidget1-1\"><\/div><div class=\"dropdownWrapper dropdownWrapper1 dropdownWrapper-for-widget \" id=\"dropdownWrapper-for-widget\">\r\n\t\t\t\t\t\t<div class=\"dropdownLabel\" id=\"dropdownLabel-share-list\"><span class=\"sgmbButtonListLabel1\">Share List<\/span><\/div>\r\n\t\t\t\t\t\t<div class=\"dropdownPanel dropdownPanel1-1\">\r\n\t\t\t\t\t\t<\/div>\r\n\t\t\t\t\t<\/div><script>  SGMB_URL = \"http:\/\/www.apucarana.pr.gov.br\/ame\/wp-content\/plugins\/social-media-builder\/\"; jQuery(\".dropdownWrapper\").hide(); SGMB_GOOGLE_ACOUNT = \"\"; <\/script><script type=\"text\/javascript\">\r\n\t\tjQuery(document).ready(function($){var widget = new SGMBWidget();widget.show({\"id\":\"1\",\"title\":\"Face\\\/Twitter\",\"options\":{\"currentUrl\":\"1\",\"url\":\"\",\"shareText\":\"\",\"fontSize\":\"14\",\"betweenButtons\":\"1px\",\"theme\":\"classic\",\"sgmbButtonsPosition\":\"bottomLeft\",\"socialTheme\":\"\",\"icon\":\"default\",\"buttonsPanelEffect\":\"No Effect\",\"buttonsEffect\":\"No Effect\",\"iconsEffect\":\"No Effect\",\"buttons\":\"{\\\"facebook\\\":{\\\"label\\\":\\\"Share\\\",\\\"icon\\\":\\\"default-facebook\\\"},\\\"twitter\\\":{\\\"label\\\":\\\"Tweet\\\",\\\"icon\\\":\\\"default-twitter\\\",\\\"via\\\":\\\"\\\",\\\"hashtags\\\":\\\"\\\"}}\",\"roundButton\":\"\",\"showLabels\":\"\",\"showCounts\":\"\",\"showCenter\":\"\",\"showButtonsAsList\":\"\",\"sgmbDropdownColor\":\"\",\"sgmbDropdownLabelFontSize\":\"14\",\"sgmbDropdownLabelColor\":\"\",\"showButtonsOnEveryPost\":\"on\",\"selectedOrExcluded\":\"\",\"showButtonsOnEveryPage\":\"\",\"textOnEveryPost\":\"Compartilhe\",\"showButtonsOnCustomPost\":\"\",\"textOnCustomPost\":\"\",\"showButtonsOnMobileDirect\":\"on\",\"showButtonsOnDesktopDirect\":\"on\",\"sgmbSelectedPages\":[\"\"],\"sgmbExcludedPosts\":[\"\"],\"sgmbSelectedCustomPosts\":[],\"showButtonsInPopup\":\"\",\"titleOfPopup\":\"\",\"descriptionOfPopup\":\"\",\"showPopupOnLoad\":\"\",\"showPopupOnScroll\":\"\",\"showPopupOnExit\":\"\",\"openSecondsOfPopup\":\"\",\"googleAnaliticsAccount\":\"\"},\"buttonOptions\":{\"facebook\":{\"label\":\"Share\",\"icon\":\"default-facebook\"},\"twitter\":{\"label\":\"Tweet\",\"icon\":\"default-twitter\",\"via\":\"\",\"hashtags\":\"\"}},\"button\":[\"facebook\",\"twitter\"]}, 1, '', 'http:\/\/www.apucarana.pr.gov.br\/ame\/wp-content\/uploads\/2022\/06\/Livro-Historia-e-Geografia-do-Parana-scaled.jpg', '', 'http:\/\/www.apucarana.pr.gov.br\/ame\/sistema-maxi-elabora-livro-didatico-especificamente-para-a-rede-municipal-de-ensino-de-apucarana\/'); });<\/script><\/div><script> jQuery(\".socialMediaOnEveryPost\").addClass(\"sgmb-left\") <\/script>","protected":false},"excerpt":{"rendered":"<p>A obra, sobre a hist\u00f3ria e geografia do Paran\u00e1, ser\u00e1 utilizada pelos alunos do 4\u00ba e 5\u00ba ano do Ensino Fundamental<\/p>\n","protected":false},"author":10,"featured_media":10698,"comment_status":"closed","ping_status":"open","sticky":false,"template":"","format":"standard","meta":[],"categories":[9],"tags":[],"_links":{"self":[{"href":"http:\/\/www.apucarana.pr.gov.br\/ame\/wp-json\/wp\/v2\/posts\/10697"}],"collection":[{"href":"http:\/\/www.apucarana.pr.gov.br\/ame\/wp-json\/wp\/v2\/posts"}],"about":[{"href":"http:\/\/www.apucarana.pr.gov.br\/ame\/wp-json\/wp\/v2\/types\/post"}],"author":[{"embeddable":true,"href":"http:\/\/www.apucarana.pr.gov.br\/ame\/wp-json\/wp\/v2\/users\/10"}],"replies":[{"embeddable":true,"href":"http:\/\/www.apucarana.pr.gov.br\/ame\/wp-json\/wp\/v2\/comments?post=10697"}],"version-history":[{"count":1,"href":"http:\/\/www.apucarana.pr.gov.br\/ame\/wp-json\/wp\/v2\/posts\/10697\/revisions"}],"predecessor-version":[{"id":10699,"href":"http:\/\/www.apucarana.pr.gov.br\/ame\/wp-json\/wp\/v2\/posts\/10697\/revisions\/10699"}],"wp:featuredmedia":[{"embeddable":true,"href":"http:\/\/www.apucarana.pr.gov.br\/ame\/wp-json\/wp\/v2\/media\/10698"}],"wp:attachment":[{"href":"http:\/\/www.apucarana.pr.gov.br\/ame\/wp-json\/wp\/v2\/media?parent=10697"}],"wp:term":[{"taxonomy":"category","embeddable":true,"href":"http:\/\/www.apucarana.pr.gov.br\/ame\/wp-json\/wp\/v2\/categories?post=10697"},{"taxonomy":"post_tag","embeddable":true,"href":"http:\/\/www.apucarana.pr.gov.br\/ame\/wp-json\/wp\/v2\/tags?post=10697"}],"curies":[{"name":"wp","href":"https:\/\/api.w.org\/{rel}","templated":true}]}}