{"id":10689,"date":"2022-06-14T16:58:43","date_gmt":"2022-06-14T19:58:43","guid":{"rendered":"http:\/\/www.apucarana.pr.gov.br\/ame\/?p=10689"},"modified":"2024-10-08T09:09:45","modified_gmt":"2024-10-08T12:09:45","slug":"alunos-aprendem-sobre-diversidade-etnico-racial-na-rede-municipal-de-apucarana","status":"publish","type":"post","link":"http:\/\/www.apucarana.pr.gov.br\/ame\/alunos-aprendem-sobre-diversidade-etnico-racial-na-rede-municipal-de-apucarana\/","title":{"rendered":"Alunos aprendem sobre diversidade \u00e9tnico-racial na rede municipal de Apucarana"},"content":{"rendered":"<p>A Autarquia de Educa\u00e7\u00e3o (AME) e o Movimento da Consci\u00eancia Negra (MACONE) firmaram parceria para o desenvolvimento de um projeto de conscientiza\u00e7\u00e3o sobre diversidade \u00e9tnico-racial, conviv\u00eancia e respeito nas escolas municipais de Apucarana. Desde o in\u00edcio do ano letivo, aproximadamente nove mil alunos, das turmas da Educa\u00e7\u00e3o Infantil, dos anos iniciais do Ensino Fundamental (1\u00ba ao 5\u00ba ano) e da Educa\u00e7\u00e3o de Jovens e Adultos, est\u00e3o refletindo sobre o tema por meio de palestras, teatros, apresenta\u00e7\u00f5es musicais, mostras de capoeira e livros de literatura africana.<\/p>\n<p>\u201cO intuito do projeto Valoriza\u00e7\u00e3o \u00e0 Cultura Afro-Brasileira \u00e9 promover nas escolas debates sobre o importante papel do povo africano na forma\u00e7\u00e3o hist\u00f3rica do Brasil, reconhecendo a luta dos negros e suas contribui\u00e7\u00f5es nas diversas \u00e1reas da nossa sociedade,\u201d explicou a secret\u00e1ria de educa\u00e7\u00e3o Marli Fernandes.<\/p>\n<p>O projeto aborda temas contempor\u00e2neos e transversais previstos na Base Nacional Comum Curricular (BNCC), como a Educa\u00e7\u00e3o em Direitos Humanos, a Diversidade Cultural e a Educa\u00e7\u00e3o para Valoriza\u00e7\u00e3o do Multiculturalismo nas Matrizes Hist\u00f3ricas e Culturais do Brasil.<\/p>\n<p>Ele tamb\u00e9m est\u00e1 de acordo com os Objetivos do Desenvolvimento Sustent\u00e1vel (ODS), propostos pela Organiza\u00e7\u00e3o das Na\u00e7\u00f5es Unidas (ONU), na medida em que ajuda a promover a paz, a justi\u00e7a e a redu\u00e7\u00e3o das desigualdades.<\/p>\n<p>O prefeito Junior da Femac enalteceu o desenvolvimento das atividades de conscientiza\u00e7\u00e3o na rede municipal de ensino de Apucarana. \u201cO preconceito geralmente vem da desinforma\u00e7\u00e3o e da falta de conhecimento. Ent\u00e3o, se quisermos construir uma sociedade mais igualit\u00e1ria e melhor para todos, precisamos discutir essas quest\u00f5es com os meninos e meninas desde a primeira inf\u00e2ncia. Parab\u00e9ns aos autores do projeto\u201d, disse.<\/p>\n<p>O presidente do MACONE, Carlos Figueiredo, tamb\u00e9m avaliou como positiva a parceria com a Autarquia Municipal de Educa\u00e7\u00e3o. \u201cN\u00f3s vivemos em uma sociedade muito excludente, onde nos deparamos a todo o momento com situa\u00e7\u00f5es de preconceito e discrimina\u00e7\u00e3o. Ent\u00e3o, ficamos muito felizes com essa oportunidade de poder orientar os alunos sobre a preven\u00e7\u00e3o ao racismo. Eu gosto muito da frase do \u00edcone Nelson Mandela que diz que \u2018ningu\u00e9m nasce odiando outra pessoa pela cor da sua pele, por sua origem ou religi\u00e3o. Para odiar, as pessoas precisam aprender. E, se podem aprender a odiar, elas podem ser ensinadas a amar\u2019. Neste sentido, estamos semeando um pouquinho da nossa cultura negra, que \u00e9 t\u00e3o rica e diversa, no cora\u00e7\u00e3o das crian\u00e7as apucaranenses,\u201d afirmou.<\/p>\n<p>As atividades do projeto Valoriza\u00e7\u00e3o \u00e0 Cultura Afro-Brasileira devem prosseguir at\u00e9 20 de novembro, quando se celebra o Dia Nacional da Consci\u00eancia Negra.<\/p>\n<div class = 'socialMediaOnEveryPost'>Compartilhe<div id=\"sgmbShare1-1\" class=\"sgmbShare jssocials-theme-classic sgmbWidget1-1\"><\/div><div class=\"dropdownWrapper dropdownWrapper1 dropdownWrapper-for-widget \" id=\"dropdownWrapper-for-widget\">\r\n\t\t\t\t\t\t<div class=\"dropdownLabel\" id=\"dropdownLabel-share-list\"><span class=\"sgmbButtonListLabel1\">Share List<\/span><\/div>\r\n\t\t\t\t\t\t<div class=\"dropdownPanel dropdownPanel1-1\">\r\n\t\t\t\t\t\t<\/div>\r\n\t\t\t\t\t<\/div><script>  SGMB_URL = \"http:\/\/www.apucarana.pr.gov.br\/ame\/wp-content\/plugins\/social-media-builder\/\"; jQuery(\".dropdownWrapper\").hide(); SGMB_GOOGLE_ACOUNT = \"\"; <\/script><script type=\"text\/javascript\">\r\n\t\tjQuery(document).ready(function($){var widget = new SGMBWidget();widget.show({\"id\":\"1\",\"title\":\"Face\\\/Twitter\",\"options\":{\"currentUrl\":\"1\",\"url\":\"\",\"shareText\":\"\",\"fontSize\":\"14\",\"betweenButtons\":\"1px\",\"theme\":\"classic\",\"sgmbButtonsPosition\":\"bottomLeft\",\"socialTheme\":\"\",\"icon\":\"default\",\"buttonsPanelEffect\":\"No Effect\",\"buttonsEffect\":\"No Effect\",\"iconsEffect\":\"No Effect\",\"buttons\":\"{\\\"facebook\\\":{\\\"label\\\":\\\"Share\\\",\\\"icon\\\":\\\"default-facebook\\\"},\\\"twitter\\\":{\\\"label\\\":\\\"Tweet\\\",\\\"icon\\\":\\\"default-twitter\\\",\\\"via\\\":\\\"\\\",\\\"hashtags\\\":\\\"\\\"}}\",\"roundButton\":\"\",\"showLabels\":\"\",\"showCounts\":\"\",\"showCenter\":\"\",\"showButtonsAsList\":\"\",\"sgmbDropdownColor\":\"\",\"sgmbDropdownLabelFontSize\":\"14\",\"sgmbDropdownLabelColor\":\"\",\"showButtonsOnEveryPost\":\"on\",\"selectedOrExcluded\":\"\",\"showButtonsOnEveryPage\":\"\",\"textOnEveryPost\":\"Compartilhe\",\"showButtonsOnCustomPost\":\"\",\"textOnCustomPost\":\"\",\"showButtonsOnMobileDirect\":\"on\",\"showButtonsOnDesktopDirect\":\"on\",\"sgmbSelectedPages\":[\"\"],\"sgmbExcludedPosts\":[\"\"],\"sgmbSelectedCustomPosts\":[],\"showButtonsInPopup\":\"\",\"titleOfPopup\":\"\",\"descriptionOfPopup\":\"\",\"showPopupOnLoad\":\"\",\"showPopupOnScroll\":\"\",\"showPopupOnExit\":\"\",\"openSecondsOfPopup\":\"\",\"googleAnaliticsAccount\":\"\"},\"buttonOptions\":{\"facebook\":{\"label\":\"Share\",\"icon\":\"default-facebook\"},\"twitter\":{\"label\":\"Tweet\",\"icon\":\"default-twitter\",\"via\":\"\",\"hashtags\":\"\"}},\"button\":[\"facebook\",\"twitter\"]}, 1, '', 'http:\/\/www.apucarana.pr.gov.br\/ame\/wp-content\/uploads\/2022\/06\/CONSCIENCIA-NEGRA-3.jpg', '', 'http:\/\/www.apucarana.pr.gov.br\/ame\/alunos-aprendem-sobre-diversidade-etnico-racial-na-rede-municipal-de-apucarana\/'); });<\/script><\/div><script> jQuery(\".socialMediaOnEveryPost\").addClass(\"sgmb-left\") <\/script>","protected":false},"excerpt":{"rendered":"<p>Desde o in\u00edcio do ano letivo, aproximadamente nove mil alunos est\u00e3o refletindo sobre o tema por meio de palestras, teatros, apresenta\u00e7\u00f5es musicais, mostras de capoeira e livros de literatura africana<\/p>\n","protected":false},"author":10,"featured_media":10692,"comment_status":"closed","ping_status":"open","sticky":false,"template":"","format":"standard","meta":[],"categories":[9],"tags":[],"_links":{"self":[{"href":"http:\/\/www.apucarana.pr.gov.br\/ame\/wp-json\/wp\/v2\/posts\/10689"}],"collection":[{"href":"http:\/\/www.apucarana.pr.gov.br\/ame\/wp-json\/wp\/v2\/posts"}],"about":[{"href":"http:\/\/www.apucarana.pr.gov.br\/ame\/wp-json\/wp\/v2\/types\/post"}],"author":[{"embeddable":true,"href":"http:\/\/www.apucarana.pr.gov.br\/ame\/wp-json\/wp\/v2\/users\/10"}],"replies":[{"embeddable":true,"href":"http:\/\/www.apucarana.pr.gov.br\/ame\/wp-json\/wp\/v2\/comments?post=10689"}],"version-history":[{"count":1,"href":"http:\/\/www.apucarana.pr.gov.br\/ame\/wp-json\/wp\/v2\/posts\/10689\/revisions"}],"predecessor-version":[{"id":10695,"href":"http:\/\/www.apucarana.pr.gov.br\/ame\/wp-json\/wp\/v2\/posts\/10689\/revisions\/10695"}],"wp:featuredmedia":[{"embeddable":true,"href":"http:\/\/www.apucarana.pr.gov.br\/ame\/wp-json\/wp\/v2\/media\/10692"}],"wp:attachment":[{"href":"http:\/\/www.apucarana.pr.gov.br\/ame\/wp-json\/wp\/v2\/media?parent=10689"}],"wp:term":[{"taxonomy":"category","embeddable":true,"href":"http:\/\/www.apucarana.pr.gov.br\/ame\/wp-json\/wp\/v2\/categories?post=10689"},{"taxonomy":"post_tag","embeddable":true,"href":"http:\/\/www.apucarana.pr.gov.br\/ame\/wp-json\/wp\/v2\/tags?post=10689"}],"curies":[{"name":"wp","href":"https:\/\/api.w.org\/{rel}","templated":true}]}}