{"id":10680,"date":"2022-06-13T13:51:55","date_gmt":"2022-06-13T16:51:55","guid":{"rendered":"http:\/\/www.apucarana.pr.gov.br\/ame\/?p=10680"},"modified":"2024-10-08T09:09:45","modified_gmt":"2024-10-08T12:09:45","slug":"escolas-municipais-realizam-atividades-de-conscientizacao-sobre-o-tema-combate-ao-trabalho-infantil","status":"publish","type":"post","link":"http:\/\/www.apucarana.pr.gov.br\/ame\/escolas-municipais-realizam-atividades-de-conscientizacao-sobre-o-tema-combate-ao-trabalho-infantil\/","title":{"rendered":"Escolas municipais realizam atividades de conscientiza\u00e7\u00e3o sobre o tema \u201cCombate ao Trabalho Infantil\u201d"},"content":{"rendered":"<p>Em alus\u00e3o ao Dia Mundial de Combate ao Trabalho Infantil (12 de junho), os CMEIs e Escolas desenvolveram a\u00e7\u00f5es de conscientiza\u00e7\u00e3o sobre o tema junto aos doze mil estudantes da rede municipal de Apucarana. As atividades embasaram-se no projeto MPT na Escola e englobaram a confec\u00e7\u00e3o de cata-ventos (s\u00edmbolo da campanha), a apresenta\u00e7\u00e3o de v\u00eddeos, desenhos e teatros, a leitura de hist\u00f3rias em quadrinhos, a produ\u00e7\u00e3o de cartazes e a organiza\u00e7\u00e3o de rodas de conversas.<\/p>\n<p>A Organiza\u00e7\u00e3o Internacional do Trabalho (OIT) instituiu o Dia Mundial de Combate ao Trabalho Infantil em 2002. O objetivo \u00e9 alertar a popula\u00e7\u00e3o para o fato de que o trabalho infantil prejudica o pleno desenvolvimento das crian\u00e7as e rouba delas o direito de brincar e frequentar regularmente a escola.<\/p>\n<p>De acordo com a secret\u00e1ria de educa\u00e7\u00e3o Marli Fernandes, o tema \u00e9 desenvolvido regularmente com as turmas por meio do projeto MPT na Escola, em parceria com o Minist\u00e9rio P\u00fablico do Trabalho. \u201cMas as a\u00e7\u00f5es de conscientiza\u00e7\u00e3o s\u00e3o refor\u00e7adas em datas importantes como esta. As crian\u00e7as precisam aprender desde cedo os seus direitos e deveres. Elas tamb\u00e9m contribuem para o compartilhamento das informa\u00e7\u00f5es nas inst\u00e2ncias familiares e comunit\u00e1ria,\u201d afirmou.<\/p>\n<p>O prefeito Junior da Femac parabenizou professores e alunos pelas atividades desenvolvidas em rela\u00e7\u00e3o ao Dia Mundial de Combate ao Trabalho Infantil. \u201cUm relat\u00f3rio da Pesquisa Nacional por Amostra de Domic\u00edlios (PNAD) apontou que 1,7 milh\u00e3o de meninas e meninos brasileiros, com idades entre 5 e 17 anos, estavam em situa\u00e7\u00e3o de trabalho infantil em 2019. Infelizmente, a situa\u00e7\u00e3o agravou-se ainda mais com a pandemia. N\u00f3s s\u00f3 conseguiremos erradicar esse grave problema da nossa sociedade com a conscientiza\u00e7\u00e3o da popula\u00e7\u00e3o. Lugar de crian\u00e7a e adolescente \u00e9 na escola!\u201d disse.<\/p>\n<div class = 'socialMediaOnEveryPost'>Compartilhe<div id=\"sgmbShare1-1\" class=\"sgmbShare jssocials-theme-classic sgmbWidget1-1\"><\/div><div class=\"dropdownWrapper dropdownWrapper1 dropdownWrapper-for-widget \" id=\"dropdownWrapper-for-widget\">\r\n\t\t\t\t\t\t<div class=\"dropdownLabel\" id=\"dropdownLabel-share-list\"><span class=\"sgmbButtonListLabel1\">Share List<\/span><\/div>\r\n\t\t\t\t\t\t<div class=\"dropdownPanel dropdownPanel1-1\">\r\n\t\t\t\t\t\t<\/div>\r\n\t\t\t\t\t<\/div><script>  SGMB_URL = \"http:\/\/www.apucarana.pr.gov.br\/ame\/wp-content\/plugins\/social-media-builder\/\"; jQuery(\".dropdownWrapper\").hide(); SGMB_GOOGLE_ACOUNT = \"\"; <\/script><script type=\"text\/javascript\">\r\n\t\tjQuery(document).ready(function($){var widget = new SGMBWidget();widget.show({\"id\":\"1\",\"title\":\"Face\\\/Twitter\",\"options\":{\"currentUrl\":\"1\",\"url\":\"\",\"shareText\":\"\",\"fontSize\":\"14\",\"betweenButtons\":\"1px\",\"theme\":\"classic\",\"sgmbButtonsPosition\":\"bottomLeft\",\"socialTheme\":\"\",\"icon\":\"default\",\"buttonsPanelEffect\":\"No Effect\",\"buttonsEffect\":\"No Effect\",\"iconsEffect\":\"No Effect\",\"buttons\":\"{\\\"facebook\\\":{\\\"label\\\":\\\"Share\\\",\\\"icon\\\":\\\"default-facebook\\\"},\\\"twitter\\\":{\\\"label\\\":\\\"Tweet\\\",\\\"icon\\\":\\\"default-twitter\\\",\\\"via\\\":\\\"\\\",\\\"hashtags\\\":\\\"\\\"}}\",\"roundButton\":\"\",\"showLabels\":\"\",\"showCounts\":\"\",\"showCenter\":\"\",\"showButtonsAsList\":\"\",\"sgmbDropdownColor\":\"\",\"sgmbDropdownLabelFontSize\":\"14\",\"sgmbDropdownLabelColor\":\"\",\"showButtonsOnEveryPost\":\"on\",\"selectedOrExcluded\":\"\",\"showButtonsOnEveryPage\":\"\",\"textOnEveryPost\":\"Compartilhe\",\"showButtonsOnCustomPost\":\"\",\"textOnCustomPost\":\"\",\"showButtonsOnMobileDirect\":\"on\",\"showButtonsOnDesktopDirect\":\"on\",\"sgmbSelectedPages\":[\"\"],\"sgmbExcludedPosts\":[\"\"],\"sgmbSelectedCustomPosts\":[],\"showButtonsInPopup\":\"\",\"titleOfPopup\":\"\",\"descriptionOfPopup\":\"\",\"showPopupOnLoad\":\"\",\"showPopupOnScroll\":\"\",\"showPopupOnExit\":\"\",\"openSecondsOfPopup\":\"\",\"googleAnaliticsAccount\":\"\"},\"buttonOptions\":{\"facebook\":{\"label\":\"Share\",\"icon\":\"default-facebook\"},\"twitter\":{\"label\":\"Tweet\",\"icon\":\"default-twitter\",\"via\":\"\",\"hashtags\":\"\"}},\"button\":[\"facebook\",\"twitter\"]}, 1, '', 'http:\/\/www.apucarana.pr.gov.br\/ame\/wp-content\/uploads\/2022\/06\/COMBATE-AO-TRABALHO-INFANTIL-15.jpg', '', 'http:\/\/www.apucarana.pr.gov.br\/ame\/escolas-municipais-realizam-atividades-de-conscientizacao-sobre-o-tema-combate-ao-trabalho-infantil\/'); });<\/script><\/div><script> jQuery(\".socialMediaOnEveryPost\").addClass(\"sgmb-left\") <\/script>","protected":false},"excerpt":{"rendered":"<p>As iniciativas embasaram-se no projeto MPT na Escola e englobaram a confec\u00e7\u00e3o de cata-ventos (s\u00edmbolo da campanha), a apresenta\u00e7\u00e3o de v\u00eddeos, desenhos e teatros, a leitura de hist\u00f3rias em quadrinhos, a produ\u00e7\u00e3o de cartazes e a organiza\u00e7\u00e3o de rodas de conversas<\/p>\n","protected":false},"author":10,"featured_media":10684,"comment_status":"closed","ping_status":"open","sticky":false,"template":"","format":"standard","meta":[],"categories":[9],"tags":[],"_links":{"self":[{"href":"http:\/\/www.apucarana.pr.gov.br\/ame\/wp-json\/wp\/v2\/posts\/10680"}],"collection":[{"href":"http:\/\/www.apucarana.pr.gov.br\/ame\/wp-json\/wp\/v2\/posts"}],"about":[{"href":"http:\/\/www.apucarana.pr.gov.br\/ame\/wp-json\/wp\/v2\/types\/post"}],"author":[{"embeddable":true,"href":"http:\/\/www.apucarana.pr.gov.br\/ame\/wp-json\/wp\/v2\/users\/10"}],"replies":[{"embeddable":true,"href":"http:\/\/www.apucarana.pr.gov.br\/ame\/wp-json\/wp\/v2\/comments?post=10680"}],"version-history":[{"count":1,"href":"http:\/\/www.apucarana.pr.gov.br\/ame\/wp-json\/wp\/v2\/posts\/10680\/revisions"}],"predecessor-version":[{"id":10688,"href":"http:\/\/www.apucarana.pr.gov.br\/ame\/wp-json\/wp\/v2\/posts\/10680\/revisions\/10688"}],"wp:featuredmedia":[{"embeddable":true,"href":"http:\/\/www.apucarana.pr.gov.br\/ame\/wp-json\/wp\/v2\/media\/10684"}],"wp:attachment":[{"href":"http:\/\/www.apucarana.pr.gov.br\/ame\/wp-json\/wp\/v2\/media?parent=10680"}],"wp:term":[{"taxonomy":"category","embeddable":true,"href":"http:\/\/www.apucarana.pr.gov.br\/ame\/wp-json\/wp\/v2\/categories?post=10680"},{"taxonomy":"post_tag","embeddable":true,"href":"http:\/\/www.apucarana.pr.gov.br\/ame\/wp-json\/wp\/v2\/tags?post=10680"}],"curies":[{"name":"wp","href":"https:\/\/api.w.org\/{rel}","templated":true}]}}