{"id":10663,"date":"2022-06-10T18:18:39","date_gmt":"2022-06-10T21:18:39","guid":{"rendered":"http:\/\/www.apucarana.pr.gov.br\/ame\/?p=10663"},"modified":"2024-10-08T09:09:45","modified_gmt":"2024-10-08T12:09:45","slug":"escola-madalena-coco-recebe-r-31-milhoes-em-investimentos","status":"publish","type":"post","link":"http:\/\/www.apucarana.pr.gov.br\/ame\/escola-madalena-coco-recebe-r-31-milhoes-em-investimentos\/","title":{"rendered":"Escola Madalena C\u00f4co recebe R$ 3,1 milh\u00f5es em investimentos"},"content":{"rendered":"<p>O prefeito Junior da Femac e a secret\u00e1ria de educa\u00e7\u00e3o Marli Fernandes assinaram, na tarde de hoje (10\/6), ordem de servi\u00e7o para a realiza\u00e7\u00e3o de melhorias na Escola Municipal Professora Maria Madalena C\u00f4co, situada na Vila Martins. A unidade de ensino passar\u00e1 pela reforma de 1.058,40 m2 e a amplia\u00e7\u00e3o de 1.416,56 m2. O investimento soma R$3.124.323,28.<\/p>\n<p>O projeto arquitet\u00f4nico prev\u00ea a constru\u00e7\u00e3o de cozinha, refeit\u00f3rio, dep\u00f3sito de alimentos, lavanderia, sanit\u00e1rios e dez salas de aula completamente novos. Al\u00e9m disso, ser\u00e3o revitalizadas outras cinco salas de aula, a secretaria escolar e as salas de dire\u00e7\u00e3o, coordena\u00e7\u00e3o e dos professores.<\/p>\n<p>Das 58 unidades de ensino que comp\u00f5em a rede municipal de Apucarana, a Escola Professora Maria Madalena C\u00f4co \u00e9 a \u00fanica que ainda n\u00e3o havia sido contemplada com reforma e amplia\u00e7\u00e3o. \u201cO Munic\u00edpio n\u00e3o podia investir recursos no pr\u00e9dio porque ele n\u00e3o fazia parte do seu patrim\u00f4nio. A propriedade era do governo do Estado. Entretanto, no final do ano passado, gra\u00e7as \u00e0 interven\u00e7\u00e3o do ex-prefeito Beto Preto, a Paran\u00e1 Edifica\u00e7\u00f5es repassou a escritura do im\u00f3vel, que possui 3.543 m2 e est\u00e1 avaliado em R$ 1,6 milh\u00e3o, \u00e0 administra\u00e7\u00e3o municipal\u201d, explicou o prefeito Junior da Femac.<\/p>\n<p>A Escola Professora Maria Madalena C\u00f4co possui atualmente 216 alunos, matriculados em turmas da Educa\u00e7\u00e3o Infantil e dos anos iniciais do Ensino Fundamental (1\u00ba ao 5\u00ba ano). \u201cDevido ao atendimento em per\u00edodo parcial, a unidade recebe crian\u00e7as de praticamente todos os bairros da cidade, como Vila Martins, Vila S\u00e3o Carlos, Jardim Interlagos, N\u00facleo Jo\u00e3o Paulo, Vila Regina, Residencial Orlando Bacarin, N\u00facleo Dom Romeu Alberti, Jardim Sabi\u00e1 e at\u00e9 das comunidades rurais de S\u00e3o Domingos, Barreiro, Tatuzinho e Nova Ukr\u00e2nia. Com a reforma e amplia\u00e7\u00e3o do pr\u00e9dio, a escola dobrar\u00e1 o n\u00famero de vagas ofertadas \u00e0 popula\u00e7\u00e3o,\u201d detalhou a secret\u00e1ria de educa\u00e7\u00e3o Marli Fernandes.<\/p>\n<p>\u201cA obra tamb\u00e9m facilitar\u00e1 a circula\u00e7\u00e3o dos professores, funcion\u00e1rios e alunos pelo ambiente escolar nos dias de chuva, pois o pr\u00e9dio ganhar\u00e1 cobertura desde o port\u00e3o de entrada at\u00e9 a \u00faltima sala de aula. A quadra esportiva ainda ser\u00e1 contemplada com a constru\u00e7\u00e3o de uma arquibancada,\u201d acrescentou a arquiteta da Autarquia Municipal de Educa\u00e7\u00e3o, Andressa Aires de Proen\u00e7a.<\/p>\n<p>A vice-presidente da Associa\u00e7\u00e3o de Pais, Mestres e Funcion\u00e1rios (APMF) da Escola Municipal Professora Maria Madalena C\u00f4co, Cristina Pedroso de Alexandre, agradeceu \u00e0 administra\u00e7\u00e3o municipal pela realiza\u00e7\u00e3o da reforma e amplia\u00e7\u00e3o do pr\u00e9dio. \u201cN\u00f3s estamos muito contentes com o in\u00edcio dessa obra, que trar\u00e1 mais seguran\u00e7a e conforto para os nossos filhos,\u201d disse.<\/p>\n<p>A empreiteira Pires Constru\u00e7\u00f5es e Engenharia Eireli venceu o processo licitat\u00f3rio e ficar\u00e1 respons\u00e1vel pela execu\u00e7\u00e3o dos servi\u00e7os, que t\u00eam prazo de dez dias para come\u00e7ar.<\/p>\n<p>Participaram ainda da solenidade de assinatura da ordem de servi\u00e7o para a reforma e amplia\u00e7\u00e3o da Escola Municipal Professora Maria Madalena C\u00f4co, o vice-prefeito Paulo Vital; os vereadores Mauro Bertoli, Luciano Facchiano, Tiago Cordeiro de Lima, Rodrigo Lievore (Recife) e Jossuela Pirelli. Todos discursaram no evento, enaltecendo a qualidade da educa\u00e7\u00e3o de Apucarana, em conte\u00fado e estrutura f\u00edsica.<\/p>\n<p>Tamb\u00e9m participaram secret\u00e1rios municipais; o engenheiro M\u00e1rcio Pires; a tesoureira da APMF, Andr\u00e9ia Isabel de Matos Mizael Pereira; a representante do Conselho Escolar, Mariana Malta; a diretora escolar Sandra Andr\u00e9ia Mincachi da Silva, al\u00e9m da equipe da Autarquia Municipal de Educa\u00e7\u00e3o.<\/p>\n<div class = 'socialMediaOnEveryPost'>Compartilhe<div id=\"sgmbShare1-1\" class=\"sgmbShare jssocials-theme-classic sgmbWidget1-1\"><\/div><div class=\"dropdownWrapper dropdownWrapper1 dropdownWrapper-for-widget \" id=\"dropdownWrapper-for-widget\">\r\n\t\t\t\t\t\t<div class=\"dropdownLabel\" id=\"dropdownLabel-share-list\"><span class=\"sgmbButtonListLabel1\">Share List<\/span><\/div>\r\n\t\t\t\t\t\t<div class=\"dropdownPanel dropdownPanel1-1\">\r\n\t\t\t\t\t\t<\/div>\r\n\t\t\t\t\t<\/div><script>  SGMB_URL = \"http:\/\/www.apucarana.pr.gov.br\/ame\/wp-content\/plugins\/social-media-builder\/\"; jQuery(\".dropdownWrapper\").hide(); SGMB_GOOGLE_ACOUNT = \"\"; <\/script><script type=\"text\/javascript\">\r\n\t\tjQuery(document).ready(function($){var widget = new SGMBWidget();widget.show({\"id\":\"1\",\"title\":\"Face\\\/Twitter\",\"options\":{\"currentUrl\":\"1\",\"url\":\"\",\"shareText\":\"\",\"fontSize\":\"14\",\"betweenButtons\":\"1px\",\"theme\":\"classic\",\"sgmbButtonsPosition\":\"bottomLeft\",\"socialTheme\":\"\",\"icon\":\"default\",\"buttonsPanelEffect\":\"No Effect\",\"buttonsEffect\":\"No Effect\",\"iconsEffect\":\"No Effect\",\"buttons\":\"{\\\"facebook\\\":{\\\"label\\\":\\\"Share\\\",\\\"icon\\\":\\\"default-facebook\\\"},\\\"twitter\\\":{\\\"label\\\":\\\"Tweet\\\",\\\"icon\\\":\\\"default-twitter\\\",\\\"via\\\":\\\"\\\",\\\"hashtags\\\":\\\"\\\"}}\",\"roundButton\":\"\",\"showLabels\":\"\",\"showCounts\":\"\",\"showCenter\":\"\",\"showButtonsAsList\":\"\",\"sgmbDropdownColor\":\"\",\"sgmbDropdownLabelFontSize\":\"14\",\"sgmbDropdownLabelColor\":\"\",\"showButtonsOnEveryPost\":\"on\",\"selectedOrExcluded\":\"\",\"showButtonsOnEveryPage\":\"\",\"textOnEveryPost\":\"Compartilhe\",\"showButtonsOnCustomPost\":\"\",\"textOnCustomPost\":\"\",\"showButtonsOnMobileDirect\":\"on\",\"showButtonsOnDesktopDirect\":\"on\",\"sgmbSelectedPages\":[\"\"],\"sgmbExcludedPosts\":[\"\"],\"sgmbSelectedCustomPosts\":[],\"showButtonsInPopup\":\"\",\"titleOfPopup\":\"\",\"descriptionOfPopup\":\"\",\"showPopupOnLoad\":\"\",\"showPopupOnScroll\":\"\",\"showPopupOnExit\":\"\",\"openSecondsOfPopup\":\"\",\"googleAnaliticsAccount\":\"\"},\"buttonOptions\":{\"facebook\":{\"label\":\"Share\",\"icon\":\"default-facebook\"},\"twitter\":{\"label\":\"Tweet\",\"icon\":\"default-twitter\",\"via\":\"\",\"hashtags\":\"\"}},\"button\":[\"facebook\",\"twitter\"]}, 1, '', 'http:\/\/www.apucarana.pr.gov.br\/ame\/wp-content\/uploads\/2022\/06\/IMG_4811-scaled.jpg', '', 'http:\/\/www.apucarana.pr.gov.br\/ame\/escola-madalena-coco-recebe-r-31-milhoes-em-investimentos\/'); });<\/script><\/div><script> jQuery(\".socialMediaOnEveryPost\").addClass(\"sgmb-left\") <\/script>","protected":false},"excerpt":{"rendered":"<p>Com a reforma de 1.058,40 m2 e a amplia\u00e7\u00e3o de 1.416,56 m2, a unidade de ensino, situada na Vila Martins, poder\u00e1 dobrar o n\u00famero de vagas ofertadas<\/p>\n","protected":false},"author":10,"featured_media":10665,"comment_status":"closed","ping_status":"open","sticky":false,"template":"","format":"standard","meta":[],"categories":[9],"tags":[],"_links":{"self":[{"href":"http:\/\/www.apucarana.pr.gov.br\/ame\/wp-json\/wp\/v2\/posts\/10663"}],"collection":[{"href":"http:\/\/www.apucarana.pr.gov.br\/ame\/wp-json\/wp\/v2\/posts"}],"about":[{"href":"http:\/\/www.apucarana.pr.gov.br\/ame\/wp-json\/wp\/v2\/types\/post"}],"author":[{"embeddable":true,"href":"http:\/\/www.apucarana.pr.gov.br\/ame\/wp-json\/wp\/v2\/users\/10"}],"replies":[{"embeddable":true,"href":"http:\/\/www.apucarana.pr.gov.br\/ame\/wp-json\/wp\/v2\/comments?post=10663"}],"version-history":[{"count":1,"href":"http:\/\/www.apucarana.pr.gov.br\/ame\/wp-json\/wp\/v2\/posts\/10663\/revisions"}],"predecessor-version":[{"id":10676,"href":"http:\/\/www.apucarana.pr.gov.br\/ame\/wp-json\/wp\/v2\/posts\/10663\/revisions\/10676"}],"wp:featuredmedia":[{"embeddable":true,"href":"http:\/\/www.apucarana.pr.gov.br\/ame\/wp-json\/wp\/v2\/media\/10665"}],"wp:attachment":[{"href":"http:\/\/www.apucarana.pr.gov.br\/ame\/wp-json\/wp\/v2\/media?parent=10663"}],"wp:term":[{"taxonomy":"category","embeddable":true,"href":"http:\/\/www.apucarana.pr.gov.br\/ame\/wp-json\/wp\/v2\/categories?post=10663"},{"taxonomy":"post_tag","embeddable":true,"href":"http:\/\/www.apucarana.pr.gov.br\/ame\/wp-json\/wp\/v2\/tags?post=10663"}],"curies":[{"name":"wp","href":"https:\/\/api.w.org\/{rel}","templated":true}]}}