{"id":10654,"date":"2022-06-03T17:25:42","date_gmt":"2022-06-03T20:25:42","guid":{"rendered":"http:\/\/www.apucarana.pr.gov.br\/ame\/?p=10654"},"modified":"2024-10-08T09:09:45","modified_gmt":"2024-10-08T12:09:45","slug":"apucarana-realiza-semana-de-mobilizacao-pela-frequencia-escolar","status":"publish","type":"post","link":"http:\/\/www.apucarana.pr.gov.br\/ame\/apucarana-realiza-semana-de-mobilizacao-pela-frequencia-escolar\/","title":{"rendered":"Apucarana realiza semana de mobiliza\u00e7\u00e3o pela frequ\u00eancia escolar"},"content":{"rendered":"<p>O N\u00facleo Regional de Educa\u00e7\u00e3o (NRE) e a Autarquia Municipal de Educa\u00e7\u00e3o (AME) realizaram, na tarde de hoje (3\/6), por meio de transmiss\u00e3o ao vivo na internet, a abertura da Semana de Mobiliza\u00e7\u00e3o pela Frequ\u00eancia Escolar. O objetivo \u00e9 garantir o acesso, a perman\u00eancia, a aprendizagem e a conclus\u00e3o da educa\u00e7\u00e3o b\u00e1sica na idade certa a todos os adolescentes e crian\u00e7as. De 6 a 10 de junho, os 18 col\u00e9gios estaduais e 35 escolas municipais de Apucarana promover\u00e3o a\u00e7\u00f5es de conscientiza\u00e7\u00e3o sobre o tema junto \u00e0s suas comunidades.<\/p>\n<p>\u201cA pandemia trouxe in\u00fameros problemas \u00e0s \u00e1reas da sa\u00fade, economia, assist\u00eancia social e educa\u00e7\u00e3o. O aumento da evas\u00e3o escolar, sobretudo entre os adolescentes, \u00e9 um deles. N\u00f3s precisamos nos unir para enfrentar e reverter essa situa\u00e7\u00e3o. Por isso, eu conclamo a imprensa, os \u00f3rg\u00e3os p\u00fablicos e demais institui\u00e7\u00f5es da sociedade civil a engajarem-se na campanha. Se sonhamos com um futuro promissor para a nossa cidade, precisamos assegurar que todos os estudantes frequentem diariamente os bancos escolares e recebam forma\u00e7\u00e3o de qualidade,\u201d disse o prefeito Junior da Femac.<\/p>\n<p>Segundo a secret\u00e1ria de educa\u00e7\u00e3o, Marli Fernandes, as escolas municipais realizaram uma rigorosa busca ativa dos estudantes que n\u00e3o estavam participando das aulas online durante a pandemia. \u201cGra\u00e7as a esse trabalho, que continua at\u00e9 hoje, o \u00edndice de evas\u00e3o escolar na nossa rede \u00e9 extremamente baixo. Com duas faltas consecutivas, a escola j\u00e1 entra em contato com a fam\u00edlia para saber por que o aluno est\u00e1 ausente. E a partir de sete faltas consecutivas, o estabelecimento de ensino aciona o Conselho Tutelar. Atualmente, apenas 14 das 12,5 mil crian\u00e7as que temos na rede apresentam baixa frequ\u00eancia escolar,\u201d detalhou.<\/p>\n<p>O chefe do N\u00facleo Regional de Educa\u00e7\u00e3o, Vladimir Barbosa da Silva, afirmou que o \u00edndice de evas\u00e3o escolar nos col\u00e9gios estaduais, dos 16 munic\u00edpios na \u00e1rea de abrang\u00eancia do \u00f3rg\u00e3o, \u00e9 de aproximadamente 15%. \u201cEu pe\u00e7o encarecidamente a ajuda da comunidade na busca por esses estudantes que est\u00e3o distantes dos bancos escolares. Vamos batalhar para zerar essa taxa o quanto antes,\u201d convocou.<\/p>\n<p>Por fim, o conselheiro tutelar Andr\u00e9 Avelar falou sobre a responsabilidade legal dos pais no sentido de garantir a educa\u00e7\u00e3o dos filhos. \u201cA educa\u00e7\u00e3o \u00e9 um direito fundamental do ser humano, previsto na Constitui\u00e7\u00e3o Brasileira. \u00c9 muito importante que as crian\u00e7as e adolescentes frequentem diariamente a escola para assegurar o seu pleno desenvolvimento. Os pais que negligenciam a educa\u00e7\u00e3o dos seus filhos est\u00e3o incorrendo em crime de abandono intelectual,\u201d frisou.<\/p>\n<p>A grava\u00e7\u00e3o da <em>live<\/em> de abertura da Semana de Mobiliza\u00e7\u00e3o pela Frequ\u00eancia Escolar continua dispon\u00edvel no seguinte endere\u00e7o eletr\u00f4nico: <a href=\"https:\/\/youtu.be\/ptMfj5uLnx8\">https:\/\/youtu.be\/ptMfj5uLnx8<\/a><\/p>\n<div class = 'socialMediaOnEveryPost'>Compartilhe<div id=\"sgmbShare1-1\" class=\"sgmbShare jssocials-theme-classic sgmbWidget1-1\"><\/div><div class=\"dropdownWrapper dropdownWrapper1 dropdownWrapper-for-widget \" id=\"dropdownWrapper-for-widget\">\r\n\t\t\t\t\t\t<div class=\"dropdownLabel\" id=\"dropdownLabel-share-list\"><span class=\"sgmbButtonListLabel1\">Share List<\/span><\/div>\r\n\t\t\t\t\t\t<div class=\"dropdownPanel dropdownPanel1-1\">\r\n\t\t\t\t\t\t<\/div>\r\n\t\t\t\t\t<\/div><script>  SGMB_URL = \"http:\/\/www.apucarana.pr.gov.br\/ame\/wp-content\/plugins\/social-media-builder\/\"; jQuery(\".dropdownWrapper\").hide(); SGMB_GOOGLE_ACOUNT = \"\"; <\/script><script type=\"text\/javascript\">\r\n\t\tjQuery(document).ready(function($){var widget = new SGMBWidget();widget.show({\"id\":\"1\",\"title\":\"Face\\\/Twitter\",\"options\":{\"currentUrl\":\"1\",\"url\":\"\",\"shareText\":\"\",\"fontSize\":\"14\",\"betweenButtons\":\"1px\",\"theme\":\"classic\",\"sgmbButtonsPosition\":\"bottomLeft\",\"socialTheme\":\"\",\"icon\":\"default\",\"buttonsPanelEffect\":\"No Effect\",\"buttonsEffect\":\"No Effect\",\"iconsEffect\":\"No Effect\",\"buttons\":\"{\\\"facebook\\\":{\\\"label\\\":\\\"Share\\\",\\\"icon\\\":\\\"default-facebook\\\"},\\\"twitter\\\":{\\\"label\\\":\\\"Tweet\\\",\\\"icon\\\":\\\"default-twitter\\\",\\\"via\\\":\\\"\\\",\\\"hashtags\\\":\\\"\\\"}}\",\"roundButton\":\"\",\"showLabels\":\"\",\"showCounts\":\"\",\"showCenter\":\"\",\"showButtonsAsList\":\"\",\"sgmbDropdownColor\":\"\",\"sgmbDropdownLabelFontSize\":\"14\",\"sgmbDropdownLabelColor\":\"\",\"showButtonsOnEveryPost\":\"on\",\"selectedOrExcluded\":\"\",\"showButtonsOnEveryPage\":\"\",\"textOnEveryPost\":\"Compartilhe\",\"showButtonsOnCustomPost\":\"\",\"textOnCustomPost\":\"\",\"showButtonsOnMobileDirect\":\"on\",\"showButtonsOnDesktopDirect\":\"on\",\"sgmbSelectedPages\":[\"\"],\"sgmbExcludedPosts\":[\"\"],\"sgmbSelectedCustomPosts\":[],\"showButtonsInPopup\":\"\",\"titleOfPopup\":\"\",\"descriptionOfPopup\":\"\",\"showPopupOnLoad\":\"\",\"showPopupOnScroll\":\"\",\"showPopupOnExit\":\"\",\"openSecondsOfPopup\":\"\",\"googleAnaliticsAccount\":\"\"},\"buttonOptions\":{\"facebook\":{\"label\":\"Share\",\"icon\":\"default-facebook\"},\"twitter\":{\"label\":\"Tweet\",\"icon\":\"default-twitter\",\"via\":\"\",\"hashtags\":\"\"}},\"button\":[\"facebook\",\"twitter\"]}, 1, '', 'http:\/\/www.apucarana.pr.gov.br\/ame\/wp-content\/uploads\/2022\/06\/IMG_4082-scaled.jpg', '', 'http:\/\/www.apucarana.pr.gov.br\/ame\/apucarana-realiza-semana-de-mobilizacao-pela-frequencia-escolar\/'); });<\/script><\/div><script> jQuery(\".socialMediaOnEveryPost\").addClass(\"sgmb-left\") <\/script>","protected":false},"excerpt":{"rendered":"<p>De 6 a 10 de junho, os 18 col\u00e9gios estaduais e 35 escolas municipais de Apucarana promover\u00e3o a\u00e7\u00f5es de conscientiza\u00e7\u00e3o sobre o tema junto \u00e0s suas comunidades<\/p>\n","protected":false},"author":10,"featured_media":10658,"comment_status":"closed","ping_status":"open","sticky":false,"template":"","format":"standard","meta":[],"categories":[9],"tags":[],"_links":{"self":[{"href":"http:\/\/www.apucarana.pr.gov.br\/ame\/wp-json\/wp\/v2\/posts\/10654"}],"collection":[{"href":"http:\/\/www.apucarana.pr.gov.br\/ame\/wp-json\/wp\/v2\/posts"}],"about":[{"href":"http:\/\/www.apucarana.pr.gov.br\/ame\/wp-json\/wp\/v2\/types\/post"}],"author":[{"embeddable":true,"href":"http:\/\/www.apucarana.pr.gov.br\/ame\/wp-json\/wp\/v2\/users\/10"}],"replies":[{"embeddable":true,"href":"http:\/\/www.apucarana.pr.gov.br\/ame\/wp-json\/wp\/v2\/comments?post=10654"}],"version-history":[{"count":1,"href":"http:\/\/www.apucarana.pr.gov.br\/ame\/wp-json\/wp\/v2\/posts\/10654\/revisions"}],"predecessor-version":[{"id":10660,"href":"http:\/\/www.apucarana.pr.gov.br\/ame\/wp-json\/wp\/v2\/posts\/10654\/revisions\/10660"}],"wp:featuredmedia":[{"embeddable":true,"href":"http:\/\/www.apucarana.pr.gov.br\/ame\/wp-json\/wp\/v2\/media\/10658"}],"wp:attachment":[{"href":"http:\/\/www.apucarana.pr.gov.br\/ame\/wp-json\/wp\/v2\/media?parent=10654"}],"wp:term":[{"taxonomy":"category","embeddable":true,"href":"http:\/\/www.apucarana.pr.gov.br\/ame\/wp-json\/wp\/v2\/categories?post=10654"},{"taxonomy":"post_tag","embeddable":true,"href":"http:\/\/www.apucarana.pr.gov.br\/ame\/wp-json\/wp\/v2\/tags?post=10654"}],"curies":[{"name":"wp","href":"https:\/\/api.w.org\/{rel}","templated":true}]}}