{"id":10648,"date":"2022-06-03T16:57:38","date_gmt":"2022-06-03T19:57:38","guid":{"rendered":"http:\/\/www.apucarana.pr.gov.br\/ame\/?p=10648"},"modified":"2024-10-08T09:09:45","modified_gmt":"2024-10-08T12:09:45","slug":"comitiva-de-ortigueira-conhece-a-educacao-de-apucarana","status":"publish","type":"post","link":"http:\/\/www.apucarana.pr.gov.br\/ame\/comitiva-de-ortigueira-conhece-a-educacao-de-apucarana\/","title":{"rendered":"Comitiva de Ortigueira conhece a educa\u00e7\u00e3o de Apucarana"},"content":{"rendered":"<p>A secret\u00e1ria Marli Fernandes recebeu, na manh\u00e3 de hoje (3\/6), a visita de uma comitiva proveniente da cidade de Ortigueira, na regi\u00e3o central do Paran\u00e1. Eles vieram conhecer de perto os projetos e iniciativas desenvolvidos nos centros infantis (CMEIs) e escolas da rede municipal de educa\u00e7\u00e3o de Apucarana.<\/p>\n<p>\u201cN\u00f3s estamos construindo uma nova unidade, na qual pretendemos implantar a Educa\u00e7\u00e3o Integral. Viemos aqui em busca de informa\u00e7\u00f5es e dicas que possam nos auxiliar nesse processo. Afinal, Apucarana tem larga experi\u00eancia e sucesso na execu\u00e7\u00e3o desse modelo de ensino,\u201d disse o secret\u00e1rio de educa\u00e7\u00e3o de Ortigueira, Claudemir Carneiro.<\/p>\n<p>Em Apucarana, das 35 escolas que comp\u00f5em a rede municipal, 31 ofertam a Educa\u00e7\u00e3o Integral. \u201cA implanta\u00e7\u00e3o desse modelo de ensino deve ser feita a partir de um planejamento minucioso, pois exige investimentos na contrata\u00e7\u00e3o de mais professores e servidores, na constru\u00e7\u00e3o de um curr\u00edculo adequado, no enriquecimento da merenda escolar e na estrutura\u00e7\u00e3o dos pr\u00e9dios. \u00c9 preciso tem em mente que os alunos passar\u00e3o a ficar o dia todo nas escolas e precisam de espa\u00e7os adequados para estudar, fazer refei\u00e7\u00f5es, brincar e praticar atividades f\u00edsicas,\u201d explicou a secret\u00e1ria de educa\u00e7\u00e3o, Marli Fernandes.<\/p>\n<p>O prefeito Junior da Femac destacou que muitos prefeitos e t\u00e9cnicos de secretarias de educa\u00e7\u00e3o, de diversos munic\u00edpios do estado e do pa\u00eds, t\u00eam lhe procurado em busca de informa\u00e7\u00f5es sobre a rede municipal de ensino de Apucarana. \u201cEles querem saber o que fizemos para conquistar o t\u00edtulo de munic\u00edpio brasileiro que oferece a melhor educa\u00e7\u00e3o \u00e0s suas crian\u00e7as, concedido pelo Pr\u00eamio Band Cidades Excelentes, no final do ano passado. N\u00f3s ficamos felizes em receber as visitas e compartilhar nossas experi\u00eancias,\u201d afirmou.<\/p>\n<p>Al\u00e9m do secret\u00e1rio de educa\u00e7\u00e3o Claudemir Carneiro, a comitiva do munic\u00edpio de Ortigueira era formada pela arquiteta L\u00edvia Lie Sato Antonesco, os nutricionistas Marcos Teixeira e Roberta de Freitas, os coordenadores pedag\u00f3gicos F\u00e1bio Delfino, Daniele Souza e Valdirene Mattos, e o representante da Divis\u00e3o de Educa\u00e7\u00e3o, Leandro Jos\u00e9 Oliveira.<\/p>\n<div class = 'socialMediaOnEveryPost'>Compartilhe<div id=\"sgmbShare1-1\" class=\"sgmbShare jssocials-theme-classic sgmbWidget1-1\"><\/div><div class=\"dropdownWrapper dropdownWrapper1 dropdownWrapper-for-widget \" id=\"dropdownWrapper-for-widget\">\r\n\t\t\t\t\t\t<div class=\"dropdownLabel\" id=\"dropdownLabel-share-list\"><span class=\"sgmbButtonListLabel1\">Share List<\/span><\/div>\r\n\t\t\t\t\t\t<div class=\"dropdownPanel dropdownPanel1-1\">\r\n\t\t\t\t\t\t<\/div>\r\n\t\t\t\t\t<\/div><script>  SGMB_URL = \"http:\/\/www.apucarana.pr.gov.br\/ame\/wp-content\/plugins\/social-media-builder\/\"; jQuery(\".dropdownWrapper\").hide(); SGMB_GOOGLE_ACOUNT = \"\"; <\/script><script type=\"text\/javascript\">\r\n\t\tjQuery(document).ready(function($){var widget = new SGMBWidget();widget.show({\"id\":\"1\",\"title\":\"Face\\\/Twitter\",\"options\":{\"currentUrl\":\"1\",\"url\":\"\",\"shareText\":\"\",\"fontSize\":\"14\",\"betweenButtons\":\"1px\",\"theme\":\"classic\",\"sgmbButtonsPosition\":\"bottomLeft\",\"socialTheme\":\"\",\"icon\":\"default\",\"buttonsPanelEffect\":\"No Effect\",\"buttonsEffect\":\"No Effect\",\"iconsEffect\":\"No Effect\",\"buttons\":\"{\\\"facebook\\\":{\\\"label\\\":\\\"Share\\\",\\\"icon\\\":\\\"default-facebook\\\"},\\\"twitter\\\":{\\\"label\\\":\\\"Tweet\\\",\\\"icon\\\":\\\"default-twitter\\\",\\\"via\\\":\\\"\\\",\\\"hashtags\\\":\\\"\\\"}}\",\"roundButton\":\"\",\"showLabels\":\"\",\"showCounts\":\"\",\"showCenter\":\"\",\"showButtonsAsList\":\"\",\"sgmbDropdownColor\":\"\",\"sgmbDropdownLabelFontSize\":\"14\",\"sgmbDropdownLabelColor\":\"\",\"showButtonsOnEveryPost\":\"on\",\"selectedOrExcluded\":\"\",\"showButtonsOnEveryPage\":\"\",\"textOnEveryPost\":\"Compartilhe\",\"showButtonsOnCustomPost\":\"\",\"textOnCustomPost\":\"\",\"showButtonsOnMobileDirect\":\"on\",\"showButtonsOnDesktopDirect\":\"on\",\"sgmbSelectedPages\":[\"\"],\"sgmbExcludedPosts\":[\"\"],\"sgmbSelectedCustomPosts\":[],\"showButtonsInPopup\":\"\",\"titleOfPopup\":\"\",\"descriptionOfPopup\":\"\",\"showPopupOnLoad\":\"\",\"showPopupOnScroll\":\"\",\"showPopupOnExit\":\"\",\"openSecondsOfPopup\":\"\",\"googleAnaliticsAccount\":\"\"},\"buttonOptions\":{\"facebook\":{\"label\":\"Share\",\"icon\":\"default-facebook\"},\"twitter\":{\"label\":\"Tweet\",\"icon\":\"default-twitter\",\"via\":\"\",\"hashtags\":\"\"}},\"button\":[\"facebook\",\"twitter\"]}, 1, '', 'http:\/\/www.apucarana.pr.gov.br\/ame\/wp-content\/uploads\/2022\/06\/IMG_4040-scaled.jpg', '', 'http:\/\/www.apucarana.pr.gov.br\/ame\/comitiva-de-ortigueira-conhece-a-educacao-de-apucarana\/'); });<\/script><\/div><script> jQuery(\".socialMediaOnEveryPost\").addClass(\"sgmb-left\") <\/script>","protected":false},"excerpt":{"rendered":"<p>Eles vieram conhecer de perto os projetos e iniciativas desenvolvidos nos 23 centros infantis (CMEIs) e 35 escolas da rede municipal apucaranense<\/p>\n","protected":false},"author":10,"featured_media":10649,"comment_status":"closed","ping_status":"open","sticky":false,"template":"","format":"standard","meta":[],"categories":[9],"tags":[],"_links":{"self":[{"href":"http:\/\/www.apucarana.pr.gov.br\/ame\/wp-json\/wp\/v2\/posts\/10648"}],"collection":[{"href":"http:\/\/www.apucarana.pr.gov.br\/ame\/wp-json\/wp\/v2\/posts"}],"about":[{"href":"http:\/\/www.apucarana.pr.gov.br\/ame\/wp-json\/wp\/v2\/types\/post"}],"author":[{"embeddable":true,"href":"http:\/\/www.apucarana.pr.gov.br\/ame\/wp-json\/wp\/v2\/users\/10"}],"replies":[{"embeddable":true,"href":"http:\/\/www.apucarana.pr.gov.br\/ame\/wp-json\/wp\/v2\/comments?post=10648"}],"version-history":[{"count":1,"href":"http:\/\/www.apucarana.pr.gov.br\/ame\/wp-json\/wp\/v2\/posts\/10648\/revisions"}],"predecessor-version":[{"id":10653,"href":"http:\/\/www.apucarana.pr.gov.br\/ame\/wp-json\/wp\/v2\/posts\/10648\/revisions\/10653"}],"wp:featuredmedia":[{"embeddable":true,"href":"http:\/\/www.apucarana.pr.gov.br\/ame\/wp-json\/wp\/v2\/media\/10649"}],"wp:attachment":[{"href":"http:\/\/www.apucarana.pr.gov.br\/ame\/wp-json\/wp\/v2\/media?parent=10648"}],"wp:term":[{"taxonomy":"category","embeddable":true,"href":"http:\/\/www.apucarana.pr.gov.br\/ame\/wp-json\/wp\/v2\/categories?post=10648"},{"taxonomy":"post_tag","embeddable":true,"href":"http:\/\/www.apucarana.pr.gov.br\/ame\/wp-json\/wp\/v2\/tags?post=10648"}],"curies":[{"name":"wp","href":"https:\/\/api.w.org\/{rel}","templated":true}]}}