{"id":10604,"date":"2022-05-18T15:30:52","date_gmt":"2022-05-18T18:30:52","guid":{"rendered":"http:\/\/www.apucarana.pr.gov.br\/ame\/?p=10604"},"modified":"2024-10-08T09:09:45","modified_gmt":"2024-10-08T12:09:45","slug":"apucarana-discute-o-combate-a-violencia-e-a-exploracao-sexual-de-criancas-e-adolescentes","status":"publish","type":"post","link":"http:\/\/www.apucarana.pr.gov.br\/ame\/apucarana-discute-o-combate-a-violencia-e-a-exploracao-sexual-de-criancas-e-adolescentes\/","title":{"rendered":"Apucarana discute o combate \u00e0 viol\u00eancia e \u00e0 explora\u00e7\u00e3o sexual  de crian\u00e7as e adolescentes"},"content":{"rendered":"<p>A data 18 de maio \u00e9 dedicada ao Dia Nacional de Combate \u00e0 Viol\u00eancia e \u00e0 Explora\u00e7\u00e3o Sexual de Crian\u00e7as e Adolescentes. Por isso, nesta quarta-feira (18\/5), diversas a\u00e7\u00f5es foram realizadas em todo o pa\u00eds com o intuito de mobilizar o poder p\u00fablico, as institui\u00e7\u00f5es sociais e a sociedade civil para a preven\u00e7\u00e3o e o enfrentamento desse grave problema que destr\u00f3i a inf\u00e2ncia, os sonhos e a vida de muitos meninos e meninas. Em Apucarana, a Macrorrede de Prote\u00e7\u00e3o \u00e0s Crian\u00e7as e Adolescentes realizou uma mesa de debate sobre o tema no Cine Teatro F\u00eanix.<\/p>\n<p>O prefeito Junior da Femac participou da abertura do evento e falou sobre a import\u00e2ncia de dar visibilidade \u00e0 causa. \u201cInfelizmente, o abuso contra as crian\u00e7as e adolescentes, a viol\u00eancia contra a mulher, o machismo e o racismo est\u00e3o presentes no munic\u00edpio e n\u00f3s temos o dever de combat\u00ea-los com afinco e determina\u00e7\u00e3o. Discuss\u00f5es como esta s\u00e3o importantes para que os agressores percebam que a comunidade est\u00e1 vigilante e as v\u00edtimas saibam que estamos unidos para defend\u00ea-las,\u201d disse.<\/p>\n<p>Segundo a chefe do escrit\u00f3rio regional da Secretaria de Estado da Justi\u00e7a, Fam\u00edlia e Trabalho (SEJUF), a viol\u00eancia contra as crian\u00e7as e adolescentes sempre existiu, mas ganhou corpo e forma durante a pandemia de COVID-19. \u201cAs crian\u00e7as e os adolescentes ficaram confinados em suas casas por quase dois anos, muitas vezes enfrentando agressores. Isso fez com que o problema se agravasse. Como agentes p\u00fablicos, n\u00f3s somos respons\u00e1veis pela pol\u00edtica de atendimento \u00e0s v\u00edtimas e por garantir um futuro digno a elas,\u201d afirmou.<\/p>\n<p>J\u00e1 a promotora de justi\u00e7a da Vara da Inf\u00e2ncia, Fam\u00edlia e Juventude, Fabiana Pimenta Soares, elogiou a Macrorrede de Prote\u00e7\u00e3o \u00e0s Crian\u00e7as e Adolescentes de Apucarana. \u201cGra\u00e7as ao excelente trabalho realizado por voc\u00eas no encaminhamento e atendimento das v\u00edtimas, eu encontro motivos para continuar acreditando nos seres humanos, mesmo nos dias mais dif\u00edceis. A macrorrede apucaranense \u00e9 composta por profissionais vocacionados, capazes e comprometidos com a causa,\u201d falou.<\/p>\n<p>O debate no Cine Teatro F\u00eanix aconteceu entre o procurador da Rep\u00fablica da Comarca de Apucarana, Raphael Ot\u00e1vio Bueno dos Santos, e a professora aposentada do Departamento de Servi\u00e7o Social da Universidade Estadual de Londrina (UEL), S\u00edlvia Alapanian. A media\u00e7\u00e3o foi feita pelo coordenador da Macrorrede de Prote\u00e7\u00e3o \u00e0 Crian\u00e7a e ao Adolescente de Apucarana, Valdir Anhuci.<\/p>\n<p>Mais de duzentas pessoas acompanharam a discuss\u00e3o, entre estudantes do curso de magist\u00e9rio do Col\u00e9gio Estadual Nilo Cairo, professores, coordenadores e diretores dos centros infantis e escolas municipais de Apucarana e representantes do N\u00facleo Regional de Educa\u00e7\u00e3o, da Autarquia Municipal de Sa\u00fade, da Secretaria Municipal de Assist\u00eancia Social, das faculdades locais, do Conselho Municipal dos Direitos das Crian\u00e7as e Adolescentes (CMDCA), do Conselho Tutelar, do Minist\u00e9rio P\u00fablico e da Casa Lar. Os munic\u00edpios de Cambira e Calif\u00f3rnia tamb\u00e9m mandaram delega\u00e7\u00f5es para participar do evento.<\/p>\n<p>A secret\u00e1ria de educa\u00e7\u00e3o, Marli Fernandes, frisou que o munic\u00edpio vem refor\u00e7ando as a\u00e7\u00f5es de prote\u00e7\u00e3o \u00e0s crian\u00e7as e aos adolescentes no contexto p\u00f3s-pandemia. \u201cO prefeito Junior da Femac contratou e disponibilizou psic\u00f3logos para os dezoito col\u00e9gios estaduais da cidade, enquanto os alunos da rede municipal s\u00e3o atendidos pelos psicopedagogos e psic\u00f3logos do Centro de Apoio Multiprofissional ao Escolar (CAME) e por meio do projeto Olhar Acolhedor, desenvolvido em parceria pela Autarquia de Educa\u00e7\u00e3o e a Faculdade de Apucarana,\u201d detalhou.<\/p>\n<p>Por fim, a presidente do Conselho Municipal dos Direitos da Crian\u00e7a e do Adolescente (CMDCA), Ana Maria Schmidt, orientou sobre o que fazer em caso de suspeita de viol\u00eancia contra crian\u00e7as e adolescentes. \u201cA popula\u00e7\u00e3o pode fazer a den\u00fancia anonimamente por meio do Disque 100. Os fatos relatados s\u00e3o encaminhados para o Minist\u00e9rio P\u00fablico e o Conselho Tutelar, que far\u00e3o a devida investiga\u00e7\u00e3o e o encaminhamento das v\u00edtimas para a macrorrede de prote\u00e7\u00e3o,\u201d explicou.<\/p>\n<p>Estiveram ainda, na manh\u00e3 de hoje (18\/5). no Cine Teatro F\u00eanix, o vice-prefeito Paulo Vital; o presidente da C\u00e2mara Municipal de Apucarana, Franciley Preto de Godoi (Poim), a vereadora Jossuela Pirelli; a vice-prefeita do munic\u00edpio de Calif\u00f3rnia, Adriana Reis de Jesus, a secret\u00e1ria municipal de Assist\u00eancia Social de Cambira, Vanessa Marques; a secret\u00e1ria municipal de Assist\u00eancia Social de Apucarana, Ana Paula Nazarko; a secret\u00e1ria municipal da Promo\u00e7\u00e3o Art\u00edstica, Cultural e Tur\u00edstica de Apucarana, Maria Agar Borba Ferreira; o conselheiro tutelar Andr\u00e9 Reis Avelar; o representante do N\u00facleo Regional de Educa\u00e7\u00e3o, Gustavo Borges; e a diretora do Centro de Apoio Multiprofissional ao Escolar (CAME), L\u00e9ia Sofia Viale.<\/p>\n<div class = 'socialMediaOnEveryPost'>Compartilhe<div id=\"sgmbShare1-1\" class=\"sgmbShare jssocials-theme-classic sgmbWidget1-1\"><\/div><div class=\"dropdownWrapper dropdownWrapper1 dropdownWrapper-for-widget \" id=\"dropdownWrapper-for-widget\">\r\n\t\t\t\t\t\t<div class=\"dropdownLabel\" id=\"dropdownLabel-share-list\"><span class=\"sgmbButtonListLabel1\">Share List<\/span><\/div>\r\n\t\t\t\t\t\t<div class=\"dropdownPanel dropdownPanel1-1\">\r\n\t\t\t\t\t\t<\/div>\r\n\t\t\t\t\t<\/div><script>  SGMB_URL = \"http:\/\/www.apucarana.pr.gov.br\/ame\/wp-content\/plugins\/social-media-builder\/\"; jQuery(\".dropdownWrapper\").hide(); SGMB_GOOGLE_ACOUNT = \"\"; <\/script><script type=\"text\/javascript\">\r\n\t\tjQuery(document).ready(function($){var widget = new SGMBWidget();widget.show({\"id\":\"1\",\"title\":\"Face\\\/Twitter\",\"options\":{\"currentUrl\":\"1\",\"url\":\"\",\"shareText\":\"\",\"fontSize\":\"14\",\"betweenButtons\":\"1px\",\"theme\":\"classic\",\"sgmbButtonsPosition\":\"bottomLeft\",\"socialTheme\":\"\",\"icon\":\"default\",\"buttonsPanelEffect\":\"No Effect\",\"buttonsEffect\":\"No Effect\",\"iconsEffect\":\"No Effect\",\"buttons\":\"{\\\"facebook\\\":{\\\"label\\\":\\\"Share\\\",\\\"icon\\\":\\\"default-facebook\\\"},\\\"twitter\\\":{\\\"label\\\":\\\"Tweet\\\",\\\"icon\\\":\\\"default-twitter\\\",\\\"via\\\":\\\"\\\",\\\"hashtags\\\":\\\"\\\"}}\",\"roundButton\":\"\",\"showLabels\":\"\",\"showCounts\":\"\",\"showCenter\":\"\",\"showButtonsAsList\":\"\",\"sgmbDropdownColor\":\"\",\"sgmbDropdownLabelFontSize\":\"14\",\"sgmbDropdownLabelColor\":\"\",\"showButtonsOnEveryPost\":\"on\",\"selectedOrExcluded\":\"\",\"showButtonsOnEveryPage\":\"\",\"textOnEveryPost\":\"Compartilhe\",\"showButtonsOnCustomPost\":\"\",\"textOnCustomPost\":\"\",\"showButtonsOnMobileDirect\":\"on\",\"showButtonsOnDesktopDirect\":\"on\",\"sgmbSelectedPages\":[\"\"],\"sgmbExcludedPosts\":[\"\"],\"sgmbSelectedCustomPosts\":[],\"showButtonsInPopup\":\"\",\"titleOfPopup\":\"\",\"descriptionOfPopup\":\"\",\"showPopupOnLoad\":\"\",\"showPopupOnScroll\":\"\",\"showPopupOnExit\":\"\",\"openSecondsOfPopup\":\"\",\"googleAnaliticsAccount\":\"\"},\"buttonOptions\":{\"facebook\":{\"label\":\"Share\",\"icon\":\"default-facebook\"},\"twitter\":{\"label\":\"Tweet\",\"icon\":\"default-twitter\",\"via\":\"\",\"hashtags\":\"\"}},\"button\":[\"facebook\",\"twitter\"]}, 1, '', 'http:\/\/www.apucarana.pr.gov.br\/ame\/wp-content\/uploads\/2022\/05\/ABERTURAEDSON-DENOBI-7-scaled.jpg', '', 'http:\/\/www.apucarana.pr.gov.br\/ame\/apucarana-discute-o-combate-a-violencia-e-a-exploracao-sexual-de-criancas-e-adolescentes\/'); });<\/script><\/div><script> jQuery(\".socialMediaOnEveryPost\").addClass(\"sgmb-left\") <\/script>","protected":false},"excerpt":{"rendered":"<p>Mais de duzentos profissionais, de diferentes segmentos da sociedade, participaram hoje (18\/5) de uma reflex\u00e3o sobre o tema no Cine Teatro F\u00eanix<\/p>\n","protected":false},"author":10,"featured_media":10608,"comment_status":"closed","ping_status":"open","sticky":false,"template":"","format":"standard","meta":[],"categories":[9],"tags":[],"_links":{"self":[{"href":"http:\/\/www.apucarana.pr.gov.br\/ame\/wp-json\/wp\/v2\/posts\/10604"}],"collection":[{"href":"http:\/\/www.apucarana.pr.gov.br\/ame\/wp-json\/wp\/v2\/posts"}],"about":[{"href":"http:\/\/www.apucarana.pr.gov.br\/ame\/wp-json\/wp\/v2\/types\/post"}],"author":[{"embeddable":true,"href":"http:\/\/www.apucarana.pr.gov.br\/ame\/wp-json\/wp\/v2\/users\/10"}],"replies":[{"embeddable":true,"href":"http:\/\/www.apucarana.pr.gov.br\/ame\/wp-json\/wp\/v2\/comments?post=10604"}],"version-history":[{"count":1,"href":"http:\/\/www.apucarana.pr.gov.br\/ame\/wp-json\/wp\/v2\/posts\/10604\/revisions"}],"predecessor-version":[{"id":10611,"href":"http:\/\/www.apucarana.pr.gov.br\/ame\/wp-json\/wp\/v2\/posts\/10604\/revisions\/10611"}],"wp:featuredmedia":[{"embeddable":true,"href":"http:\/\/www.apucarana.pr.gov.br\/ame\/wp-json\/wp\/v2\/media\/10608"}],"wp:attachment":[{"href":"http:\/\/www.apucarana.pr.gov.br\/ame\/wp-json\/wp\/v2\/media?parent=10604"}],"wp:term":[{"taxonomy":"category","embeddable":true,"href":"http:\/\/www.apucarana.pr.gov.br\/ame\/wp-json\/wp\/v2\/categories?post=10604"},{"taxonomy":"post_tag","embeddable":true,"href":"http:\/\/www.apucarana.pr.gov.br\/ame\/wp-json\/wp\/v2\/tags?post=10604"}],"curies":[{"name":"wp","href":"https:\/\/api.w.org\/{rel}","templated":true}]}}