{"id":10593,"date":"2022-05-16T13:46:32","date_gmt":"2022-05-16T16:46:32","guid":{"rendered":"http:\/\/www.apucarana.pr.gov.br\/ame\/?p=10593"},"modified":"2024-10-08T09:09:45","modified_gmt":"2024-10-08T12:09:45","slug":"corrida-de-rua-movimenta-alunos-da-rede-municipal-de-apucarana","status":"publish","type":"post","link":"http:\/\/www.apucarana.pr.gov.br\/ame\/corrida-de-rua-movimenta-alunos-da-rede-municipal-de-apucarana\/","title":{"rendered":"Corrida de rua movimenta alunos da rede municipal de Apucarana"},"content":{"rendered":"<p>A Autarquia Municipal de Educa\u00e7\u00e3o e a Secretaria Municipal de Esportes realizaram, na manh\u00e3 de ontem (15\/5), a primeira etapa do Circuito de Corridas de Rua das Escolas Municipais de Apucarana, edi\u00e7\u00e3o de 2022. Cerca de 500 alunos, com idades entre 8 e 11 anos, de onze institui\u00e7\u00f5es de ensino, participaram das provas no distrito de Pirap\u00f3.<\/p>\n<p>Desenvolvido desde 2015, o Circuito de Corridas de Rua das Escolas Municipais tem como objetivo incentivar a pr\u00e1tica do atletismo, que \u00e9 a base para outras modalidades esportivas, entre as crian\u00e7as. \u201cN\u00f3s estamos muito felizes de retomar a realiza\u00e7\u00e3o da competi\u00e7\u00e3o depois de quase dois anos de pandemia. Apucarana tem tradi\u00e7\u00e3o no pedestrianismo e \u00e9 um celeiro de novos atletas,\u201d disse o prefeito Junior da Femac.<\/p>\n<p>A secret\u00e1ria municipal de educa\u00e7\u00e3o, Marli Fernandes, destaca que o circuito de corridas de rua \u00e9 composto por tr\u00eas etapas classificat\u00f3rias e uma final. \u201cAl\u00e9m da etapa do distrito do Pirap\u00f3, teremos uma classificat\u00f3ria no Parque Jaboti em junho e outra no Jardim Ponta Grossa em agosto. J\u00e1 a grande final ser\u00e1 realizada em outubro, novamente no Parque Jaboti. As provas s\u00e3o sempre realizadas nos naipes masculino e feminino, com percurso de 400 metros para os nascidos em 2014, 600 metros para os nascidos em 2013 e 800 metros para os nascidos em 2012 e 2011,\u201d detalhou.<\/p>\n<p>\u201cOs estudantes que alcan\u00e7arem as melhores coloca\u00e7\u00f5es na final do circuito v\u00e3o representar o nosso munic\u00edpio na S\u00e3o Silvestrinha, em dezembro, em S\u00e3o Paulo. Nas duas \u00faltimas edi\u00e7\u00f5es da prova nacional, as crian\u00e7as apucaranenses deram um show e foram premiadas,\u201d acrescentou o secret\u00e1rio municipal de esportes, Jos\u00e9 Marcelino da Silva (Grilo).<\/p>\n<p>Os pais dos alunos compareceram em peso, ontem, ao Pirap\u00f3, para torcer pelos seus filhos. \u201cFoi uma festa muito bonita. O esporte, aliado \u00e0 educa\u00e7\u00e3o, tem o poder de transformar a vida das pessoas. Parab\u00e9ns a todos os diretores, coordenadores e professores envolvidos na organiza\u00e7\u00e3o do evento,\u201d congratulou o presidente da C\u00e2mara Municipal de Apucarana, vereador Franciley Preto de Godoy (Poim).<\/p>\n<p>\u201c\u00c9 muito bom ver que meu filho est\u00e1 tendo essa oportunidade de treinar atletismo, competir e, ao final, ser recompensado pelo seu esfor\u00e7o. O esporte \u00e9 fundamental para a forma\u00e7\u00e3o da crian\u00e7a,\u201d disse Ang\u00e9lica Cl\u00e1udia da Silva, m\u00e3e o aluno Kauan Felipe Silva Mariano, da Escola Municipal Augusto Weyand, que ficou em 2\u00ba lugar na categoria nascidos em 2013, naipe masculino.<\/p>\n<p>Os tr\u00eas melhores colocados em cada categoria, da primeira etapa do Circuito de Corridas de Rua das Escolas Municipais, foram contemplados com trof\u00e9us. \u201cMas todas as crian\u00e7as receberam uma medalha de participa\u00e7\u00e3o, independentemente da classifica\u00e7\u00e3o que tenham alcan\u00e7ado,\u201d disse a secret\u00e1ria de educa\u00e7\u00e3o Marli Fernandes.<\/p>\n<p>O prefeito Junior da Femac aproveitou para convidar as fam\u00edlias apucaranenses para prestigiarem a tradicional Prova Pedestre 28 de Janeiro, que ser\u00e1 realizada no pr\u00f3ximo s\u00e1bado (21\/5), em Apucarana. \u201cAs crian\u00e7as ir\u00e3o competir a partir das 15 horas e os adultos a partir das 19 horas. As largadas ser\u00e3o todas realizadas na Pra\u00e7a Rui Barbosa, \u00e1rea central da cidade,\u201d afirmou.<\/p>\n<p>Classifica\u00e7\u00e3o da primeira etapa do Circuito de Corridas de Rua das Escolas Municipais de Apucarana:<\/p>\n<p><strong>Categoria masculino \u2013 nascidos em 2014<\/strong><br \/>\n1\u00ba) Arthur Gracioli (Escola Jo\u00e3o Ant\u00f4nio Braga C\u00f4rtes)<br \/>\n2\u00ba) Lucas de Andrade Campos (Escola Jos\u00e9 Id\u00e9sio Brianezi)<br \/>\n3\u00ba) Luiz Ben\u00edcio Bueno Sanches (Escola Jos\u00e9 Id\u00e9sio Brianezi)<\/p>\n<p><strong>Categoria feminino \u2013 nascidas em 2014<\/strong><br \/>\n1\u00ba) B\u00e1rbara do Amaral (Escola Jo\u00e3o Ant\u00f4nio Braga C\u00f4rtes)<br \/>\n2\u00ba) Ana Kemely (Escola Jos\u00e9 Id\u00e9sio Brianezi)<br \/>\n3\u00ba) Alice Nikitinieni (Escola Dinarte Pereira de Ara\u00fajo)<\/p>\n<p><strong>Categoria masculino \u2013 nascidos em 2013<\/strong><br \/>\n1\u00ba) Adryan Gomes da Silva (Escola Jos\u00e9 Id\u00e9sio Brianezi)<br \/>\n2\u00ba) Kauan Felipe Silva Mariano (Escola Augusto Weyand)<br \/>\n3\u00ba) Davi Akira (Escola Braga C\u00f4rtes)<\/p>\n<p><strong>Categoria feminino \u2013 nascidas em 2013<\/strong><br \/>\n1\u00ba) Maria Eduarda Reis (Escola Vereador Jos\u00e9 Ramos de Oliveira)<br \/>\n2\u00ba) Giovana de Lima (Escola Jo\u00e3o Ant\u00f4nio Braga C\u00f4rtes)<br \/>\n3\u00ba) Let\u00edcia Gimenes de Souza (Escola Mateus Leme)<\/p>\n<p><strong>Categoria masculino \u2013 nascidos em 2012 e 2011<\/strong><br \/>\n1\u00ba) Pedro Henrique Neves (Escola Professor Durval Pinto)<br \/>\n2\u00ba) Jo\u00e3o Vitor Neves (Escola Professor Durval Pinto)<br \/>\n3\u00ba) Romero Eduwing (Escola Vereador Jos\u00e9 Ramos de Oliveira)<\/p>\n<p><strong>Categoria feminino \u2013 nascidas em 2012 e 2011<\/strong><br \/>\n1\u00ba) Bianca Signolfi Santos (Escola Augusto Weyand)<br \/>\n2\u00ba) Beatriz Signolfi Santos (Escola Augusto Weyand)<br \/>\n3\u00ba) Yasmin Mesquita (Escola Vereador Jos\u00e9 Ramos de Oliveira)<\/p>\n<div class = 'socialMediaOnEveryPost'>Compartilhe<div id=\"sgmbShare1-1\" class=\"sgmbShare jssocials-theme-classic sgmbWidget1-1\"><\/div><div class=\"dropdownWrapper dropdownWrapper1 dropdownWrapper-for-widget \" id=\"dropdownWrapper-for-widget\">\r\n\t\t\t\t\t\t<div class=\"dropdownLabel\" id=\"dropdownLabel-share-list\"><span class=\"sgmbButtonListLabel1\">Share List<\/span><\/div>\r\n\t\t\t\t\t\t<div class=\"dropdownPanel dropdownPanel1-1\">\r\n\t\t\t\t\t\t<\/div>\r\n\t\t\t\t\t<\/div><script>  SGMB_URL = \"http:\/\/www.apucarana.pr.gov.br\/ame\/wp-content\/plugins\/social-media-builder\/\"; jQuery(\".dropdownWrapper\").hide(); SGMB_GOOGLE_ACOUNT = \"\"; <\/script><script type=\"text\/javascript\">\r\n\t\tjQuery(document).ready(function($){var widget = new SGMBWidget();widget.show({\"id\":\"1\",\"title\":\"Face\\\/Twitter\",\"options\":{\"currentUrl\":\"1\",\"url\":\"\",\"shareText\":\"\",\"fontSize\":\"14\",\"betweenButtons\":\"1px\",\"theme\":\"classic\",\"sgmbButtonsPosition\":\"bottomLeft\",\"socialTheme\":\"\",\"icon\":\"default\",\"buttonsPanelEffect\":\"No Effect\",\"buttonsEffect\":\"No Effect\",\"iconsEffect\":\"No Effect\",\"buttons\":\"{\\\"facebook\\\":{\\\"label\\\":\\\"Share\\\",\\\"icon\\\":\\\"default-facebook\\\"},\\\"twitter\\\":{\\\"label\\\":\\\"Tweet\\\",\\\"icon\\\":\\\"default-twitter\\\",\\\"via\\\":\\\"\\\",\\\"hashtags\\\":\\\"\\\"}}\",\"roundButton\":\"\",\"showLabels\":\"\",\"showCounts\":\"\",\"showCenter\":\"\",\"showButtonsAsList\":\"\",\"sgmbDropdownColor\":\"\",\"sgmbDropdownLabelFontSize\":\"14\",\"sgmbDropdownLabelColor\":\"\",\"showButtonsOnEveryPost\":\"on\",\"selectedOrExcluded\":\"\",\"showButtonsOnEveryPage\":\"\",\"textOnEveryPost\":\"Compartilhe\",\"showButtonsOnCustomPost\":\"\",\"textOnCustomPost\":\"\",\"showButtonsOnMobileDirect\":\"on\",\"showButtonsOnDesktopDirect\":\"on\",\"sgmbSelectedPages\":[\"\"],\"sgmbExcludedPosts\":[\"\"],\"sgmbSelectedCustomPosts\":[],\"showButtonsInPopup\":\"\",\"titleOfPopup\":\"\",\"descriptionOfPopup\":\"\",\"showPopupOnLoad\":\"\",\"showPopupOnScroll\":\"\",\"showPopupOnExit\":\"\",\"openSecondsOfPopup\":\"\",\"googleAnaliticsAccount\":\"\"},\"buttonOptions\":{\"facebook\":{\"label\":\"Share\",\"icon\":\"default-facebook\"},\"twitter\":{\"label\":\"Tweet\",\"icon\":\"default-twitter\",\"via\":\"\",\"hashtags\":\"\"}},\"button\":[\"facebook\",\"twitter\"]}, 1, '', 'http:\/\/www.apucarana.pr.gov.br\/ame\/wp-content\/uploads\/2022\/05\/IMG_3695-scaled.jpg', '', 'http:\/\/www.apucarana.pr.gov.br\/ame\/corrida-de-rua-movimenta-alunos-da-rede-municipal-de-apucarana\/'); });<\/script><\/div><script> jQuery(\".socialMediaOnEveryPost\").addClass(\"sgmb-left\") <\/script>","protected":false},"excerpt":{"rendered":"<p>Cerca de 500 crian\u00e7as, com idades entre 8 e 11 anos, de onze institui\u00e7\u00f5es de ensino, participaram das provas no distrito de Pirap\u00f3<\/p>\n","protected":false},"author":10,"featured_media":10601,"comment_status":"closed","ping_status":"open","sticky":false,"template":"","format":"standard","meta":[],"categories":[9],"tags":[],"_links":{"self":[{"href":"http:\/\/www.apucarana.pr.gov.br\/ame\/wp-json\/wp\/v2\/posts\/10593"}],"collection":[{"href":"http:\/\/www.apucarana.pr.gov.br\/ame\/wp-json\/wp\/v2\/posts"}],"about":[{"href":"http:\/\/www.apucarana.pr.gov.br\/ame\/wp-json\/wp\/v2\/types\/post"}],"author":[{"embeddable":true,"href":"http:\/\/www.apucarana.pr.gov.br\/ame\/wp-json\/wp\/v2\/users\/10"}],"replies":[{"embeddable":true,"href":"http:\/\/www.apucarana.pr.gov.br\/ame\/wp-json\/wp\/v2\/comments?post=10593"}],"version-history":[{"count":1,"href":"http:\/\/www.apucarana.pr.gov.br\/ame\/wp-json\/wp\/v2\/posts\/10593\/revisions"}],"predecessor-version":[{"id":10603,"href":"http:\/\/www.apucarana.pr.gov.br\/ame\/wp-json\/wp\/v2\/posts\/10593\/revisions\/10603"}],"wp:featuredmedia":[{"embeddable":true,"href":"http:\/\/www.apucarana.pr.gov.br\/ame\/wp-json\/wp\/v2\/media\/10601"}],"wp:attachment":[{"href":"http:\/\/www.apucarana.pr.gov.br\/ame\/wp-json\/wp\/v2\/media?parent=10593"}],"wp:term":[{"taxonomy":"category","embeddable":true,"href":"http:\/\/www.apucarana.pr.gov.br\/ame\/wp-json\/wp\/v2\/categories?post=10593"},{"taxonomy":"post_tag","embeddable":true,"href":"http:\/\/www.apucarana.pr.gov.br\/ame\/wp-json\/wp\/v2\/tags?post=10593"}],"curies":[{"name":"wp","href":"https:\/\/api.w.org\/{rel}","templated":true}]}}