{"id":10584,"date":"2022-05-13T17:01:47","date_gmt":"2022-05-13T20:01:47","guid":{"rendered":"http:\/\/www.apucarana.pr.gov.br\/ame\/?p=10584"},"modified":"2024-10-08T09:09:45","modified_gmt":"2024-10-08T12:09:45","slug":"alunos-aprendem-sobre-a-importancia-do-combate-ao-mosquito-da-dengue","status":"publish","type":"post","link":"http:\/\/www.apucarana.pr.gov.br\/ame\/alunos-aprendem-sobre-a-importancia-do-combate-ao-mosquito-da-dengue\/","title":{"rendered":"Alunos aprendem sobre a import\u00e2ncia do combate ao mosquito da dengue"},"content":{"rendered":"<p>A Escola Augusto Weyand realizou, na manh\u00e3 de hoje (13\/5), a premia\u00e7\u00e3o dos tr\u00eas estudantes que produziram os melhores trabalhos de um concurso art\u00edstico sobre o combate ao <em>Aedes aegypti<\/em>, vetor de doen\u00e7as como a Dengue, a Zika e a Febre Chikungunya. A a\u00e7\u00e3o faz parte da campanha Aqui o Mosquito n\u00e3o Entra, desenvolvida em parceria pela Autarquia de Educa\u00e7\u00e3o (AME) e o Servi\u00e7o Social do Com\u00e9rcio (SESC-PR), nas quase 60 unidades de ensino da rede municipal de Apucarana.<\/p>\n<p>A campanha tem o objetivo de incentivar as crian\u00e7as a verificarem os quintais de suas casas e a percorrerem as ruas do bairro em que moram, buscando e eliminando poss\u00edveis criadouros do mosquito <em>Aedes aegypti<\/em>. \u00a0\u201cA campanha do SESC integra um projeto maior de conscientiza\u00e7\u00e3o ambiental, o Sementes do Futuro, que desenvolvemos na rede municipal desde 2015. Somente os alunos da Escola Augusto Weyand j\u00e1 eliminaram mais de 17 mil focos de \u00e1gua parada, contribuindo para a preserva\u00e7\u00e3o da sa\u00fade dos apucaranenses,\u201d afirmou a secret\u00e1ria de educa\u00e7\u00e3o, Marli Fernandes.<\/p>\n<p>Os estudantes, com o aux\u00edlio dos professores, pais e familiares, confeccionaram maquetes, brinquedos e cartazes sobre o tema, a partir do lixo recicl\u00e1vel que foi retirado da natureza durante a campanha. \u201cOs principais materiais que as crian\u00e7as encontraram foram copos descart\u00e1veis, tampinhas de garrafas pet, sacolas pl\u00e1sticas e latinhas de refrigerante, que podem acumular \u00e1gua quando descartados de maneira incorreta,\u201d detalhou a diretora da escola, Telma Mara Cielsiski da Silva.<\/p>\n<p>Os trabalhos dos alunos Maria Rita Bertasso da Fonseca, Lorenzo Gabriel Faria Pires e Francisco Bertasso da Fonseca foram eleitos os tr\u00eas primeiros colocados do concurso art\u00edstico. Por isso, eles receberam kits compostos de livros de literatura, canetinhas e carimbos como pr\u00eamios.<\/p>\n<p>O prefeito Junior da Femac parabenizou o SESC-PR e a equipe pedag\u00f3gica da AME pelo desenvolvimento da campanha Aqui o Mosquito N\u00e3o Entra. \u201cO \u00faltimo levantamento divulgado pela Autarquia Municipal de Sa\u00fade apontou que o munic\u00edpio est\u00e1 com um alto \u00edndice de infesta\u00e7\u00e3o do mosquito <em>Aedes aegypti<\/em>. Por isso, os nossos agentes de combate a endemias est\u00e3o intensificando as visitas \u00e0s resid\u00eancias e a orienta\u00e7\u00e3o da popula\u00e7\u00e3o. No entanto, se quisermos vencer essa luta, precisamos da colabora\u00e7\u00e3o de todos. A conscientiza\u00e7\u00e3o das crian\u00e7as \u00e9 importante porque elas replicam as informa\u00e7\u00f5es junto \u00e0s suas fam\u00edlias,\u201d disse.<\/p>\n<p>O secret\u00e1rio municipal de meio ambiente, Gentil Pereira, e a t\u00e9cnica de Educa\u00e7\u00e3o em Sa\u00fade do SESC, Ana Carina Fazzio Soares da Silva, acompanharam a premia\u00e7\u00e3o dos alunos, na manh\u00e3 de hoje, na Escola Augusto Weyand. \u201cTodos os trabalhos expostos estavam incr\u00edveis e a escolha dos tr\u00eas primeiros colocados foi uma decis\u00e3o muito dif\u00edcil\u201d, comentou o secret\u00e1rio.<\/p>\n<p>A Secretaria de Meio Ambiente tamb\u00e9m doou 20 mudas de citronela, planta medicinal com propriedades repelentes de insetos, para a Escola Augusto Weyand. Duas mudas ser\u00e3o plantadas na pr\u00f3pria unidade de ensino e as demais repassadas \u00e0s fam\u00edlias dos alunos, cujos trabalhos se destacaram no concurso art\u00edstico.<\/p>\n<div class = 'socialMediaOnEveryPost'>Compartilhe<div id=\"sgmbShare1-1\" class=\"sgmbShare jssocials-theme-classic sgmbWidget1-1\"><\/div><div class=\"dropdownWrapper dropdownWrapper1 dropdownWrapper-for-widget \" id=\"dropdownWrapper-for-widget\">\r\n\t\t\t\t\t\t<div class=\"dropdownLabel\" id=\"dropdownLabel-share-list\"><span class=\"sgmbButtonListLabel1\">Share List<\/span><\/div>\r\n\t\t\t\t\t\t<div class=\"dropdownPanel dropdownPanel1-1\">\r\n\t\t\t\t\t\t<\/div>\r\n\t\t\t\t\t<\/div><script>  SGMB_URL = \"http:\/\/www.apucarana.pr.gov.br\/ame\/wp-content\/plugins\/social-media-builder\/\"; jQuery(\".dropdownWrapper\").hide(); SGMB_GOOGLE_ACOUNT = \"\"; <\/script><script type=\"text\/javascript\">\r\n\t\tjQuery(document).ready(function($){var widget = new SGMBWidget();widget.show({\"id\":\"1\",\"title\":\"Face\\\/Twitter\",\"options\":{\"currentUrl\":\"1\",\"url\":\"\",\"shareText\":\"\",\"fontSize\":\"14\",\"betweenButtons\":\"1px\",\"theme\":\"classic\",\"sgmbButtonsPosition\":\"bottomLeft\",\"socialTheme\":\"\",\"icon\":\"default\",\"buttonsPanelEffect\":\"No Effect\",\"buttonsEffect\":\"No Effect\",\"iconsEffect\":\"No Effect\",\"buttons\":\"{\\\"facebook\\\":{\\\"label\\\":\\\"Share\\\",\\\"icon\\\":\\\"default-facebook\\\"},\\\"twitter\\\":{\\\"label\\\":\\\"Tweet\\\",\\\"icon\\\":\\\"default-twitter\\\",\\\"via\\\":\\\"\\\",\\\"hashtags\\\":\\\"\\\"}}\",\"roundButton\":\"\",\"showLabels\":\"\",\"showCounts\":\"\",\"showCenter\":\"\",\"showButtonsAsList\":\"\",\"sgmbDropdownColor\":\"\",\"sgmbDropdownLabelFontSize\":\"14\",\"sgmbDropdownLabelColor\":\"\",\"showButtonsOnEveryPost\":\"on\",\"selectedOrExcluded\":\"\",\"showButtonsOnEveryPage\":\"\",\"textOnEveryPost\":\"Compartilhe\",\"showButtonsOnCustomPost\":\"\",\"textOnCustomPost\":\"\",\"showButtonsOnMobileDirect\":\"on\",\"showButtonsOnDesktopDirect\":\"on\",\"sgmbSelectedPages\":[\"\"],\"sgmbExcludedPosts\":[\"\"],\"sgmbSelectedCustomPosts\":[],\"showButtonsInPopup\":\"\",\"titleOfPopup\":\"\",\"descriptionOfPopup\":\"\",\"showPopupOnLoad\":\"\",\"showPopupOnScroll\":\"\",\"showPopupOnExit\":\"\",\"openSecondsOfPopup\":\"\",\"googleAnaliticsAccount\":\"\"},\"buttonOptions\":{\"facebook\":{\"label\":\"Share\",\"icon\":\"default-facebook\"},\"twitter\":{\"label\":\"Tweet\",\"icon\":\"default-twitter\",\"via\":\"\",\"hashtags\":\"\"}},\"button\":[\"facebook\",\"twitter\"]}, 1, '', 'http:\/\/www.apucarana.pr.gov.br\/ame\/wp-content\/uploads\/2022\/05\/PREMIACAO-DENGUE-AUGUSTO-WEYAND-1.jpg', '', 'http:\/\/www.apucarana.pr.gov.br\/ame\/alunos-aprendem-sobre-a-importancia-do-combate-ao-mosquito-da-dengue\/'); });<\/script><\/div><script> jQuery(\".socialMediaOnEveryPost\").addClass(\"sgmb-left\") <\/script>","protected":false},"excerpt":{"rendered":"<p>A a\u00e7\u00e3o faz parte da campanha Aqui o Mosquito n\u00e3o Entra, desenvolvida em parceria pela Autarquia de Educa\u00e7\u00e3o (AME) e o Servi\u00e7o Social do Com\u00e9rcio (SESC-PR), nas quase 60 unidades de ensino da rede municipal de Apucarana<\/p>\n","protected":false},"author":10,"featured_media":10585,"comment_status":"closed","ping_status":"open","sticky":false,"template":"","format":"standard","meta":[],"categories":[9],"tags":[],"_links":{"self":[{"href":"http:\/\/www.apucarana.pr.gov.br\/ame\/wp-json\/wp\/v2\/posts\/10584"}],"collection":[{"href":"http:\/\/www.apucarana.pr.gov.br\/ame\/wp-json\/wp\/v2\/posts"}],"about":[{"href":"http:\/\/www.apucarana.pr.gov.br\/ame\/wp-json\/wp\/v2\/types\/post"}],"author":[{"embeddable":true,"href":"http:\/\/www.apucarana.pr.gov.br\/ame\/wp-json\/wp\/v2\/users\/10"}],"replies":[{"embeddable":true,"href":"http:\/\/www.apucarana.pr.gov.br\/ame\/wp-json\/wp\/v2\/comments?post=10584"}],"version-history":[{"count":4,"href":"http:\/\/www.apucarana.pr.gov.br\/ame\/wp-json\/wp\/v2\/posts\/10584\/revisions"}],"predecessor-version":[{"id":10592,"href":"http:\/\/www.apucarana.pr.gov.br\/ame\/wp-json\/wp\/v2\/posts\/10584\/revisions\/10592"}],"wp:featuredmedia":[{"embeddable":true,"href":"http:\/\/www.apucarana.pr.gov.br\/ame\/wp-json\/wp\/v2\/media\/10585"}],"wp:attachment":[{"href":"http:\/\/www.apucarana.pr.gov.br\/ame\/wp-json\/wp\/v2\/media?parent=10584"}],"wp:term":[{"taxonomy":"category","embeddable":true,"href":"http:\/\/www.apucarana.pr.gov.br\/ame\/wp-json\/wp\/v2\/categories?post=10584"},{"taxonomy":"post_tag","embeddable":true,"href":"http:\/\/www.apucarana.pr.gov.br\/ame\/wp-json\/wp\/v2\/tags?post=10584"}],"curies":[{"name":"wp","href":"https:\/\/api.w.org\/{rel}","templated":true}]}}