{"id":10575,"date":"2022-05-12T16:54:54","date_gmt":"2022-05-12T19:54:54","guid":{"rendered":"http:\/\/www.apucarana.pr.gov.br\/ame\/?p=10575"},"modified":"2024-10-08T09:09:45","modified_gmt":"2024-10-08T12:09:45","slug":"circuito-de-corridas-de-rua-das-escolas-comeca-no-proximo-domingo","status":"publish","type":"post","link":"http:\/\/www.apucarana.pr.gov.br\/ame\/circuito-de-corridas-de-rua-das-escolas-comeca-no-proximo-domingo\/","title":{"rendered":"Circuito de corridas de rua das escolas  come\u00e7a no pr\u00f3ximo domingo"},"content":{"rendered":"<p>A Prefeitura de Apucarana est\u00e1 finalizando os preparativos para a s\u00e9tima edi\u00e7\u00e3o do Circuito de Corridas de Rua da rede municipal de ensino. A primeira etapa da competi\u00e7\u00e3o est\u00e1 marcada para o pr\u00f3ximo domingo (15\/5), a partir das 9 horas, com largadas em frente \u00e0 Escola Vereador Jos\u00e9 Ramos de Oliveira, no Distrito de Pirap\u00f3.<\/p>\n<p>Desenvolvido em parceria pela Autarquia Municipal de Educa\u00e7\u00e3o e a Secretaria Municipal de Esportes, o Circuito de Corridas de Rua tem o objetivo de incentivar a pr\u00e1tica do atletismo, que \u00e9 a base para outras modalidades esportivas, entre as crian\u00e7as. \u201cElas treinam durante as aulas de educa\u00e7\u00e3o f\u00edsica nas pr\u00f3prias escolas e tamb\u00e9m em escolinhas espec\u00edficas desenvolvidas no Complexo Esportivo Jos\u00e9 Antonio Basso, o Lago\u00e3o,\u201d detalhou a secret\u00e1ria de educa\u00e7\u00e3o, Marli Fernandes.<\/p>\n<p>Aproximadamente 500 atletas, provenientes de onze escolas municipais, devem participar da primeira etapa do circuito. Realizadas nos naipes feminino e masculino, as provas ter\u00e3o percurso de 400 metros para os nascidos em 2014, 600 metros para os nascidos em 2013 e 800 metros para os nascidos em 2012 e 2011. Os tr\u00eas primeiros colocados em cada categoria ser\u00e3o premiados com trof\u00e9us, enquanto os demais alunos receber\u00e3o medalhas de participa\u00e7\u00e3o.<\/p>\n<p>\u201cEu convido as fam\u00edlias e a comunidade apucaranense a participarem do evento, incentivando, apoiando e torcendo pelos nossos atletas. O Circuito de Corridas de Rua vem revelando muitos talentos ao longo dos anos. Prova disso \u00e9 que tivemos medalhistas nas duas \u00faltimas edi\u00e7\u00f5es da S\u00e3o Silvestrinha,\u201d frisou o prefeito Junior da Femac.<\/p>\n<p>O Circuito de Corridas de Rua da rede municipal de ensino ter\u00e1, ao todo, quatro etapas. \u201cA segunda est\u00e1 prevista para acontecer em junho no Parque Jaboti e a terceira em agosto no Jardim Ponta Grossa. J\u00e1 a grande final dever\u00e1 ser realizada em outubro, novamente no Parque Jaboti,\u201d adiantou o secret\u00e1rio de esportes, Jos\u00e9 Marcelino da Silva (Grilo).<\/p>\n<div class = 'socialMediaOnEveryPost'>Compartilhe<div id=\"sgmbShare1-1\" class=\"sgmbShare jssocials-theme-classic sgmbWidget1-1\"><\/div><div class=\"dropdownWrapper dropdownWrapper1 dropdownWrapper-for-widget \" id=\"dropdownWrapper-for-widget\">\r\n\t\t\t\t\t\t<div class=\"dropdownLabel\" id=\"dropdownLabel-share-list\"><span class=\"sgmbButtonListLabel1\">Share List<\/span><\/div>\r\n\t\t\t\t\t\t<div class=\"dropdownPanel dropdownPanel1-1\">\r\n\t\t\t\t\t\t<\/div>\r\n\t\t\t\t\t<\/div><script>  SGMB_URL = \"http:\/\/www.apucarana.pr.gov.br\/ame\/wp-content\/plugins\/social-media-builder\/\"; jQuery(\".dropdownWrapper\").hide(); SGMB_GOOGLE_ACOUNT = \"\"; <\/script><script type=\"text\/javascript\">\r\n\t\tjQuery(document).ready(function($){var widget = new SGMBWidget();widget.show({\"id\":\"1\",\"title\":\"Face\\\/Twitter\",\"options\":{\"currentUrl\":\"1\",\"url\":\"\",\"shareText\":\"\",\"fontSize\":\"14\",\"betweenButtons\":\"1px\",\"theme\":\"classic\",\"sgmbButtonsPosition\":\"bottomLeft\",\"socialTheme\":\"\",\"icon\":\"default\",\"buttonsPanelEffect\":\"No Effect\",\"buttonsEffect\":\"No Effect\",\"iconsEffect\":\"No Effect\",\"buttons\":\"{\\\"facebook\\\":{\\\"label\\\":\\\"Share\\\",\\\"icon\\\":\\\"default-facebook\\\"},\\\"twitter\\\":{\\\"label\\\":\\\"Tweet\\\",\\\"icon\\\":\\\"default-twitter\\\",\\\"via\\\":\\\"\\\",\\\"hashtags\\\":\\\"\\\"}}\",\"roundButton\":\"\",\"showLabels\":\"\",\"showCounts\":\"\",\"showCenter\":\"\",\"showButtonsAsList\":\"\",\"sgmbDropdownColor\":\"\",\"sgmbDropdownLabelFontSize\":\"14\",\"sgmbDropdownLabelColor\":\"\",\"showButtonsOnEveryPost\":\"on\",\"selectedOrExcluded\":\"\",\"showButtonsOnEveryPage\":\"\",\"textOnEveryPost\":\"Compartilhe\",\"showButtonsOnCustomPost\":\"\",\"textOnCustomPost\":\"\",\"showButtonsOnMobileDirect\":\"on\",\"showButtonsOnDesktopDirect\":\"on\",\"sgmbSelectedPages\":[\"\"],\"sgmbExcludedPosts\":[\"\"],\"sgmbSelectedCustomPosts\":[],\"showButtonsInPopup\":\"\",\"titleOfPopup\":\"\",\"descriptionOfPopup\":\"\",\"showPopupOnLoad\":\"\",\"showPopupOnScroll\":\"\",\"showPopupOnExit\":\"\",\"openSecondsOfPopup\":\"\",\"googleAnaliticsAccount\":\"\"},\"buttonOptions\":{\"facebook\":{\"label\":\"Share\",\"icon\":\"default-facebook\"},\"twitter\":{\"label\":\"Tweet\",\"icon\":\"default-twitter\",\"via\":\"\",\"hashtags\":\"\"}},\"button\":[\"facebook\",\"twitter\"]}, 1, '', 'http:\/\/www.apucarana.pr.gov.br\/ame\/wp-content\/uploads\/2022\/05\/IMG_2382.jpg', '', 'http:\/\/www.apucarana.pr.gov.br\/ame\/circuito-de-corridas-de-rua-das-escolas-comeca-no-proximo-domingo\/'); });<\/script><\/div><script> jQuery(\".socialMediaOnEveryPost\").addClass(\"sgmb-left\") <\/script>","protected":false},"excerpt":{"rendered":"<p>Aproximadamente 500 alunos, de onze escolas municipais, participar\u00e3o da primeira etapa da competi\u00e7\u00e3o, no Distrito de Pirap\u00f3<\/p>\n","protected":false},"author":10,"featured_media":10581,"comment_status":"closed","ping_status":"open","sticky":false,"template":"","format":"standard","meta":[],"categories":[9],"tags":[],"_links":{"self":[{"href":"http:\/\/www.apucarana.pr.gov.br\/ame\/wp-json\/wp\/v2\/posts\/10575"}],"collection":[{"href":"http:\/\/www.apucarana.pr.gov.br\/ame\/wp-json\/wp\/v2\/posts"}],"about":[{"href":"http:\/\/www.apucarana.pr.gov.br\/ame\/wp-json\/wp\/v2\/types\/post"}],"author":[{"embeddable":true,"href":"http:\/\/www.apucarana.pr.gov.br\/ame\/wp-json\/wp\/v2\/users\/10"}],"replies":[{"embeddable":true,"href":"http:\/\/www.apucarana.pr.gov.br\/ame\/wp-json\/wp\/v2\/comments?post=10575"}],"version-history":[{"count":1,"href":"http:\/\/www.apucarana.pr.gov.br\/ame\/wp-json\/wp\/v2\/posts\/10575\/revisions"}],"predecessor-version":[{"id":10583,"href":"http:\/\/www.apucarana.pr.gov.br\/ame\/wp-json\/wp\/v2\/posts\/10575\/revisions\/10583"}],"wp:featuredmedia":[{"embeddable":true,"href":"http:\/\/www.apucarana.pr.gov.br\/ame\/wp-json\/wp\/v2\/media\/10581"}],"wp:attachment":[{"href":"http:\/\/www.apucarana.pr.gov.br\/ame\/wp-json\/wp\/v2\/media?parent=10575"}],"wp:term":[{"taxonomy":"category","embeddable":true,"href":"http:\/\/www.apucarana.pr.gov.br\/ame\/wp-json\/wp\/v2\/categories?post=10575"},{"taxonomy":"post_tag","embeddable":true,"href":"http:\/\/www.apucarana.pr.gov.br\/ame\/wp-json\/wp\/v2\/tags?post=10575"}],"curies":[{"name":"wp","href":"https:\/\/api.w.org\/{rel}","templated":true}]}}