{"id":10569,"date":"2022-05-10T17:49:51","date_gmt":"2022-05-10T20:49:51","guid":{"rendered":"http:\/\/www.apucarana.pr.gov.br\/ame\/?p=10569"},"modified":"2024-10-08T09:09:45","modified_gmt":"2024-10-08T12:09:45","slug":"autarquia-de-educacao-abre-concurso-publico-para-a-contratacao-de-assistentes-de-atendimento","status":"publish","type":"post","link":"http:\/\/www.apucarana.pr.gov.br\/ame\/autarquia-de-educacao-abre-concurso-publico-para-a-contratacao-de-assistentes-de-atendimento\/","title":{"rendered":"Autarquia de Educa\u00e7\u00e3o abre concurso p\u00fablico para a contrata\u00e7\u00e3o  de assistentes de atendimento"},"content":{"rendered":"<p>A Autarquia Municipal de Educa\u00e7\u00e3o divulgou, nesta ter\u00e7a-feira (10\/5) a abertura de concurso p\u00fablico para a contrata\u00e7\u00e3o de assistentes de atendimento. Ser\u00e3o ofertadas duas vagas de imediato. A remunera\u00e7\u00e3o prevista \u00e9 de R$ 2.471,26 para uma jornada de 40 horas semanais.<\/p>\n<p>\u201cOs profissionais selecionados ser\u00e3o respons\u00e1veis, entre outras atribui\u00e7\u00f5es do cargo, por atender e prestar informa\u00e7\u00f5es ao p\u00fablico, encaminhar e direcionar correspond\u00eancia recebida, protocolar, conferir e arquivar documentos, redigir textos oficiais, tramitar processos e executar servi\u00e7os de apoio administrativo,\u201d detalhou a secret\u00e1ria de educa\u00e7\u00e3o, Marli Fernandes.<\/p>\n<p>A Funda\u00e7\u00e3o de Apoio ao Desenvolvimento da Universidade Estadual de Londrina (FAUEL) \u00e9 a institui\u00e7\u00e3o contratada para a organiza\u00e7\u00e3o do certame. As inscri\u00e7\u00f5es come\u00e7ar\u00e3o no dia 23 de maio e seguem at\u00e9 7 de junho, por meio do endere\u00e7o: <a href=\"http:\/\/www.fauel.org.br\">www.fauel.org.br<\/a>.<\/p>\n<p>A taxa exigida dos candidatos \u00e9 de R$ 80,00. \u201cNo entanto, pessoas inscritas no Cad\u00danico (Cadastro \u00danico para Programas do Governo Federal) e doadores regulares de sangue e medula \u00f3ssea poder\u00e3o solicitar a isen\u00e7\u00e3o do pagamento nos dias 19 e 20 de maio,\u201d acrescentou a secret\u00e1ria.<\/p>\n<p>A aplica\u00e7\u00e3o da prova est\u00e1 prevista para 3 de julho. Ao todo, ser\u00e3o 40 quest\u00f5es objetivas contemplando as \u00e1reas de l\u00edngua portuguesa, matem\u00e1tica, inform\u00e1tica, conhecimentos gerais e espec\u00edficos.<\/p>\n<p>O prefeito Junior da Femac destaca que o munic\u00edpio tem mais tr\u00eas concursos em andamento, da Guarda Civil Municipal, da Autarquia Municipal de Sa\u00fade (AMS) e da pr\u00f3pria Prefeitura de Apucarana. \u201cA demanda por servi\u00e7os p\u00fablicos vem aumentando de uma maneira geral e a realiza\u00e7\u00e3o de concursos \u00e9 necess\u00e1ria para repor o quadro funcional. Manter o quadro de servidores \u00e9 fundamental para garantir a qualidade dos servi\u00e7os prestados \u00e0 popula\u00e7\u00e3o\u201d afirmou.<\/p>\n<p>A \u00edntegra do edital n\u00ba 027\/2022 poder\u00e1 ser conferida, a partir de amanh\u00e3 (11\/5), por meio dos endere\u00e7os <a href=\"http:\/\/www.fauel.org.br\">www.fauel.org.br<\/a> e <a href=\"http:\/\/www.apucarana.pr.gov.br\/site\/carta-de-servicos\/concurso-publico\/\">http:\/\/www.apucarana.pr.gov.br\/site\/carta-de-servicos\/concurso-publico\/<\/a>.<\/p>\n<div class = 'socialMediaOnEveryPost'>Compartilhe<div id=\"sgmbShare1-1\" class=\"sgmbShare jssocials-theme-classic sgmbWidget1-1\"><\/div><div class=\"dropdownWrapper dropdownWrapper1 dropdownWrapper-for-widget \" id=\"dropdownWrapper-for-widget\">\r\n\t\t\t\t\t\t<div class=\"dropdownLabel\" id=\"dropdownLabel-share-list\"><span class=\"sgmbButtonListLabel1\">Share List<\/span><\/div>\r\n\t\t\t\t\t\t<div class=\"dropdownPanel dropdownPanel1-1\">\r\n\t\t\t\t\t\t<\/div>\r\n\t\t\t\t\t<\/div><script>  SGMB_URL = \"http:\/\/www.apucarana.pr.gov.br\/ame\/wp-content\/plugins\/social-media-builder\/\"; jQuery(\".dropdownWrapper\").hide(); SGMB_GOOGLE_ACOUNT = \"\"; <\/script><script type=\"text\/javascript\">\r\n\t\tjQuery(document).ready(function($){var widget = new SGMBWidget();widget.show({\"id\":\"1\",\"title\":\"Face\\\/Twitter\",\"options\":{\"currentUrl\":\"1\",\"url\":\"\",\"shareText\":\"\",\"fontSize\":\"14\",\"betweenButtons\":\"1px\",\"theme\":\"classic\",\"sgmbButtonsPosition\":\"bottomLeft\",\"socialTheme\":\"\",\"icon\":\"default\",\"buttonsPanelEffect\":\"No Effect\",\"buttonsEffect\":\"No Effect\",\"iconsEffect\":\"No Effect\",\"buttons\":\"{\\\"facebook\\\":{\\\"label\\\":\\\"Share\\\",\\\"icon\\\":\\\"default-facebook\\\"},\\\"twitter\\\":{\\\"label\\\":\\\"Tweet\\\",\\\"icon\\\":\\\"default-twitter\\\",\\\"via\\\":\\\"\\\",\\\"hashtags\\\":\\\"\\\"}}\",\"roundButton\":\"\",\"showLabels\":\"\",\"showCounts\":\"\",\"showCenter\":\"\",\"showButtonsAsList\":\"\",\"sgmbDropdownColor\":\"\",\"sgmbDropdownLabelFontSize\":\"14\",\"sgmbDropdownLabelColor\":\"\",\"showButtonsOnEveryPost\":\"on\",\"selectedOrExcluded\":\"\",\"showButtonsOnEveryPage\":\"\",\"textOnEveryPost\":\"Compartilhe\",\"showButtonsOnCustomPost\":\"\",\"textOnCustomPost\":\"\",\"showButtonsOnMobileDirect\":\"on\",\"showButtonsOnDesktopDirect\":\"on\",\"sgmbSelectedPages\":[\"\"],\"sgmbExcludedPosts\":[\"\"],\"sgmbSelectedCustomPosts\":[],\"showButtonsInPopup\":\"\",\"titleOfPopup\":\"\",\"descriptionOfPopup\":\"\",\"showPopupOnLoad\":\"\",\"showPopupOnScroll\":\"\",\"showPopupOnExit\":\"\",\"openSecondsOfPopup\":\"\",\"googleAnaliticsAccount\":\"\"},\"buttonOptions\":{\"facebook\":{\"label\":\"Share\",\"icon\":\"default-facebook\"},\"twitter\":{\"label\":\"Tweet\",\"icon\":\"default-twitter\",\"via\":\"\",\"hashtags\":\"\"}},\"button\":[\"facebook\",\"twitter\"]}, 1, '', 'http:\/\/www.apucarana.pr.gov.br\/ame\/wp-content\/uploads\/2022\/05\/CONCURSOEDSON-DENOBI-4-1024x740-1.jpg', '', 'http:\/\/www.apucarana.pr.gov.br\/ame\/autarquia-de-educacao-abre-concurso-publico-para-a-contratacao-de-assistentes-de-atendimento\/'); });<\/script><\/div><script> jQuery(\".socialMediaOnEveryPost\").addClass(\"sgmb-left\") <\/script>","protected":false},"excerpt":{"rendered":"<p>A remunera\u00e7\u00e3o prevista \u00e9 de R$ 2.471,26 para uma jornada de 40 horas semanais<\/p>\n","protected":false},"author":10,"featured_media":10571,"comment_status":"closed","ping_status":"open","sticky":false,"template":"","format":"standard","meta":[],"categories":[9],"tags":[],"_links":{"self":[{"href":"http:\/\/www.apucarana.pr.gov.br\/ame\/wp-json\/wp\/v2\/posts\/10569"}],"collection":[{"href":"http:\/\/www.apucarana.pr.gov.br\/ame\/wp-json\/wp\/v2\/posts"}],"about":[{"href":"http:\/\/www.apucarana.pr.gov.br\/ame\/wp-json\/wp\/v2\/types\/post"}],"author":[{"embeddable":true,"href":"http:\/\/www.apucarana.pr.gov.br\/ame\/wp-json\/wp\/v2\/users\/10"}],"replies":[{"embeddable":true,"href":"http:\/\/www.apucarana.pr.gov.br\/ame\/wp-json\/wp\/v2\/comments?post=10569"}],"version-history":[{"count":1,"href":"http:\/\/www.apucarana.pr.gov.br\/ame\/wp-json\/wp\/v2\/posts\/10569\/revisions"}],"predecessor-version":[{"id":10573,"href":"http:\/\/www.apucarana.pr.gov.br\/ame\/wp-json\/wp\/v2\/posts\/10569\/revisions\/10573"}],"wp:featuredmedia":[{"embeddable":true,"href":"http:\/\/www.apucarana.pr.gov.br\/ame\/wp-json\/wp\/v2\/media\/10571"}],"wp:attachment":[{"href":"http:\/\/www.apucarana.pr.gov.br\/ame\/wp-json\/wp\/v2\/media?parent=10569"}],"wp:term":[{"taxonomy":"category","embeddable":true,"href":"http:\/\/www.apucarana.pr.gov.br\/ame\/wp-json\/wp\/v2\/categories?post=10569"},{"taxonomy":"post_tag","embeddable":true,"href":"http:\/\/www.apucarana.pr.gov.br\/ame\/wp-json\/wp\/v2\/tags?post=10569"}],"curies":[{"name":"wp","href":"https:\/\/api.w.org\/{rel}","templated":true}]}}