{"id":10565,"date":"2022-05-10T15:17:40","date_gmt":"2022-05-10T18:17:40","guid":{"rendered":"http:\/\/www.apucarana.pr.gov.br\/ame\/?p=10565"},"modified":"2024-10-08T09:09:45","modified_gmt":"2024-10-08T12:09:45","slug":"vereadores-aprovam-projeto-de-lei-que-altera-as-regras-do-estagio-probatorio-do-funcionalismo-municipal","status":"publish","type":"post","link":"http:\/\/www.apucarana.pr.gov.br\/ame\/vereadores-aprovam-projeto-de-lei-que-altera-as-regras-do-estagio-probatorio-do-funcionalismo-municipal\/","title":{"rendered":"Vereadores aprovam projeto de lei que altera as regras do est\u00e1gio probat\u00f3rio do funcionalismo municipal"},"content":{"rendered":"<p>A C\u00e2mara Municipal de Apucarana aprovou, na sess\u00e3o de ontem (9\/5), um projeto de lei que altera as regras do est\u00e1gio probat\u00f3rio do funcionalismo do munic\u00edpio de Apucarana. A medida atende a uma reivindica\u00e7\u00e3o apresentada pela diretoria do Sindicato dos Servidores P\u00fablicos (Sindispa) ao prefeito Junior da Femac, em reuni\u00e3o realizada no gabinete h\u00e1 duas semanas.<\/p>\n<p>Com a altera\u00e7\u00e3o das regras, o servidor p\u00fablico municipal que for aprovado em novo concurso para a mesma fun\u00e7\u00e3o n\u00e3o precisar\u00e1 mais passar por est\u00e1gio probat\u00f3rio em Apucarana. \u201c\u00c9 o caso de um professor concursado com padr\u00e3o de 20 horas, que j\u00e1 tenha cumprido o seu est\u00e1gio probat\u00f3rio. Se for aprovado em novo certame para mais 20 horas no mesmo cargo, ele n\u00e3o precisar\u00e1 cumprir novamente o est\u00e1gio legal de tr\u00eas anos,\u201d exemplificou o prefeito Junior da Femac.<\/p>\n<p>De acordo com a secret\u00e1ria de educa\u00e7\u00e3o, Marli Fernandes, a medida beneficia tanto o servidor como a administra\u00e7\u00e3o municipal. \u201cO profissional ter\u00e1 a vantagem de adquirir imediatamente a estabilidade no segundo padr\u00e3o e os \u00f3rg\u00e3os p\u00fablicos conseguir\u00e3o otimizar o processo de avalia\u00e7\u00e3o dos seus profissionais,\u201d disse.<\/p>\n<p>\u201cNo entanto, os servidores p\u00fablicos que forem aprovados em novo concurso, para fun\u00e7\u00e3o distinta daquela que desempenham atualmente, continuar\u00e3o precisando cumprir o est\u00e1gio probat\u00f3rio. \u00c9 a situa\u00e7\u00e3o, por exemplo, de um assistente administrativo que seja aprovado em processo seletivo para o cargo de professor,\u201d esclareceu o prefeito Junior da Femac.<\/p>\n<p>A lei n\u00ba 033\/2022 entra em vigor na data da sua publica\u00e7\u00e3o, 10 de maio de 2022.<\/p>\n<div class = 'socialMediaOnEveryPost'>Compartilhe<div id=\"sgmbShare1-1\" class=\"sgmbShare jssocials-theme-classic sgmbWidget1-1\"><\/div><div class=\"dropdownWrapper dropdownWrapper1 dropdownWrapper-for-widget \" id=\"dropdownWrapper-for-widget\">\r\n\t\t\t\t\t\t<div class=\"dropdownLabel\" id=\"dropdownLabel-share-list\"><span class=\"sgmbButtonListLabel1\">Share List<\/span><\/div>\r\n\t\t\t\t\t\t<div class=\"dropdownPanel dropdownPanel1-1\">\r\n\t\t\t\t\t\t<\/div>\r\n\t\t\t\t\t<\/div><script>  SGMB_URL = \"http:\/\/www.apucarana.pr.gov.br\/ame\/wp-content\/plugins\/social-media-builder\/\"; jQuery(\".dropdownWrapper\").hide(); SGMB_GOOGLE_ACOUNT = \"\"; <\/script><script type=\"text\/javascript\">\r\n\t\tjQuery(document).ready(function($){var widget = new SGMBWidget();widget.show({\"id\":\"1\",\"title\":\"Face\\\/Twitter\",\"options\":{\"currentUrl\":\"1\",\"url\":\"\",\"shareText\":\"\",\"fontSize\":\"14\",\"betweenButtons\":\"1px\",\"theme\":\"classic\",\"sgmbButtonsPosition\":\"bottomLeft\",\"socialTheme\":\"\",\"icon\":\"default\",\"buttonsPanelEffect\":\"No Effect\",\"buttonsEffect\":\"No Effect\",\"iconsEffect\":\"No Effect\",\"buttons\":\"{\\\"facebook\\\":{\\\"label\\\":\\\"Share\\\",\\\"icon\\\":\\\"default-facebook\\\"},\\\"twitter\\\":{\\\"label\\\":\\\"Tweet\\\",\\\"icon\\\":\\\"default-twitter\\\",\\\"via\\\":\\\"\\\",\\\"hashtags\\\":\\\"\\\"}}\",\"roundButton\":\"\",\"showLabels\":\"\",\"showCounts\":\"\",\"showCenter\":\"\",\"showButtonsAsList\":\"\",\"sgmbDropdownColor\":\"\",\"sgmbDropdownLabelFontSize\":\"14\",\"sgmbDropdownLabelColor\":\"\",\"showButtonsOnEveryPost\":\"on\",\"selectedOrExcluded\":\"\",\"showButtonsOnEveryPage\":\"\",\"textOnEveryPost\":\"Compartilhe\",\"showButtonsOnCustomPost\":\"\",\"textOnCustomPost\":\"\",\"showButtonsOnMobileDirect\":\"on\",\"showButtonsOnDesktopDirect\":\"on\",\"sgmbSelectedPages\":[\"\"],\"sgmbExcludedPosts\":[\"\"],\"sgmbSelectedCustomPosts\":[],\"showButtonsInPopup\":\"\",\"titleOfPopup\":\"\",\"descriptionOfPopup\":\"\",\"showPopupOnLoad\":\"\",\"showPopupOnScroll\":\"\",\"showPopupOnExit\":\"\",\"openSecondsOfPopup\":\"\",\"googleAnaliticsAccount\":\"\"},\"buttonOptions\":{\"facebook\":{\"label\":\"Share\",\"icon\":\"default-facebook\"},\"twitter\":{\"label\":\"Tweet\",\"icon\":\"default-twitter\",\"via\":\"\",\"hashtags\":\"\"}},\"button\":[\"facebook\",\"twitter\"]}, 1, '', 'http:\/\/www.apucarana.pr.gov.br\/ame\/wp-content\/uploads\/2022\/05\/AULASEDSON-DENOBI-53-scaled.jpg', '', 'http:\/\/www.apucarana.pr.gov.br\/ame\/vereadores-aprovam-projeto-de-lei-que-altera-as-regras-do-estagio-probatorio-do-funcionalismo-municipal\/'); });<\/script><\/div><script> jQuery(\".socialMediaOnEveryPost\").addClass(\"sgmb-left\") <\/script>","protected":false},"excerpt":{"rendered":"<p>A medida atende a uma reivindica\u00e7\u00e3o apresentada pela diretoria do Sindicato dos Servidores P\u00fablicos (Sindispa) ao prefeito Junior da Femac, em reuni\u00e3o realizada no gabinete h\u00e1 duas semanas<\/p>\n","protected":false},"author":10,"featured_media":10568,"comment_status":"closed","ping_status":"open","sticky":false,"template":"","format":"standard","meta":[],"categories":[9],"tags":[],"_links":{"self":[{"href":"http:\/\/www.apucarana.pr.gov.br\/ame\/wp-json\/wp\/v2\/posts\/10565"}],"collection":[{"href":"http:\/\/www.apucarana.pr.gov.br\/ame\/wp-json\/wp\/v2\/posts"}],"about":[{"href":"http:\/\/www.apucarana.pr.gov.br\/ame\/wp-json\/wp\/v2\/types\/post"}],"author":[{"embeddable":true,"href":"http:\/\/www.apucarana.pr.gov.br\/ame\/wp-json\/wp\/v2\/users\/10"}],"replies":[{"embeddable":true,"href":"http:\/\/www.apucarana.pr.gov.br\/ame\/wp-json\/wp\/v2\/comments?post=10565"}],"version-history":[{"count":1,"href":"http:\/\/www.apucarana.pr.gov.br\/ame\/wp-json\/wp\/v2\/posts\/10565\/revisions"}],"predecessor-version":[{"id":10567,"href":"http:\/\/www.apucarana.pr.gov.br\/ame\/wp-json\/wp\/v2\/posts\/10565\/revisions\/10567"}],"wp:featuredmedia":[{"embeddable":true,"href":"http:\/\/www.apucarana.pr.gov.br\/ame\/wp-json\/wp\/v2\/media\/10568"}],"wp:attachment":[{"href":"http:\/\/www.apucarana.pr.gov.br\/ame\/wp-json\/wp\/v2\/media?parent=10565"}],"wp:term":[{"taxonomy":"category","embeddable":true,"href":"http:\/\/www.apucarana.pr.gov.br\/ame\/wp-json\/wp\/v2\/categories?post=10565"},{"taxonomy":"post_tag","embeddable":true,"href":"http:\/\/www.apucarana.pr.gov.br\/ame\/wp-json\/wp\/v2\/tags?post=10565"}],"curies":[{"name":"wp","href":"https:\/\/api.w.org\/{rel}","templated":true}]}}