{"id":10551,"date":"2022-05-10T14:53:33","date_gmt":"2022-05-10T17:53:33","guid":{"rendered":"http:\/\/www.apucarana.pr.gov.br\/ame\/?p=10551"},"modified":"2024-10-08T09:09:45","modified_gmt":"2024-10-08T12:09:45","slug":"estudantes-apresentam-sarau-de-poesias-no-cine-teatro-fenix","status":"publish","type":"post","link":"http:\/\/www.apucarana.pr.gov.br\/ame\/estudantes-apresentam-sarau-de-poesias-no-cine-teatro-fenix\/","title":{"rendered":"Estudantes apresentam sarau de poesias no Cine Teatro F\u00eanix"},"content":{"rendered":"<p>A Autarquia de Educa\u00e7\u00e3o realizou, na noite de ontem (9\/5), no Cine Teatro F\u00eanix, a s\u00e9tima edi\u00e7\u00e3o do Sarau de Poesias das Escolas Municipais de Apucarana. Alunos com idades entre 4 e 10 anos, das turmas da pr\u00e9-escola ao 5\u00ba ano do ensino fundamental, subiram ao palco e declamaram poemas de autoria pr\u00f3pria, sobre temas como amizade, fam\u00edlia, cidadania, cuidado com a sa\u00fade, preserva\u00e7\u00e3o ambiental e hist\u00f3ria do munic\u00edpio.<\/p>\n<p>O Sarau de Poesias \u00e9 o \u00e1pice de um projeto de leitura e produ\u00e7\u00e3o textual desenvolvido na rede desde 2015. \u201cComo parte das a\u00e7\u00f5es, n\u00f3s equipamos todas as salas das 35 escolas municipais com bibliotecas itinerantes, que s\u00e3o estantes capazes de armazenar e transportar livros. Os CMEIs tamb\u00e9m foram contemplados com bibliotecas. Desta forma, as obras liter\u00e1rias ficam sempre ao alcance das m\u00e3os dos alunos, que podem folhe\u00e1-las durante as aulas, no per\u00edodo do recreio ou at\u00e9 mesmo lev\u00e1-las para casa nas sacolas de leitura. Al\u00e9m disso, ao longo do ano letivo, os professores apresentam \u00e0s turmas as principais caracter\u00edsticas do g\u00eanero po\u00e9tico, promovem momentos de conta\u00e7\u00e3o de hist\u00f3rias, oficinas de produ\u00e7\u00e3o de texto e recitais escolares. A apresenta\u00e7\u00e3o-destaque de cada unidade de ensino \u00e9 reproduzida, posteriormente, no Sarau de Poesias que organizamos anualmente no Cine Teatro F\u00eanix,\u201d detalhou a secret\u00e1ria municipal de educa\u00e7\u00e3o, Marli Fernandes.<\/p>\n<p>Segundo o prefeito Junior da Femac, os resultados alcan\u00e7ados com o desenvolvimento do projeto de leitura e produ\u00e7\u00e3o de texto s\u00e3o excelentes. \u201cA iniciativa j\u00e1 foi contemplada com o Pr\u00eamio Gestor P\u00fablico Paran\u00e1, do Sindicato dos Auditores Fiscais do Estado, em 2017, e ficou entre as finalistas no Pr\u00eamio Jabuti, da C\u00e2mara Brasileira do Livro, em 2019. Mas o melhor de tudo \u00e9 que as nossas crian\u00e7as est\u00e3o aprendendo a comunicarem-se, a argumentarem e a defenderem suas ideias, habilidades essenciais no mercado de trabalho e na vida em sociedade,\u201d disse.<\/p>\n<p>Durante o evento de ontem (9\/5) no Cine Teatro F\u00eanix, a aluna Mariana dos Santos Rodrigues, da turma de 4\u00ba ano, da Escola Municipal Albino Biacchi, presenteou o prefeito Junior da Femac e a secret\u00e1ria Marli Fernandes com exemplares do livro Vida de Crian\u00e7a, que ela mesma escreveu e publicou.<\/p>\n<p>\u201cExcelent\u00edssimo senhor prefeito, obrigada por zelar das crian\u00e7as e com elas sempre se preocupar. Sou grata por receber uma educa\u00e7\u00e3o de qualidade. Aproveite a leitura para lembrar-se da sua vida de crian\u00e7a,\u201d escreveu a menina na dedicat\u00f3ria do livro entregue ao chefe do executivo municipal.<\/p>\n<p>Prestigiaram ainda a s\u00e9tima edi\u00e7\u00e3o do Sarau de Poesias das Escolas Municipais de Apucarana, os vereadores Mauro Bertoli e Jossuela Pirelli; a representante do N\u00facleo Regional de Educa\u00e7\u00e3o (NRE), Eliane de Mattos Pires; a representante da Secretaria Municipal da Promo\u00e7\u00e3o Art\u00edstica, Cultural e Tur\u00edstica (Promatur), Sueli de Oliveira; e o representante da Autarquia Municipal de Sa\u00fade (AMS), Alex J\u00falio Barbosa.<\/p>\n<div class = 'socialMediaOnEveryPost'>Compartilhe<div id=\"sgmbShare1-1\" class=\"sgmbShare jssocials-theme-classic sgmbWidget1-1\"><\/div><div class=\"dropdownWrapper dropdownWrapper1 dropdownWrapper-for-widget \" id=\"dropdownWrapper-for-widget\">\r\n\t\t\t\t\t\t<div class=\"dropdownLabel\" id=\"dropdownLabel-share-list\"><span class=\"sgmbButtonListLabel1\">Share List<\/span><\/div>\r\n\t\t\t\t\t\t<div class=\"dropdownPanel dropdownPanel1-1\">\r\n\t\t\t\t\t\t<\/div>\r\n\t\t\t\t\t<\/div><script>  SGMB_URL = \"http:\/\/www.apucarana.pr.gov.br\/ame\/wp-content\/plugins\/social-media-builder\/\"; jQuery(\".dropdownWrapper\").hide(); SGMB_GOOGLE_ACOUNT = \"\"; <\/script><script type=\"text\/javascript\">\r\n\t\tjQuery(document).ready(function($){var widget = new SGMBWidget();widget.show({\"id\":\"1\",\"title\":\"Face\\\/Twitter\",\"options\":{\"currentUrl\":\"1\",\"url\":\"\",\"shareText\":\"\",\"fontSize\":\"14\",\"betweenButtons\":\"1px\",\"theme\":\"classic\",\"sgmbButtonsPosition\":\"bottomLeft\",\"socialTheme\":\"\",\"icon\":\"default\",\"buttonsPanelEffect\":\"No Effect\",\"buttonsEffect\":\"No Effect\",\"iconsEffect\":\"No Effect\",\"buttons\":\"{\\\"facebook\\\":{\\\"label\\\":\\\"Share\\\",\\\"icon\\\":\\\"default-facebook\\\"},\\\"twitter\\\":{\\\"label\\\":\\\"Tweet\\\",\\\"icon\\\":\\\"default-twitter\\\",\\\"via\\\":\\\"\\\",\\\"hashtags\\\":\\\"\\\"}}\",\"roundButton\":\"\",\"showLabels\":\"\",\"showCounts\":\"\",\"showCenter\":\"\",\"showButtonsAsList\":\"\",\"sgmbDropdownColor\":\"\",\"sgmbDropdownLabelFontSize\":\"14\",\"sgmbDropdownLabelColor\":\"\",\"showButtonsOnEveryPost\":\"on\",\"selectedOrExcluded\":\"\",\"showButtonsOnEveryPage\":\"\",\"textOnEveryPost\":\"Compartilhe\",\"showButtonsOnCustomPost\":\"\",\"textOnCustomPost\":\"\",\"showButtonsOnMobileDirect\":\"on\",\"showButtonsOnDesktopDirect\":\"on\",\"sgmbSelectedPages\":[\"\"],\"sgmbExcludedPosts\":[\"\"],\"sgmbSelectedCustomPosts\":[],\"showButtonsInPopup\":\"\",\"titleOfPopup\":\"\",\"descriptionOfPopup\":\"\",\"showPopupOnLoad\":\"\",\"showPopupOnScroll\":\"\",\"showPopupOnExit\":\"\",\"openSecondsOfPopup\":\"\",\"googleAnaliticsAccount\":\"\"},\"buttonOptions\":{\"facebook\":{\"label\":\"Share\",\"icon\":\"default-facebook\"},\"twitter\":{\"label\":\"Tweet\",\"icon\":\"default-twitter\",\"via\":\"\",\"hashtags\":\"\"}},\"button\":[\"facebook\",\"twitter\"]}, 1, '', 'http:\/\/www.apucarana.pr.gov.br\/ame\/wp-content\/uploads\/2022\/05\/SARAU-154-scaled.jpg', '', 'http:\/\/www.apucarana.pr.gov.br\/ame\/estudantes-apresentam-sarau-de-poesias-no-cine-teatro-fenix\/'); });<\/script><\/div><script> jQuery(\".socialMediaOnEveryPost\").addClass(\"sgmb-left\") <\/script>","protected":false},"excerpt":{"rendered":"<p>Alunos com idades entre 4 e 10 anos, das 35 escolas municipais de Apucarana, subiram ao palco e declamaram poemas de autoria pr\u00f3pria, sobre temas como amizade, fam\u00edlia, cidadania, cuidado com a sa\u00fade, preserva\u00e7\u00e3o ambiental e hist\u00f3ria do munic\u00edpio<\/p>\n","protected":false},"author":10,"featured_media":10563,"comment_status":"closed","ping_status":"open","sticky":false,"template":"","format":"standard","meta":[],"categories":[9],"tags":[],"_links":{"self":[{"href":"http:\/\/www.apucarana.pr.gov.br\/ame\/wp-json\/wp\/v2\/posts\/10551"}],"collection":[{"href":"http:\/\/www.apucarana.pr.gov.br\/ame\/wp-json\/wp\/v2\/posts"}],"about":[{"href":"http:\/\/www.apucarana.pr.gov.br\/ame\/wp-json\/wp\/v2\/types\/post"}],"author":[{"embeddable":true,"href":"http:\/\/www.apucarana.pr.gov.br\/ame\/wp-json\/wp\/v2\/users\/10"}],"replies":[{"embeddable":true,"href":"http:\/\/www.apucarana.pr.gov.br\/ame\/wp-json\/wp\/v2\/comments?post=10551"}],"version-history":[{"count":1,"href":"http:\/\/www.apucarana.pr.gov.br\/ame\/wp-json\/wp\/v2\/posts\/10551\/revisions"}],"predecessor-version":[{"id":10564,"href":"http:\/\/www.apucarana.pr.gov.br\/ame\/wp-json\/wp\/v2\/posts\/10551\/revisions\/10564"}],"wp:featuredmedia":[{"embeddable":true,"href":"http:\/\/www.apucarana.pr.gov.br\/ame\/wp-json\/wp\/v2\/media\/10563"}],"wp:attachment":[{"href":"http:\/\/www.apucarana.pr.gov.br\/ame\/wp-json\/wp\/v2\/media?parent=10551"}],"wp:term":[{"taxonomy":"category","embeddable":true,"href":"http:\/\/www.apucarana.pr.gov.br\/ame\/wp-json\/wp\/v2\/categories?post=10551"},{"taxonomy":"post_tag","embeddable":true,"href":"http:\/\/www.apucarana.pr.gov.br\/ame\/wp-json\/wp\/v2\/tags?post=10551"}],"curies":[{"name":"wp","href":"https:\/\/api.w.org\/{rel}","templated":true}]}}