{"id":10547,"date":"2022-05-09T17:53:14","date_gmt":"2022-05-09T20:53:14","guid":{"rendered":"http:\/\/www.apucarana.pr.gov.br\/ame\/?p=10547"},"modified":"2024-10-08T09:09:45","modified_gmt":"2024-10-08T12:09:45","slug":"prefeitura-de-apucarana-retomara-construcao-de-escola-no-jardim-interlagos","status":"publish","type":"post","link":"http:\/\/www.apucarana.pr.gov.br\/ame\/prefeitura-de-apucarana-retomara-construcao-de-escola-no-jardim-interlagos\/","title":{"rendered":"Prefeitura de Apucarana retomar\u00e1 constru\u00e7\u00e3o de escola no Jardim Interlagos"},"content":{"rendered":"<p>O prefeito Junior da Femac anunciou, na tarde de hoje (9\/5), que o munic\u00edpio ir\u00e1 retomar a constru\u00e7\u00e3o da Escola Municipal Jos\u00e9 Domingos Scarpelini, situada no Jardim Interlagos. A empreiteira Pottencial Constru\u00e7\u00f5es Civis ganhou o novo processo licitat\u00f3rio e ir\u00e1 assumir a obra. O valor do contrato soma R$ 3.374.457,79.<\/p>\n<p>A constru\u00e7\u00e3o da unidade de ensino teve in\u00edcio em janeiro de 2019, com recursos provenientes do Fundo Nacional de Desenvolvimento da Educa\u00e7\u00e3o (FNDE). Por\u00e9m, a empreiteira vencedora da primeira licita\u00e7\u00e3o acabou pedindo a rescis\u00e3o do contrato, devido a atrasos nos repasses das verbas, por parte do \u00f3rg\u00e3o federal. \u201cPara evitar que o problema se repita, n\u00f3s formalizamos um acordo com o FNDE para que o munic\u00edpio conclua a obra com recursos pr\u00f3prios e seja ressarcido posteriormente. Sabemos da demanda de alunos do bairro e queremos resolver isso o mais breve poss\u00edvel,\u201d disse o prefeito.<\/p>\n<p>A secret\u00e1ria de educa\u00e7\u00e3o, Marli Fernandes, frisou que 53,2% dos servi\u00e7os previstos no projeto de engenharia j\u00e1 est\u00e3o prontos. \u201cA primeira empreiteira fez a terraplanagem do terreno, a funda\u00e7\u00e3o da obra, a edifica\u00e7\u00e3o das paredes, a concretagem das lajes e a estrutura met\u00e1lica da quadra esportiva. N\u00f3s estamos muito felizes em retomar a constru\u00e7\u00e3o dessa escola, que poder\u00e1 atender at\u00e9 420 crian\u00e7as da regi\u00e3o, em turmas da educa\u00e7\u00e3o infantil e dos anos iniciais do ensino fundamental,\u201d afirmou.<\/p>\n<p>De acordo com a arquiteta da Autarquia Municipal de Educa\u00e7\u00e3o, Andressa Aires de Proen\u00e7a, os principais servi\u00e7os ainda necess\u00e1rios para a conclus\u00e3o da obra englobam \u201co sistema de cobertura, as esquadrias, os pisos e revestimentos, a pintura do pr\u00e9dio, o plantio de grama na \u00e1rea externa, as liga\u00e7\u00f5es el\u00e9tricas e hidr\u00e1ulicas, o piso e pintura da quadra esportiva, o sistema de prote\u00e7\u00e3o contra descargas el\u00e9tricas e as grades de fechamento dos muros\u201d.<\/p>\n<p>A Escola Municipal Jos\u00e9 Domingos Scarpelini est\u00e1 sendo edificada em terreno de 11.500 metros quadrados, situado no prolongamento da Rua Andr\u00e9 Korilo, no Jardim Interlagos. O pr\u00e9dio ter\u00e1 doze salas de aula, audit\u00f3rio, biblioteca, sanit\u00e1rios espec\u00edficos para alunos e funcion\u00e1rios, sala de dire\u00e7\u00e3o, sala de coordena\u00e7\u00e3o, secretaria, sala de professores, cozinha, dep\u00f3sito de alimentos, dep\u00f3sito para materiais de limpeza, lavanderia, refeit\u00f3rio fechado e quadra de esportes coberta com vesti\u00e1rios.<\/p>\n<div class = 'socialMediaOnEveryPost'>Compartilhe<div id=\"sgmbShare1-1\" class=\"sgmbShare jssocials-theme-classic sgmbWidget1-1\"><\/div><div class=\"dropdownWrapper dropdownWrapper1 dropdownWrapper-for-widget \" id=\"dropdownWrapper-for-widget\">\r\n\t\t\t\t\t\t<div class=\"dropdownLabel\" id=\"dropdownLabel-share-list\"><span class=\"sgmbButtonListLabel1\">Share List<\/span><\/div>\r\n\t\t\t\t\t\t<div class=\"dropdownPanel dropdownPanel1-1\">\r\n\t\t\t\t\t\t<\/div>\r\n\t\t\t\t\t<\/div><script>  SGMB_URL = \"http:\/\/www.apucarana.pr.gov.br\/ame\/wp-content\/plugins\/social-media-builder\/\"; jQuery(\".dropdownWrapper\").hide(); SGMB_GOOGLE_ACOUNT = \"\"; <\/script><script type=\"text\/javascript\">\r\n\t\tjQuery(document).ready(function($){var widget = new SGMBWidget();widget.show({\"id\":\"1\",\"title\":\"Face\\\/Twitter\",\"options\":{\"currentUrl\":\"1\",\"url\":\"\",\"shareText\":\"\",\"fontSize\":\"14\",\"betweenButtons\":\"1px\",\"theme\":\"classic\",\"sgmbButtonsPosition\":\"bottomLeft\",\"socialTheme\":\"\",\"icon\":\"default\",\"buttonsPanelEffect\":\"No Effect\",\"buttonsEffect\":\"No Effect\",\"iconsEffect\":\"No Effect\",\"buttons\":\"{\\\"facebook\\\":{\\\"label\\\":\\\"Share\\\",\\\"icon\\\":\\\"default-facebook\\\"},\\\"twitter\\\":{\\\"label\\\":\\\"Tweet\\\",\\\"icon\\\":\\\"default-twitter\\\",\\\"via\\\":\\\"\\\",\\\"hashtags\\\":\\\"\\\"}}\",\"roundButton\":\"\",\"showLabels\":\"\",\"showCounts\":\"\",\"showCenter\":\"\",\"showButtonsAsList\":\"\",\"sgmbDropdownColor\":\"\",\"sgmbDropdownLabelFontSize\":\"14\",\"sgmbDropdownLabelColor\":\"\",\"showButtonsOnEveryPost\":\"on\",\"selectedOrExcluded\":\"\",\"showButtonsOnEveryPage\":\"\",\"textOnEveryPost\":\"Compartilhe\",\"showButtonsOnCustomPost\":\"\",\"textOnCustomPost\":\"\",\"showButtonsOnMobileDirect\":\"on\",\"showButtonsOnDesktopDirect\":\"on\",\"sgmbSelectedPages\":[\"\"],\"sgmbExcludedPosts\":[\"\"],\"sgmbSelectedCustomPosts\":[],\"showButtonsInPopup\":\"\",\"titleOfPopup\":\"\",\"descriptionOfPopup\":\"\",\"showPopupOnLoad\":\"\",\"showPopupOnScroll\":\"\",\"showPopupOnExit\":\"\",\"openSecondsOfPopup\":\"\",\"googleAnaliticsAccount\":\"\"},\"buttonOptions\":{\"facebook\":{\"label\":\"Share\",\"icon\":\"default-facebook\"},\"twitter\":{\"label\":\"Tweet\",\"icon\":\"default-twitter\",\"via\":\"\",\"hashtags\":\"\"}},\"button\":[\"facebook\",\"twitter\"]}, 1, '', 'http:\/\/www.apucarana.pr.gov.br\/ame\/wp-content\/uploads\/2022\/05\/MG_4701-scaled.jpg', '', 'http:\/\/www.apucarana.pr.gov.br\/ame\/prefeitura-de-apucarana-retomara-construcao-de-escola-no-jardim-interlagos\/'); });<\/script><\/div><script> jQuery(\".socialMediaOnEveryPost\").addClass(\"sgmb-left\") <\/script>","protected":false},"excerpt":{"rendered":"<p>A empreiteira Pottencial Constru\u00e7\u00f5es Civis ganhou o novo processo licitat\u00f3rio e ir\u00e1 assumir a obra<\/p>\n","protected":false},"author":10,"featured_media":10549,"comment_status":"closed","ping_status":"open","sticky":false,"template":"","format":"standard","meta":[],"categories":[9],"tags":[],"_links":{"self":[{"href":"http:\/\/www.apucarana.pr.gov.br\/ame\/wp-json\/wp\/v2\/posts\/10547"}],"collection":[{"href":"http:\/\/www.apucarana.pr.gov.br\/ame\/wp-json\/wp\/v2\/posts"}],"about":[{"href":"http:\/\/www.apucarana.pr.gov.br\/ame\/wp-json\/wp\/v2\/types\/post"}],"author":[{"embeddable":true,"href":"http:\/\/www.apucarana.pr.gov.br\/ame\/wp-json\/wp\/v2\/users\/10"}],"replies":[{"embeddable":true,"href":"http:\/\/www.apucarana.pr.gov.br\/ame\/wp-json\/wp\/v2\/comments?post=10547"}],"version-history":[{"count":1,"href":"http:\/\/www.apucarana.pr.gov.br\/ame\/wp-json\/wp\/v2\/posts\/10547\/revisions"}],"predecessor-version":[{"id":10550,"href":"http:\/\/www.apucarana.pr.gov.br\/ame\/wp-json\/wp\/v2\/posts\/10547\/revisions\/10550"}],"wp:featuredmedia":[{"embeddable":true,"href":"http:\/\/www.apucarana.pr.gov.br\/ame\/wp-json\/wp\/v2\/media\/10549"}],"wp:attachment":[{"href":"http:\/\/www.apucarana.pr.gov.br\/ame\/wp-json\/wp\/v2\/media?parent=10547"}],"wp:term":[{"taxonomy":"category","embeddable":true,"href":"http:\/\/www.apucarana.pr.gov.br\/ame\/wp-json\/wp\/v2\/categories?post=10547"},{"taxonomy":"post_tag","embeddable":true,"href":"http:\/\/www.apucarana.pr.gov.br\/ame\/wp-json\/wp\/v2\/tags?post=10547"}],"curies":[{"name":"wp","href":"https:\/\/api.w.org\/{rel}","templated":true}]}}