{"id":10384,"date":"2022-03-22T17:04:06","date_gmt":"2022-03-22T20:04:06","guid":{"rendered":"http:\/\/www.apucarana.pr.gov.br\/ame\/?p=10384"},"modified":"2024-10-08T09:09:46","modified_gmt":"2024-10-08T12:09:46","slug":"alunos-aprendem-sobre-o-uso-racional-da-agua","status":"publish","type":"post","link":"http:\/\/www.apucarana.pr.gov.br\/ame\/alunos-aprendem-sobre-o-uso-racional-da-agua\/","title":{"rendered":"Alunos aprendem sobre o uso racional da \u00e1gua"},"content":{"rendered":"<p>O Dia Mundial da \u00c1gua \u00e9 celebrado anualmente em 22 de mar\u00e7o. Para marcar a data, a Autarquia Municipal de Educa\u00e7\u00e3o realizou hoje uma s\u00e9rie de atividades de conscientiza\u00e7\u00e3o sobre o uso racional dos recursos h\u00eddricos nos 23 CMEIs e 35 escolas que comp\u00f5em sua rede. Ao todo, mais de doze mil crian\u00e7as foram envolvidas nas rodas de conversa, confec\u00e7\u00e3o de cartazes e apresenta\u00e7\u00f5es musicais e teatrais sobre o tema.<\/p>\n<p>A secret\u00e1ria Marli Fernandes afirmou que a educa\u00e7\u00e3o ambiental faz parte da grade curricular do munic\u00edpio e \u00e9 desenvolvida ao longo do ano, junto aos alunos, de forma interdisciplinar e transversal, por meio dos projetos Sementes do Futuro, SOS \u00c1guas do Norte Paranaense e Programa Sa\u00fade na Escola (PSE). \u201cN\u00f3s apenas refor\u00e7amos as a\u00e7\u00f5es de conscientiza\u00e7\u00e3o nas datas comemorativas. Al\u00e9m da preserva\u00e7\u00e3o dos recursos h\u00eddricos, outros conte\u00fados trabalhados regularmente s\u00e3o o plantio de hortas e jardins, a compostagem, a reciclagem do lixo e a preven\u00e7\u00e3o a doen\u00e7as como gripe e dengue,\u201d detalhou.<\/p>\n<p>\u201cEu parabenizo a equipe pedag\u00f3gica da educa\u00e7\u00e3o pelo desenvolvimento dessas importantes atividades nos CMEIs e Escolas. Os alunos certamente v\u00e3o compartilhar o que aprenderam com seus irm\u00e3os, pais e av\u00f3s, contribuindo assim para a conscientiza\u00e7\u00e3o de um n\u00famero muito maior de pessoas. Se quisermos garantir o futuro da humanidade, precisamos ensinar desde cedo as crian\u00e7as a cuidarem da natureza,\u201d disse o prefeito Junior da Femac.<\/p>\n<p>A aluna Vict\u00f3ria Castilho, da turma de 5\u00ba ano, da Escola Municipal Fernando Jos\u00e9 Acosta, explicou porque a preserva\u00e7\u00e3o dos recursos h\u00eddricos \u00e9 urgente e necess\u00e1ria. \u201cApenas tr\u00eas por cento de toda a \u00e1gua existente no planeta \u00e9 pr\u00f3pria para o consumo humano. Por isso, n\u00f3s temos que cuidar desse bem precioso,\u201d falou.<\/p>\n<p>\u201cA \u00e1gua tamb\u00e9m desempenha um papel essencial em fun\u00e7\u00f5es do corpo humano, tais como a digest\u00e3o, o transporte e a absor\u00e7\u00e3o dos nutrientes. A falta dela no organismo pode gerar diversos problemas de sa\u00fade,\u201d acrescentou o aluno Ian Foga\u00e7a de Fran\u00e7a, matriculado no 5\u00ba ano da Escola Municipal Monsenhor Arnaldo Beltrami.<\/p>\n<p>J\u00e1 a estudante Sarah Fernanda On\u00f3rio de Fran\u00e7a, da turma de 4\u00ba ano, da Escola Fernando Jos\u00e9 Acosta, citou algumas pequenas a\u00e7\u00f5es que a popula\u00e7\u00e3o pode adotar no dia-a-dia para economizar \u00e1gua. \u201cAs pessoas devem tomar banhos r\u00e1pidos, desligar a torneira enquanto escovam os dentes, reutilizar a \u00e1gua da m\u00e1quina de lavar roupas, usar um regador para molhar as plantas e coletar a \u00e1gua da chuva,\u201d apontou.<\/p>\n<div class = 'socialMediaOnEveryPost'>Compartilhe<div id=\"sgmbShare1-1\" class=\"sgmbShare jssocials-theme-classic sgmbWidget1-1\"><\/div><div class=\"dropdownWrapper dropdownWrapper1 dropdownWrapper-for-widget \" id=\"dropdownWrapper-for-widget\">\r\n\t\t\t\t\t\t<div class=\"dropdownLabel\" id=\"dropdownLabel-share-list\"><span class=\"sgmbButtonListLabel1\">Share List<\/span><\/div>\r\n\t\t\t\t\t\t<div class=\"dropdownPanel dropdownPanel1-1\">\r\n\t\t\t\t\t\t<\/div>\r\n\t\t\t\t\t<\/div><script>  SGMB_URL = \"http:\/\/www.apucarana.pr.gov.br\/ame\/wp-content\/plugins\/social-media-builder\/\"; jQuery(\".dropdownWrapper\").hide(); SGMB_GOOGLE_ACOUNT = \"\"; <\/script><script type=\"text\/javascript\">\r\n\t\tjQuery(document).ready(function($){var widget = new SGMBWidget();widget.show({\"id\":\"1\",\"title\":\"Face\\\/Twitter\",\"options\":{\"currentUrl\":\"1\",\"url\":\"\",\"shareText\":\"\",\"fontSize\":\"14\",\"betweenButtons\":\"1px\",\"theme\":\"classic\",\"sgmbButtonsPosition\":\"bottomLeft\",\"socialTheme\":\"\",\"icon\":\"default\",\"buttonsPanelEffect\":\"No Effect\",\"buttonsEffect\":\"No Effect\",\"iconsEffect\":\"No Effect\",\"buttons\":\"{\\\"facebook\\\":{\\\"label\\\":\\\"Share\\\",\\\"icon\\\":\\\"default-facebook\\\"},\\\"twitter\\\":{\\\"label\\\":\\\"Tweet\\\",\\\"icon\\\":\\\"default-twitter\\\",\\\"via\\\":\\\"\\\",\\\"hashtags\\\":\\\"\\\"}}\",\"roundButton\":\"\",\"showLabels\":\"\",\"showCounts\":\"\",\"showCenter\":\"\",\"showButtonsAsList\":\"\",\"sgmbDropdownColor\":\"\",\"sgmbDropdownLabelFontSize\":\"14\",\"sgmbDropdownLabelColor\":\"\",\"showButtonsOnEveryPost\":\"on\",\"selectedOrExcluded\":\"\",\"showButtonsOnEveryPage\":\"\",\"textOnEveryPost\":\"Compartilhe\",\"showButtonsOnCustomPost\":\"\",\"textOnCustomPost\":\"\",\"showButtonsOnMobileDirect\":\"on\",\"showButtonsOnDesktopDirect\":\"on\",\"sgmbSelectedPages\":[\"\"],\"sgmbExcludedPosts\":[\"\"],\"sgmbSelectedCustomPosts\":[],\"showButtonsInPopup\":\"\",\"titleOfPopup\":\"\",\"descriptionOfPopup\":\"\",\"showPopupOnLoad\":\"\",\"showPopupOnScroll\":\"\",\"showPopupOnExit\":\"\",\"openSecondsOfPopup\":\"\",\"googleAnaliticsAccount\":\"\"},\"buttonOptions\":{\"facebook\":{\"label\":\"Share\",\"icon\":\"default-facebook\"},\"twitter\":{\"label\":\"Tweet\",\"icon\":\"default-twitter\",\"via\":\"\",\"hashtags\":\"\"}},\"button\":[\"facebook\",\"twitter\"]}, 1, '', 'http:\/\/www.apucarana.pr.gov.br\/ame\/wp-content\/uploads\/2022\/03\/DIA-INTERNACIONAL-DA-AGUA-2.jpg', '', 'http:\/\/www.apucarana.pr.gov.br\/ame\/alunos-aprendem-sobre-o-uso-racional-da-agua\/'); });<\/script><\/div><script> jQuery(\".socialMediaOnEveryPost\").addClass(\"sgmb-left\") <\/script>","protected":false},"excerpt":{"rendered":"<p>No Dia Mundial da \u00c1gua, atividades de conscientiza\u00e7\u00e3o foram promovidas nos 23 CMEIs e 35 escolas da rede municipal de Apucarana<\/p>\n","protected":false},"author":10,"featured_media":10386,"comment_status":"closed","ping_status":"open","sticky":false,"template":"","format":"standard","meta":[],"categories":[9],"tags":[],"_links":{"self":[{"href":"http:\/\/www.apucarana.pr.gov.br\/ame\/wp-json\/wp\/v2\/posts\/10384"}],"collection":[{"href":"http:\/\/www.apucarana.pr.gov.br\/ame\/wp-json\/wp\/v2\/posts"}],"about":[{"href":"http:\/\/www.apucarana.pr.gov.br\/ame\/wp-json\/wp\/v2\/types\/post"}],"author":[{"embeddable":true,"href":"http:\/\/www.apucarana.pr.gov.br\/ame\/wp-json\/wp\/v2\/users\/10"}],"replies":[{"embeddable":true,"href":"http:\/\/www.apucarana.pr.gov.br\/ame\/wp-json\/wp\/v2\/comments?post=10384"}],"version-history":[{"count":1,"href":"http:\/\/www.apucarana.pr.gov.br\/ame\/wp-json\/wp\/v2\/posts\/10384\/revisions"}],"predecessor-version":[{"id":10392,"href":"http:\/\/www.apucarana.pr.gov.br\/ame\/wp-json\/wp\/v2\/posts\/10384\/revisions\/10392"}],"wp:featuredmedia":[{"embeddable":true,"href":"http:\/\/www.apucarana.pr.gov.br\/ame\/wp-json\/wp\/v2\/media\/10386"}],"wp:attachment":[{"href":"http:\/\/www.apucarana.pr.gov.br\/ame\/wp-json\/wp\/v2\/media?parent=10384"}],"wp:term":[{"taxonomy":"category","embeddable":true,"href":"http:\/\/www.apucarana.pr.gov.br\/ame\/wp-json\/wp\/v2\/categories?post=10384"},{"taxonomy":"post_tag","embeddable":true,"href":"http:\/\/www.apucarana.pr.gov.br\/ame\/wp-json\/wp\/v2\/tags?post=10384"}],"curies":[{"name":"wp","href":"https:\/\/api.w.org\/{rel}","templated":true}]}}