{"id":10378,"date":"2022-03-21T16:58:49","date_gmt":"2022-03-21T19:58:49","guid":{"rendered":"http:\/\/www.apucarana.pr.gov.br\/ame\/?p=10378"},"modified":"2024-10-08T09:09:46","modified_gmt":"2024-10-08T12:09:46","slug":"licitacao-para-a-construcao-de-escola-nao-atrai-interessados","status":"publish","type":"post","link":"http:\/\/www.apucarana.pr.gov.br\/ame\/licitacao-para-a-construcao-de-escola-nao-atrai-interessados\/","title":{"rendered":"Prefeitura lan\u00e7ar\u00e1 novo edital de licita\u00e7\u00e3o para a conclus\u00e3o da escola do Interlagos"},"content":{"rendered":"<p>A Prefeitura de Apucarana segue empenhada em concluir as obras da Escola Municipal Jos\u00e9 Domingos Scarpelini, no Residencial Interlagos. O prefeito Junior da Femac informa que, infelizmente, n\u00e3o foram apresentadas propostas de empresas especializadas em constru\u00e7\u00e3o civil na licita\u00e7\u00e3o que visa \u00e0 retomada da obra. Como a segunda tentativa de licita\u00e7\u00e3o resultou deserta, a prefeitura j\u00e1 prepara um novo edital para lan\u00e7ar de imediato, com previs\u00e3o de abertura de propostas em 30 dias.<\/p>\n<p>\u201cReiteramos nosso compromisso de finalizar a obra com recursos pr\u00f3prios do Munic\u00edpio. Estive em Bras\u00edlia recentemente e, em reuni\u00e3o com o presidente do Fundo Nacional de Desenvolvimento da Educa\u00e7\u00e3o (FNDE), recebi a garantia de que o Munic\u00edpio pode assumir o custeio da obra e ser ressarcido depois\u201d, explica o prefeito.<\/p>\n<p>Ainda de acordo com Junior da Femac, o Munic\u00edpio j\u00e1 enviou ao FNDE, no dia 25 de fevereiro, um documento para formalizar o acordo e aguarda a autoriza\u00e7\u00e3o do \u00f3rg\u00e3o, para poder fazer os pagamentos referentes \u00e0 obra da Escola Municipal Jos\u00e9 Domingos Scarpelini. \u201cSabemos da demanda de alunos do Interlagos e queremos resolver isso o mais breve poss\u00edvel\u201d, diz Junior da Femac.<\/p>\n<p>A constru\u00e7\u00e3o da unidade de ensino do Jardim Interlagos teve in\u00edcio em janeiro de 2019, com recursos provenientes do Fundo Nacional de Desenvolvimento da Educa\u00e7\u00e3o (FNDE). Por\u00e9m, a empreiteira vencedora da primeira licita\u00e7\u00e3o acabou pedindo a rescis\u00e3o do contrato, devido a atrasos nos repasses do FNDE. Como forma de tentar solucionar o problema da forma mais r\u00e1pida poss\u00edvel, o munic\u00edpio pretende assumir e concluir a obra com recursos pr\u00f3prios o mais breve poss\u00edvel. Em janeiro a prefeitura conseguiu encaminhar um acordo com o FNDE.<\/p>\n<p>A secret\u00e1ria de educa\u00e7\u00e3o, Marli Fernandes, destacou que a constru\u00e7\u00e3o da escola \u00e9 uma reivindica\u00e7\u00e3o antiga da comunidade \u201cO Jardim Interlagos foi loteado h\u00e1 quase duas d\u00e9cadas. Desde ent\u00e3o, por falta de uma escola no bairro, os pais precisam matricular seus filhos em unidades distantes. O prefeito Junior da Femac e eu temos nos empenhado ao m\u00e1ximo para garantir a conclus\u00e3o dessa importante obra, por\u00e9m estamos enfrentando situa\u00e7\u00f5es que fogem ao nosso controle,\u201d disse.<\/p>\n<p>De acordo com a superintendente de engenharia e obras da Autarquia Municipal de Educa\u00e7\u00e3o, Andressa Aires de Proen\u00e7a, 53,2% dos servi\u00e7os previstos no projeto de constru\u00e7\u00e3o da Escola Municipal Jos\u00e9 Domingos Scarpelini foram executados at\u00e9 o momento. \u201cAntes de rescindir o contrato, a primeira empreiteira fez a terraplanagem do terreno, a funda\u00e7\u00e3o da obra, a edifica\u00e7\u00e3o das paredes, a concretagem das lajes e a estrutura met\u00e1lica da quadra poliesportiva,\u201d detalhou.<\/p>\n<p>A escola do Jardim Interlagos est\u00e1 sendo edificada em terreno de 11.500 metros quadrados, situado no prolongamento da Rua Andr\u00e9 Korilo. O pr\u00e9dio ter\u00e1 doze salas de aula, audit\u00f3rio, biblioteca, sanit\u00e1rios espec\u00edficos para alunos e funcion\u00e1rios, sala de dire\u00e7\u00e3o, sala de coordena\u00e7\u00e3o, secretaria, sala de professores, cozinha, dep\u00f3sito de alimentos, dep\u00f3sito para materiais de limpeza, lavanderia, refeit\u00f3rio fechado e quadra de esportes coberta com vesti\u00e1rios. O valor total do investimento \u00e9 de R$ 4,3 milh\u00f5es.<\/p>\n<div class = 'socialMediaOnEveryPost'>Compartilhe<div id=\"sgmbShare1-1\" class=\"sgmbShare jssocials-theme-classic sgmbWidget1-1\"><\/div><div class=\"dropdownWrapper dropdownWrapper1 dropdownWrapper-for-widget \" id=\"dropdownWrapper-for-widget\">\r\n\t\t\t\t\t\t<div class=\"dropdownLabel\" id=\"dropdownLabel-share-list\"><span class=\"sgmbButtonListLabel1\">Share List<\/span><\/div>\r\n\t\t\t\t\t\t<div class=\"dropdownPanel dropdownPanel1-1\">\r\n\t\t\t\t\t\t<\/div>\r\n\t\t\t\t\t<\/div><script>  SGMB_URL = \"http:\/\/www.apucarana.pr.gov.br\/ame\/wp-content\/plugins\/social-media-builder\/\"; jQuery(\".dropdownWrapper\").hide(); SGMB_GOOGLE_ACOUNT = \"\"; <\/script><script type=\"text\/javascript\">\r\n\t\tjQuery(document).ready(function($){var widget = new SGMBWidget();widget.show({\"id\":\"1\",\"title\":\"Face\\\/Twitter\",\"options\":{\"currentUrl\":\"1\",\"url\":\"\",\"shareText\":\"\",\"fontSize\":\"14\",\"betweenButtons\":\"1px\",\"theme\":\"classic\",\"sgmbButtonsPosition\":\"bottomLeft\",\"socialTheme\":\"\",\"icon\":\"default\",\"buttonsPanelEffect\":\"No Effect\",\"buttonsEffect\":\"No Effect\",\"iconsEffect\":\"No Effect\",\"buttons\":\"{\\\"facebook\\\":{\\\"label\\\":\\\"Share\\\",\\\"icon\\\":\\\"default-facebook\\\"},\\\"twitter\\\":{\\\"label\\\":\\\"Tweet\\\",\\\"icon\\\":\\\"default-twitter\\\",\\\"via\\\":\\\"\\\",\\\"hashtags\\\":\\\"\\\"}}\",\"roundButton\":\"\",\"showLabels\":\"\",\"showCounts\":\"\",\"showCenter\":\"\",\"showButtonsAsList\":\"\",\"sgmbDropdownColor\":\"\",\"sgmbDropdownLabelFontSize\":\"14\",\"sgmbDropdownLabelColor\":\"\",\"showButtonsOnEveryPost\":\"on\",\"selectedOrExcluded\":\"\",\"showButtonsOnEveryPage\":\"\",\"textOnEveryPost\":\"Compartilhe\",\"showButtonsOnCustomPost\":\"\",\"textOnCustomPost\":\"\",\"showButtonsOnMobileDirect\":\"on\",\"showButtonsOnDesktopDirect\":\"on\",\"sgmbSelectedPages\":[\"\"],\"sgmbExcludedPosts\":[\"\"],\"sgmbSelectedCustomPosts\":[],\"showButtonsInPopup\":\"\",\"titleOfPopup\":\"\",\"descriptionOfPopup\":\"\",\"showPopupOnLoad\":\"\",\"showPopupOnScroll\":\"\",\"showPopupOnExit\":\"\",\"openSecondsOfPopup\":\"\",\"googleAnaliticsAccount\":\"\"},\"buttonOptions\":{\"facebook\":{\"label\":\"Share\",\"icon\":\"default-facebook\"},\"twitter\":{\"label\":\"Tweet\",\"icon\":\"default-twitter\",\"via\":\"\",\"hashtags\":\"\"}},\"button\":[\"facebook\",\"twitter\"]}, 1, '', 'http:\/\/www.apucarana.pr.gov.br\/ame\/wp-content\/uploads\/2022\/03\/MG_4698-scaled.jpg', '', 'http:\/\/www.apucarana.pr.gov.br\/ame\/licitacao-para-a-construcao-de-escola-nao-atrai-interessados\/'); });<\/script><\/div><script> jQuery(\".socialMediaOnEveryPost\").addClass(\"sgmb-left\") <\/script>","protected":false},"excerpt":{"rendered":"<p>O prefeito Junior da Femac frisa que o munic\u00edpio esfor\u00e7a para concluir a obra e que uma nova licita\u00e7\u00e3o sair\u00e1 de imediato<\/p>\n","protected":false},"author":10,"featured_media":10379,"comment_status":"closed","ping_status":"open","sticky":false,"template":"","format":"standard","meta":[],"categories":[9],"tags":[],"_links":{"self":[{"href":"http:\/\/www.apucarana.pr.gov.br\/ame\/wp-json\/wp\/v2\/posts\/10378"}],"collection":[{"href":"http:\/\/www.apucarana.pr.gov.br\/ame\/wp-json\/wp\/v2\/posts"}],"about":[{"href":"http:\/\/www.apucarana.pr.gov.br\/ame\/wp-json\/wp\/v2\/types\/post"}],"author":[{"embeddable":true,"href":"http:\/\/www.apucarana.pr.gov.br\/ame\/wp-json\/wp\/v2\/users\/10"}],"replies":[{"embeddable":true,"href":"http:\/\/www.apucarana.pr.gov.br\/ame\/wp-json\/wp\/v2\/comments?post=10378"}],"version-history":[{"count":2,"href":"http:\/\/www.apucarana.pr.gov.br\/ame\/wp-json\/wp\/v2\/posts\/10378\/revisions"}],"predecessor-version":[{"id":10383,"href":"http:\/\/www.apucarana.pr.gov.br\/ame\/wp-json\/wp\/v2\/posts\/10378\/revisions\/10383"}],"wp:featuredmedia":[{"embeddable":true,"href":"http:\/\/www.apucarana.pr.gov.br\/ame\/wp-json\/wp\/v2\/media\/10379"}],"wp:attachment":[{"href":"http:\/\/www.apucarana.pr.gov.br\/ame\/wp-json\/wp\/v2\/media?parent=10378"}],"wp:term":[{"taxonomy":"category","embeddable":true,"href":"http:\/\/www.apucarana.pr.gov.br\/ame\/wp-json\/wp\/v2\/categories?post=10378"},{"taxonomy":"post_tag","embeddable":true,"href":"http:\/\/www.apucarana.pr.gov.br\/ame\/wp-json\/wp\/v2\/tags?post=10378"}],"curies":[{"name":"wp","href":"https:\/\/api.w.org\/{rel}","templated":true}]}}