{"id":10370,"date":"2022-03-18T13:15:14","date_gmt":"2022-03-18T16:15:14","guid":{"rendered":"http:\/\/www.apucarana.pr.gov.br\/ame\/?p=10370"},"modified":"2024-10-08T09:09:46","modified_gmt":"2024-10-08T12:09:46","slug":"projeto-sos-aguas-promove-a-conscientizacao-ambiental-de-alunos-em-apucarana","status":"publish","type":"post","link":"http:\/\/www.apucarana.pr.gov.br\/ame\/projeto-sos-aguas-promove-a-conscientizacao-ambiental-de-alunos-em-apucarana\/","title":{"rendered":"Projeto SOS \u00c1guas promove a conscientiza\u00e7\u00e3o ambiental de alunos em Apucarana"},"content":{"rendered":"<p>Os alunos do 5\u00ba ano, das 35 escolas municipais de Apucarana, est\u00e3o aprendendo sobre as diferen\u00e7as entre rios e riachos, a import\u00e2ncia da coleta seletiva e como a polui\u00e7\u00e3o interfere nas esp\u00e9cies de um ecossistema. A iniciativa faz parte do projeto SOS \u00c1guas do Norte Paranaense, desenvolvido em parceria pela Universidade Estadual de Maring\u00e1 (UEM) e a Autarquia Municipal de Educa\u00e7\u00e3o (AME).<\/p>\n<p>Na ter\u00e7a (15\/3) e quarta-feira (16\/3), bi\u00f3logos da universidade visitaram as escolas F\u00e1bio Henrique da Silva (Jardim Marissol), Professora Marta Pereira da Silva (Jardim Menegazzo), Professor Wilson de Azevedo (Distrito de Caixa de S\u00e3o Pedro) e Padre Ant\u00f4nio Vieira (Distrito de Correia de Freitas). Eles apresentaram aos alunos, por meio de din\u00e2mica teatral e observa\u00e7\u00f5es em microsc\u00f3pio, as principais esp\u00e9cies de algas, peixes e anf\u00edbios que s\u00e3o encontradas em \u00e1guas limpas e sujas. As atividades pr\u00e1ticas foram filmadas e ser\u00e3o compartilhadas com as turmas das demais escolas da rede.<\/p>\n<p>O prefeito Junior da Femac parabenizou a equipe da UEM pelo desenvolvimento do projeto SOS \u00c1guas do Norte Paranaense. \u201cAs crian\u00e7as de hoje representam o futuro da sociedade e do planeta. Por isso, \u00e9 de suma import\u00e2ncia que, desde pequenas, elas aprendam a racionalizar os recursos naturais e a contribuir na preserva\u00e7\u00e3o do meio ambiente para um mundo sustent\u00e1vel e melhor para se viver,\u201d disse.<\/p>\n<p>O objetivo do projeto \u00e9 apoiar a\u00e7\u00f5es de melhoria da qualidade dos recursos h\u00eddricos, promovendo atividades de educa\u00e7\u00e3o ambiental na regi\u00e3o sobre a biodiversidade aqu\u00e1tica do norte do Paran\u00e1. Assim, a proposta \u00e9 sensibilizar a popula\u00e7\u00e3o e especialmente os jovens cidad\u00e3os (estudantes do ensino fundamental) sobre a necessidade e urg\u00eancia da conserva\u00e7\u00e3o dos riachos urbanos e fundos de vale, visando uma melhor qualidade de vida e sa\u00fade integral.<\/p>\n<p>A secret\u00e1ria Marli Fernandes, por sua vez, frisou que a iniciativa SOS \u00c1guas do Norte Paranaense vem ao encontro de outra a\u00e7\u00e3o desenvolvida na rede municipal de educa\u00e7\u00e3o desde 2015. \u201cPor meio do projeto Sementes do Futuro, os mais de doze mil alunos da nossa rede j\u00e1 aprendem sobre o plantio de hortas e jardins, compostagem, reciclagem do lixo, utiliza\u00e7\u00e3o racional da \u00e1gua, entre outros temas ambientais. As crian\u00e7as s\u00e3o importantes agentes de multiplica\u00e7\u00e3o do conhecimento junto \u00e0s fam\u00edlias de Apucarana,\u201d afirmou.<\/p>\n<p>Participaram das visitas \u00e0s escolas nesta semana, a bi\u00f3loga e doutoranda em Ecologia, Beatriz Bosqu\u00ea Contieri; a graduanda em Psicologia, Daniele Aparecida da Silva; o bi\u00f3logo e doutorando em Ecologia, Matheus Maximilian Ratz Scoarize; a bi\u00f3loga e doutora em Ci\u00eancias, Mirtha Amanda \u00c2ngulo Val\u00eancia; a bi\u00f3loga e mestre em Biologia Comparada, Raniere Clara da Silva Oliveira; e a bi\u00f3loga Tatiane Ferreira Borges.<\/p>\n<div class = 'socialMediaOnEveryPost'>Compartilhe<div id=\"sgmbShare1-1\" class=\"sgmbShare jssocials-theme-classic sgmbWidget1-1\"><\/div><div class=\"dropdownWrapper dropdownWrapper1 dropdownWrapper-for-widget \" id=\"dropdownWrapper-for-widget\">\r\n\t\t\t\t\t\t<div class=\"dropdownLabel\" id=\"dropdownLabel-share-list\"><span class=\"sgmbButtonListLabel1\">Share List<\/span><\/div>\r\n\t\t\t\t\t\t<div class=\"dropdownPanel dropdownPanel1-1\">\r\n\t\t\t\t\t\t<\/div>\r\n\t\t\t\t\t<\/div><script>  SGMB_URL = \"http:\/\/www.apucarana.pr.gov.br\/ame\/wp-content\/plugins\/social-media-builder\/\"; jQuery(\".dropdownWrapper\").hide(); SGMB_GOOGLE_ACOUNT = \"\"; <\/script><script type=\"text\/javascript\">\r\n\t\tjQuery(document).ready(function($){var widget = new SGMBWidget();widget.show({\"id\":\"1\",\"title\":\"Face\\\/Twitter\",\"options\":{\"currentUrl\":\"1\",\"url\":\"\",\"shareText\":\"\",\"fontSize\":\"14\",\"betweenButtons\":\"1px\",\"theme\":\"classic\",\"sgmbButtonsPosition\":\"bottomLeft\",\"socialTheme\":\"\",\"icon\":\"default\",\"buttonsPanelEffect\":\"No Effect\",\"buttonsEffect\":\"No Effect\",\"iconsEffect\":\"No Effect\",\"buttons\":\"{\\\"facebook\\\":{\\\"label\\\":\\\"Share\\\",\\\"icon\\\":\\\"default-facebook\\\"},\\\"twitter\\\":{\\\"label\\\":\\\"Tweet\\\",\\\"icon\\\":\\\"default-twitter\\\",\\\"via\\\":\\\"\\\",\\\"hashtags\\\":\\\"\\\"}}\",\"roundButton\":\"\",\"showLabels\":\"\",\"showCounts\":\"\",\"showCenter\":\"\",\"showButtonsAsList\":\"\",\"sgmbDropdownColor\":\"\",\"sgmbDropdownLabelFontSize\":\"14\",\"sgmbDropdownLabelColor\":\"\",\"showButtonsOnEveryPost\":\"on\",\"selectedOrExcluded\":\"\",\"showButtonsOnEveryPage\":\"\",\"textOnEveryPost\":\"Compartilhe\",\"showButtonsOnCustomPost\":\"\",\"textOnCustomPost\":\"\",\"showButtonsOnMobileDirect\":\"on\",\"showButtonsOnDesktopDirect\":\"on\",\"sgmbSelectedPages\":[\"\"],\"sgmbExcludedPosts\":[\"\"],\"sgmbSelectedCustomPosts\":[],\"showButtonsInPopup\":\"\",\"titleOfPopup\":\"\",\"descriptionOfPopup\":\"\",\"showPopupOnLoad\":\"\",\"showPopupOnScroll\":\"\",\"showPopupOnExit\":\"\",\"openSecondsOfPopup\":\"\",\"googleAnaliticsAccount\":\"\"},\"buttonOptions\":{\"facebook\":{\"label\":\"Share\",\"icon\":\"default-facebook\"},\"twitter\":{\"label\":\"Tweet\",\"icon\":\"default-twitter\",\"via\":\"\",\"hashtags\":\"\"}},\"button\":[\"facebook\",\"twitter\"]}, 1, '', 'http:\/\/www.apucarana.pr.gov.br\/ame\/wp-content\/uploads\/2022\/03\/SOS-AGUAS-3.jpg', '', 'http:\/\/www.apucarana.pr.gov.br\/ame\/projeto-sos-aguas-promove-a-conscientizacao-ambiental-de-alunos-em-apucarana\/'); });<\/script><\/div><script> jQuery(\".socialMediaOnEveryPost\").addClass(\"sgmb-left\") <\/script>","protected":false},"excerpt":{"rendered":"<p>A iniciativa \u00e9 desenvolvida em parceria pela Universidade Estadual de Maring\u00e1 e a Autarquia Municipal de Educa\u00e7\u00e3o<\/p>\n","protected":false},"author":10,"featured_media":10374,"comment_status":"closed","ping_status":"open","sticky":false,"template":"","format":"standard","meta":[],"categories":[9],"tags":[],"_links":{"self":[{"href":"http:\/\/www.apucarana.pr.gov.br\/ame\/wp-json\/wp\/v2\/posts\/10370"}],"collection":[{"href":"http:\/\/www.apucarana.pr.gov.br\/ame\/wp-json\/wp\/v2\/posts"}],"about":[{"href":"http:\/\/www.apucarana.pr.gov.br\/ame\/wp-json\/wp\/v2\/types\/post"}],"author":[{"embeddable":true,"href":"http:\/\/www.apucarana.pr.gov.br\/ame\/wp-json\/wp\/v2\/users\/10"}],"replies":[{"embeddable":true,"href":"http:\/\/www.apucarana.pr.gov.br\/ame\/wp-json\/wp\/v2\/comments?post=10370"}],"version-history":[{"count":1,"href":"http:\/\/www.apucarana.pr.gov.br\/ame\/wp-json\/wp\/v2\/posts\/10370\/revisions"}],"predecessor-version":[{"id":10377,"href":"http:\/\/www.apucarana.pr.gov.br\/ame\/wp-json\/wp\/v2\/posts\/10370\/revisions\/10377"}],"wp:featuredmedia":[{"embeddable":true,"href":"http:\/\/www.apucarana.pr.gov.br\/ame\/wp-json\/wp\/v2\/media\/10374"}],"wp:attachment":[{"href":"http:\/\/www.apucarana.pr.gov.br\/ame\/wp-json\/wp\/v2\/media?parent=10370"}],"wp:term":[{"taxonomy":"category","embeddable":true,"href":"http:\/\/www.apucarana.pr.gov.br\/ame\/wp-json\/wp\/v2\/categories?post=10370"},{"taxonomy":"post_tag","embeddable":true,"href":"http:\/\/www.apucarana.pr.gov.br\/ame\/wp-json\/wp\/v2\/tags?post=10370"}],"curies":[{"name":"wp","href":"https:\/\/api.w.org\/{rel}","templated":true}]}}