{"id":10361,"date":"2022-03-17T15:49:44","date_gmt":"2022-03-17T18:49:44","guid":{"rendered":"http:\/\/www.apucarana.pr.gov.br\/ame\/?p=10361"},"modified":"2024-10-08T09:09:46","modified_gmt":"2024-10-08T12:09:46","slug":"comitivas-conhecem-a-rede-municipal-de-educacao-de-apucarana-2","status":"publish","type":"post","link":"http:\/\/www.apucarana.pr.gov.br\/ame\/comitivas-conhecem-a-rede-municipal-de-educacao-de-apucarana-2\/","title":{"rendered":"Comitivas conhecem a rede municipal de educa\u00e7\u00e3o de Apucarana"},"content":{"rendered":"<p>A secret\u00e1ria Marli Fernandes recebeu duas comitivas que vieram conhecer os projetos e iniciativas desenvolvidos na rede municipal de educa\u00e7\u00e3o de Apucarana. Na sexta-feira (11\/3), a visita foi de um grupo de professores proveniente da cidade de Santa Helena, na regi\u00e3o oeste do Paran\u00e1. J\u00e1 na manh\u00e3 de hoje (17\/3), o encontro envolveu representantes do munic\u00edpio de Arauc\u00e1ria, situado na regi\u00e3o metropolitana de Curitiba.<\/p>\n<p>\u201cEu e minha equipe sentimo-nos muito felizes de receber os visitantes e poder trocar experi\u00eancias com dirigentes e t\u00e9cnicos educacionais de outros munic\u00edpios. Esses momentos s\u00e3o valiosos,\u201d afirmou a secret\u00e1ria Marli Fernandes.<\/p>\n<p>O prefeito Junior da Femac destacou que a educa\u00e7\u00e3o de Apucarana \u00e9 refer\u00eancia atualmente para o pa\u00eds. \u201cNo final do ano passado, o Pr\u00eamio Band Cidades Excelentes apontou que somos o munic\u00edpio brasileiro que oferece a melhor forma\u00e7\u00e3o b\u00e1sica para as crian\u00e7as. N\u00f3s tamb\u00e9m conquistamos a melhor nota (7,6), entre as cidades paranaenses com mais de 100 mil habitantes, na \u00faltima edi\u00e7\u00e3o do Ideb. As comitivas que t\u00eam nos procurado querem saber como fizemos para alcan\u00e7ar esses resultados,\u201d disse.<\/p>\n<p>A comitiva de Santa Helena estava composta pela secret\u00e1ria de educa\u00e7\u00e3o Juliana Schwaab Thibes, o educador Cl\u00e1udio Roberto Konig, a corregedora Edna Lana Wiellenz e a representante da secretaria da sa\u00fade, Terezinha Madalena Bottega.<\/p>\n<p>O grupo de Arauc\u00e1ria, por sua vez, reunia a dirigente municipal de educa\u00e7\u00e3o Adriana de Oliveira Chaves Palmieri, a diretora geral Marilene R\u00f4de e os educadores Andr\u00e9 Luiz Batista da Silva, Soeli do Rocio Nunes Lechinhoski, Gustavo de Sousa Toscani, Fabr\u00edcio de Lima Gomes Neto, Soeli Jozeane Hartmamm Matozo, Gilsiely dos Santos Claudio, Camila Langner Zadureski, Claudin\u00e9ia Maria Vischi Avanzini, Marie Hellen da Silva Talamini e Margarida Martins Vieira.<\/p>\n<div class = 'socialMediaOnEveryPost'>Compartilhe<div id=\"sgmbShare1-1\" class=\"sgmbShare jssocials-theme-classic sgmbWidget1-1\"><\/div><div class=\"dropdownWrapper dropdownWrapper1 dropdownWrapper-for-widget \" id=\"dropdownWrapper-for-widget\">\r\n\t\t\t\t\t\t<div class=\"dropdownLabel\" id=\"dropdownLabel-share-list\"><span class=\"sgmbButtonListLabel1\">Share List<\/span><\/div>\r\n\t\t\t\t\t\t<div class=\"dropdownPanel dropdownPanel1-1\">\r\n\t\t\t\t\t\t<\/div>\r\n\t\t\t\t\t<\/div><script>  SGMB_URL = \"http:\/\/www.apucarana.pr.gov.br\/ame\/wp-content\/plugins\/social-media-builder\/\"; jQuery(\".dropdownWrapper\").hide(); SGMB_GOOGLE_ACOUNT = \"\"; <\/script><script type=\"text\/javascript\">\r\n\t\tjQuery(document).ready(function($){var widget = new SGMBWidget();widget.show({\"id\":\"1\",\"title\":\"Face\\\/Twitter\",\"options\":{\"currentUrl\":\"1\",\"url\":\"\",\"shareText\":\"\",\"fontSize\":\"14\",\"betweenButtons\":\"1px\",\"theme\":\"classic\",\"sgmbButtonsPosition\":\"bottomLeft\",\"socialTheme\":\"\",\"icon\":\"default\",\"buttonsPanelEffect\":\"No Effect\",\"buttonsEffect\":\"No Effect\",\"iconsEffect\":\"No Effect\",\"buttons\":\"{\\\"facebook\\\":{\\\"label\\\":\\\"Share\\\",\\\"icon\\\":\\\"default-facebook\\\"},\\\"twitter\\\":{\\\"label\\\":\\\"Tweet\\\",\\\"icon\\\":\\\"default-twitter\\\",\\\"via\\\":\\\"\\\",\\\"hashtags\\\":\\\"\\\"}}\",\"roundButton\":\"\",\"showLabels\":\"\",\"showCounts\":\"\",\"showCenter\":\"\",\"showButtonsAsList\":\"\",\"sgmbDropdownColor\":\"\",\"sgmbDropdownLabelFontSize\":\"14\",\"sgmbDropdownLabelColor\":\"\",\"showButtonsOnEveryPost\":\"on\",\"selectedOrExcluded\":\"\",\"showButtonsOnEveryPage\":\"\",\"textOnEveryPost\":\"Compartilhe\",\"showButtonsOnCustomPost\":\"\",\"textOnCustomPost\":\"\",\"showButtonsOnMobileDirect\":\"on\",\"showButtonsOnDesktopDirect\":\"on\",\"sgmbSelectedPages\":[\"\"],\"sgmbExcludedPosts\":[\"\"],\"sgmbSelectedCustomPosts\":[],\"showButtonsInPopup\":\"\",\"titleOfPopup\":\"\",\"descriptionOfPopup\":\"\",\"showPopupOnLoad\":\"\",\"showPopupOnScroll\":\"\",\"showPopupOnExit\":\"\",\"openSecondsOfPopup\":\"\",\"googleAnaliticsAccount\":\"\"},\"buttonOptions\":{\"facebook\":{\"label\":\"Share\",\"icon\":\"default-facebook\"},\"twitter\":{\"label\":\"Tweet\",\"icon\":\"default-twitter\",\"via\":\"\",\"hashtags\":\"\"}},\"button\":[\"facebook\",\"twitter\"]}, 1, '', 'http:\/\/www.apucarana.pr.gov.br\/ame\/wp-content\/uploads\/2022\/03\/IMG_3909-scaled.jpg', '', 'http:\/\/www.apucarana.pr.gov.br\/ame\/comitivas-conhecem-a-rede-municipal-de-educacao-de-apucarana-2\/'); });<\/script><\/div><script> jQuery(\".socialMediaOnEveryPost\").addClass(\"sgmb-left\") <\/script>","protected":false},"excerpt":{"rendered":"<p>Representantes das cidades de Santa Helena, na regi\u00e3o oeste do Paran\u00e1, e de Arauc\u00e1ria, na regi\u00e3o metropolitana de Curitiba, vieram ver de perto os projetos e iniciativas educacionais desenvolvidos em Apucarana<\/p>\n","protected":false},"author":10,"featured_media":10368,"comment_status":"closed","ping_status":"open","sticky":false,"template":"","format":"standard","meta":[],"categories":[9],"tags":[],"_links":{"self":[{"href":"http:\/\/www.apucarana.pr.gov.br\/ame\/wp-json\/wp\/v2\/posts\/10361"}],"collection":[{"href":"http:\/\/www.apucarana.pr.gov.br\/ame\/wp-json\/wp\/v2\/posts"}],"about":[{"href":"http:\/\/www.apucarana.pr.gov.br\/ame\/wp-json\/wp\/v2\/types\/post"}],"author":[{"embeddable":true,"href":"http:\/\/www.apucarana.pr.gov.br\/ame\/wp-json\/wp\/v2\/users\/10"}],"replies":[{"embeddable":true,"href":"http:\/\/www.apucarana.pr.gov.br\/ame\/wp-json\/wp\/v2\/comments?post=10361"}],"version-history":[{"count":1,"href":"http:\/\/www.apucarana.pr.gov.br\/ame\/wp-json\/wp\/v2\/posts\/10361\/revisions"}],"predecessor-version":[{"id":10369,"href":"http:\/\/www.apucarana.pr.gov.br\/ame\/wp-json\/wp\/v2\/posts\/10361\/revisions\/10369"}],"wp:featuredmedia":[{"embeddable":true,"href":"http:\/\/www.apucarana.pr.gov.br\/ame\/wp-json\/wp\/v2\/media\/10368"}],"wp:attachment":[{"href":"http:\/\/www.apucarana.pr.gov.br\/ame\/wp-json\/wp\/v2\/media?parent=10361"}],"wp:term":[{"taxonomy":"category","embeddable":true,"href":"http:\/\/www.apucarana.pr.gov.br\/ame\/wp-json\/wp\/v2\/categories?post=10361"},{"taxonomy":"post_tag","embeddable":true,"href":"http:\/\/www.apucarana.pr.gov.br\/ame\/wp-json\/wp\/v2\/tags?post=10361"}],"curies":[{"name":"wp","href":"https:\/\/api.w.org\/{rel}","templated":true}]}}