{"id":10353,"date":"2022-03-17T13:16:06","date_gmt":"2022-03-17T16:16:06","guid":{"rendered":"http:\/\/www.apucarana.pr.gov.br\/ame\/?p=10353"},"modified":"2024-10-08T09:09:46","modified_gmt":"2024-10-08T12:09:46","slug":"polo-da-uab-forma-dezoito-profissionais-de-pedagogia","status":"publish","type":"post","link":"http:\/\/www.apucarana.pr.gov.br\/ame\/polo-da-uab-forma-dezoito-profissionais-de-pedagogia\/","title":{"rendered":"Polo da UAB forma dezoito profissionais de Pedagogia"},"content":{"rendered":"<p>A Universidade Estadual do Centro-Oeste (Unicentro) realizou, na noite de ontem (16\/3), a formatura de 18 acad\u00eamicos que conclu\u00edram o curso de Licenciatura em Pedagogia por meio do Polo da UAB de Apucarana. A cerim\u00f4nia foi transmitida pela internet (<a href=\"https:\/\/www.youtube.com\/watch?v=aaMS9vSuBW4\">https:\/\/www.youtube.com\/watch?v=aaMS9vSuBW4<\/a>).<\/p>\n<p>O prefeito Junior da Femac parabenizou os formandos pela conquista do t\u00edtulo de Pedagogos. \u201cVoc\u00eas enfrentaram uma jornada \u00e1rdua de estudos nos \u00faltimos anos e precisaram demonstrar muita dedica\u00e7\u00e3o para chegar at\u00e9 aqui. Parab\u00e9ns pela realiza\u00e7\u00e3o do sonho. Desejo sucesso a todos na carreira profissional\u201d, disse.<\/p>\n<p>\u201cO trabalho do pedagogo \u00e9 essencial. Al\u00e9m de poder atuar como professor da Educa\u00e7\u00e3o Infantil e dos anos iniciais do Ensino Fundamental, esse profissional contribui para a compreens\u00e3o da realidade dos alunos e a integra\u00e7\u00e3o das fam\u00edlias com a escola. Eu sinto-me muito feliz com a formatura de mais dezoito pedagogos pelo Polo da UAB. Espero contar com cada um deles na constru\u00e7\u00e3o de uma educa\u00e7\u00e3o equitativa e de qualidade para todas as crian\u00e7as de Apucarana,\u201d afirmou a secret\u00e1ria municipal de educa\u00e7\u00e3o, Marli Fernandes.<\/p>\n<p>Outros 29 acad\u00eamicos j\u00e1 haviam recebido seus diplomas de Licenciatura em Pedagogia no final do ano passado. \u201cN\u00f3s agradecemos profundamente a parceria que a Unicentro mant\u00e9m com o nosso munic\u00edpio desde 2008. Juntos, estamos trabalhando pela democratiza\u00e7\u00e3o do ensino superior e pela transforma\u00e7\u00e3o da vida de muitos jovens e adultos,\u201d acrescentou a coordenadora do Polo da UAB de Apucarana, Sueli Gomes R\u00eais Gon\u00e7alves.<\/p>\n<p>Na noite de ontem (16\/3), a cerim\u00f4nia foi conduzida pelo reitor da Universidade Estadual do Centro-Oeste, professor F\u00e1bio Hernandes. \u201cEu agrade\u00e7o a cada um dos formados, pela confian\u00e7a que eles depositaram na nossa institui\u00e7\u00e3o de ensino. A Unicentro \u00e9 um dos patrim\u00f4nios da sociedade paranaense,\u201d concluiu.<\/p>\n<p>Os seguintes acad\u00eamicos receberam ontem o t\u00edtulo de pedagogos:<\/p>\n<p>1. Alex Crestani;<br \/>\n2. Claudemir Ockner;<br \/>\n3. Cleusa de F\u00e1tima Teixeira Thomaz;<br \/>\n4. Daniely Alves Ribeiro;<br \/>\n5. Eder Afonso de Oliveira;<br \/>\n6. Elaine da Silva;<br \/>\n7. Gislaine Andrade Ockner;<br \/>\n8. Gislaine Vanessa dos Santos de Oliveira;<br \/>\n9. Ingrid Cristiane de Souza;<br \/>\n10. Joelma Elizabete Lopes Leite;<br \/>\n11. Lucilene Aparecida Francisco;<br \/>\n12. Maria Aparecida Lima Piai Rosa;<br \/>\n13. Renata Cristina Machado;<br \/>\n14. Russele Carolina Peres;<br \/>\n15. Selaine Aparecida da Silva;<br \/>\n16. Tamires Theodoro Leonel Ferreira;<br \/>\n17. Thais Maira Podolan Franco;<br \/>\n18. Vanea de Souza Quevedo Salvarani.<\/p>\n<div class = 'socialMediaOnEveryPost'>Compartilhe<div id=\"sgmbShare1-1\" class=\"sgmbShare jssocials-theme-classic sgmbWidget1-1\"><\/div><div class=\"dropdownWrapper dropdownWrapper1 dropdownWrapper-for-widget \" id=\"dropdownWrapper-for-widget\">\r\n\t\t\t\t\t\t<div class=\"dropdownLabel\" id=\"dropdownLabel-share-list\"><span class=\"sgmbButtonListLabel1\">Share List<\/span><\/div>\r\n\t\t\t\t\t\t<div class=\"dropdownPanel dropdownPanel1-1\">\r\n\t\t\t\t\t\t<\/div>\r\n\t\t\t\t\t<\/div><script>  SGMB_URL = \"http:\/\/www.apucarana.pr.gov.br\/ame\/wp-content\/plugins\/social-media-builder\/\"; jQuery(\".dropdownWrapper\").hide(); SGMB_GOOGLE_ACOUNT = \"\"; <\/script><script type=\"text\/javascript\">\r\n\t\tjQuery(document).ready(function($){var widget = new SGMBWidget();widget.show({\"id\":\"1\",\"title\":\"Face\\\/Twitter\",\"options\":{\"currentUrl\":\"1\",\"url\":\"\",\"shareText\":\"\",\"fontSize\":\"14\",\"betweenButtons\":\"1px\",\"theme\":\"classic\",\"sgmbButtonsPosition\":\"bottomLeft\",\"socialTheme\":\"\",\"icon\":\"default\",\"buttonsPanelEffect\":\"No Effect\",\"buttonsEffect\":\"No Effect\",\"iconsEffect\":\"No Effect\",\"buttons\":\"{\\\"facebook\\\":{\\\"label\\\":\\\"Share\\\",\\\"icon\\\":\\\"default-facebook\\\"},\\\"twitter\\\":{\\\"label\\\":\\\"Tweet\\\",\\\"icon\\\":\\\"default-twitter\\\",\\\"via\\\":\\\"\\\",\\\"hashtags\\\":\\\"\\\"}}\",\"roundButton\":\"\",\"showLabels\":\"\",\"showCounts\":\"\",\"showCenter\":\"\",\"showButtonsAsList\":\"\",\"sgmbDropdownColor\":\"\",\"sgmbDropdownLabelFontSize\":\"14\",\"sgmbDropdownLabelColor\":\"\",\"showButtonsOnEveryPost\":\"on\",\"selectedOrExcluded\":\"\",\"showButtonsOnEveryPage\":\"\",\"textOnEveryPost\":\"Compartilhe\",\"showButtonsOnCustomPost\":\"\",\"textOnCustomPost\":\"\",\"showButtonsOnMobileDirect\":\"on\",\"showButtonsOnDesktopDirect\":\"on\",\"sgmbSelectedPages\":[\"\"],\"sgmbExcludedPosts\":[\"\"],\"sgmbSelectedCustomPosts\":[],\"showButtonsInPopup\":\"\",\"titleOfPopup\":\"\",\"descriptionOfPopup\":\"\",\"showPopupOnLoad\":\"\",\"showPopupOnScroll\":\"\",\"showPopupOnExit\":\"\",\"openSecondsOfPopup\":\"\",\"googleAnaliticsAccount\":\"\"},\"buttonOptions\":{\"facebook\":{\"label\":\"Share\",\"icon\":\"default-facebook\"},\"twitter\":{\"label\":\"Tweet\",\"icon\":\"default-twitter\",\"via\":\"\",\"hashtags\":\"\"}},\"button\":[\"facebook\",\"twitter\"]}, 1, '', 'http:\/\/www.apucarana.pr.gov.br\/ame\/wp-content\/uploads\/2022\/03\/POLOEDSON-DENOBI06.jpg', '', 'http:\/\/www.apucarana.pr.gov.br\/ame\/polo-da-uab-forma-dezoito-profissionais-de-pedagogia\/'); });<\/script><\/div><script> jQuery(\".socialMediaOnEveryPost\").addClass(\"sgmb-left\") <\/script>","protected":false},"excerpt":{"rendered":"<p>A Universidade Estadual do Centro-Oeste (Unicentro) realizou a cerim\u00f4nia de outorga de t\u00edtulo aos novos profissionais na noite de ontem (16\/3) no formato de webconfer\u00eancia<\/p>\n","protected":false},"author":10,"featured_media":10356,"comment_status":"closed","ping_status":"open","sticky":false,"template":"","format":"standard","meta":[],"categories":[9],"tags":[],"_links":{"self":[{"href":"http:\/\/www.apucarana.pr.gov.br\/ame\/wp-json\/wp\/v2\/posts\/10353"}],"collection":[{"href":"http:\/\/www.apucarana.pr.gov.br\/ame\/wp-json\/wp\/v2\/posts"}],"about":[{"href":"http:\/\/www.apucarana.pr.gov.br\/ame\/wp-json\/wp\/v2\/types\/post"}],"author":[{"embeddable":true,"href":"http:\/\/www.apucarana.pr.gov.br\/ame\/wp-json\/wp\/v2\/users\/10"}],"replies":[{"embeddable":true,"href":"http:\/\/www.apucarana.pr.gov.br\/ame\/wp-json\/wp\/v2\/comments?post=10353"}],"version-history":[{"count":4,"href":"http:\/\/www.apucarana.pr.gov.br\/ame\/wp-json\/wp\/v2\/posts\/10353\/revisions"}],"predecessor-version":[{"id":10360,"href":"http:\/\/www.apucarana.pr.gov.br\/ame\/wp-json\/wp\/v2\/posts\/10353\/revisions\/10360"}],"wp:featuredmedia":[{"embeddable":true,"href":"http:\/\/www.apucarana.pr.gov.br\/ame\/wp-json\/wp\/v2\/media\/10356"}],"wp:attachment":[{"href":"http:\/\/www.apucarana.pr.gov.br\/ame\/wp-json\/wp\/v2\/media?parent=10353"}],"wp:term":[{"taxonomy":"category","embeddable":true,"href":"http:\/\/www.apucarana.pr.gov.br\/ame\/wp-json\/wp\/v2\/categories?post=10353"},{"taxonomy":"post_tag","embeddable":true,"href":"http:\/\/www.apucarana.pr.gov.br\/ame\/wp-json\/wp\/v2\/tags?post=10353"}],"curies":[{"name":"wp","href":"https:\/\/api.w.org\/{rel}","templated":true}]}}