{"id":10340,"date":"2022-03-16T14:44:22","date_gmt":"2022-03-16T17:44:22","guid":{"rendered":"http:\/\/www.apucarana.pr.gov.br\/ame\/?p=10340"},"modified":"2024-10-08T09:09:46","modified_gmt":"2024-10-08T12:09:46","slug":"pais-e-alunos-aprovam-a-merenda-servida-na-rede-municipal-de-apucarana","status":"publish","type":"post","link":"http:\/\/www.apucarana.pr.gov.br\/ame\/pais-e-alunos-aprovam-a-merenda-servida-na-rede-municipal-de-apucarana\/","title":{"rendered":"Pais e alunos aprovam a merenda servida na rede municipal de Apucarana"},"content":{"rendered":"<p>O Departamento de Alimenta\u00e7\u00e3o Escolar, da Autarquia de Educa\u00e7\u00e3o, serve diariamente 37 mil refei\u00e7\u00f5es nos 23 centros infantis (CMEIs) e 35 escolas que comp\u00f5em a rede municipal de Apucarana. Preparados por nutricionistas, os card\u00e1pios s\u00e3o espec\u00edficos para cada faixa et\u00e1ria e seguem as orienta\u00e7\u00f5es do Programa Nacional de Alimenta\u00e7\u00e3o Escolar (PNAE).<\/p>\n<p>O prefeito Junior da Femac destaca que as fam\u00edlias podem acompanhar as refei\u00e7\u00f5es que s\u00e3o oferecidas \u00e0s crian\u00e7as por meio do site oficial do munic\u00edpio (www.apucarana.pr.gov.br). \u201cA nossa equipe publica os card\u00e1pios da merenda no in\u00edcio de cada m\u00eas. Eu pe\u00e7o que os pais perguntem sempre aos seus filhos o que eles est\u00e3o comendo nas unidades de ensino e comparem com os menus que s\u00e3o divulgados. Caso encontrem alguma disparidade, a orienta\u00e7\u00e3o \u00e9 que voc\u00eas entrem em contato com o Departamento de Alimenta\u00e7\u00e3o Escolar por meio do telefone 3308-1699. A transpar\u00eancia nas a\u00e7\u00f5es \u00e9 prioridade na minha gest\u00e3o\u201d, disse.<\/p>\n<p>M\u00e3e de um aluno matriculado na Escola Municipal Jos\u00e9 Brazil Camargo, \u00c9rica Regina da Silva Pereira acompanha sistematicamente a alimenta\u00e7\u00e3o que seu filho recebe. \u201cComo tem intoler\u00e2ncia \u00e0 lactose, meu filho n\u00e3o pode comer qualquer produto. Ent\u00e3o, eu tenho o costume de perguntar a ele todos os dias o que foi servido. A merenda \u00e9 \u00f3tima! A escola garante p\u00e3es, cookies, suco de soja e leite sem lactose para as crian\u00e7as com esse tipo de restri\u00e7\u00e3o alimentar,\u201d afirmou.<\/p>\n<p>A secret\u00e1ria de educa\u00e7\u00e3o, Marli Fernandes, explica que uma alimenta\u00e7\u00e3o saud\u00e1vel e balanceada \u00e9 fator fundamental para o pleno desenvolvimento, f\u00edsico e cognitivo, das crian\u00e7as. \u201cPor isso, os card\u00e1pios da merenda escolar priorizam alimentos com alto teor nutricional, como frutas, verduras e legumes frescos. As crian\u00e7as gostam bastante quando s\u00e3o servidas peras, uvas e goiabas. As hortali\u00e7as s\u00e3o compradas diretamente da agricultura familiar, beneficiando tamb\u00e9m os pequenos produtores locais,\u201d frisou.<\/p>\n<p>Larissa Gomes de Lima \u00e9 outra m\u00e3e que tem o h\u00e1bito de acompanhar diariamente a alimenta\u00e7\u00e3o que seu filho consome no CMEI Luiz An\u00edbal Matiuzzi. \u201cO que a creche serve realmente est\u00e1 de acordo com o que \u00e9 publicado no site. O card\u00e1pio \u00e9 bem rico e variado, com frutas, carnes e leite. A Autarquia de Educa\u00e7\u00e3o est\u00e1 de parab\u00e9ns pelo trabalho que vem desenvolvendo,\u201d congratulou.<\/p>\n<p>Os alunos tamb\u00e9m aprovam a alimenta\u00e7\u00e3o da rede municipal de educa\u00e7\u00e3o de Apucarana. \u201cEu gosto especialmente quando tem macarr\u00e3o com carne mo\u00edda no almo\u00e7o. \u00c9 uma del\u00edcia! Eu tamb\u00e9m adoro as frutas, como mel\u00e3o, melancia e banana\u201d, disse a aluna Yasmin Vieira Vivan, da turma de 5\u00ba ano, da Escola Municipal Augusto Weyand.<\/p>\n<p>\u201cO meu prato preferido \u00e9 o arroz doce. Al\u00e9m disso, gosto quando tem p\u00e3o com requeij\u00e3o, bolo de fub\u00e1 e bolacha Maria. No almo\u00e7o, a polenta, o frango e os ovos s\u00e3o muito bons,\u201d acrescentou a aluna Giovana Gabriele da Luz Nascimento, do 3\u00ba ano, da Escola Municipal Jos\u00e9 Brazil Camargo.<\/p>\n<div class = 'socialMediaOnEveryPost'>Compartilhe<div id=\"sgmbShare1-1\" class=\"sgmbShare jssocials-theme-classic sgmbWidget1-1\"><\/div><div class=\"dropdownWrapper dropdownWrapper1 dropdownWrapper-for-widget \" id=\"dropdownWrapper-for-widget\">\r\n\t\t\t\t\t\t<div class=\"dropdownLabel\" id=\"dropdownLabel-share-list\"><span class=\"sgmbButtonListLabel1\">Share List<\/span><\/div>\r\n\t\t\t\t\t\t<div class=\"dropdownPanel dropdownPanel1-1\">\r\n\t\t\t\t\t\t<\/div>\r\n\t\t\t\t\t<\/div><script>  SGMB_URL = \"http:\/\/www.apucarana.pr.gov.br\/ame\/wp-content\/plugins\/social-media-builder\/\"; jQuery(\".dropdownWrapper\").hide(); SGMB_GOOGLE_ACOUNT = \"\"; <\/script><script type=\"text\/javascript\">\r\n\t\tjQuery(document).ready(function($){var widget = new SGMBWidget();widget.show({\"id\":\"1\",\"title\":\"Face\\\/Twitter\",\"options\":{\"currentUrl\":\"1\",\"url\":\"\",\"shareText\":\"\",\"fontSize\":\"14\",\"betweenButtons\":\"1px\",\"theme\":\"classic\",\"sgmbButtonsPosition\":\"bottomLeft\",\"socialTheme\":\"\",\"icon\":\"default\",\"buttonsPanelEffect\":\"No Effect\",\"buttonsEffect\":\"No Effect\",\"iconsEffect\":\"No Effect\",\"buttons\":\"{\\\"facebook\\\":{\\\"label\\\":\\\"Share\\\",\\\"icon\\\":\\\"default-facebook\\\"},\\\"twitter\\\":{\\\"label\\\":\\\"Tweet\\\",\\\"icon\\\":\\\"default-twitter\\\",\\\"via\\\":\\\"\\\",\\\"hashtags\\\":\\\"\\\"}}\",\"roundButton\":\"\",\"showLabels\":\"\",\"showCounts\":\"\",\"showCenter\":\"\",\"showButtonsAsList\":\"\",\"sgmbDropdownColor\":\"\",\"sgmbDropdownLabelFontSize\":\"14\",\"sgmbDropdownLabelColor\":\"\",\"showButtonsOnEveryPost\":\"on\",\"selectedOrExcluded\":\"\",\"showButtonsOnEveryPage\":\"\",\"textOnEveryPost\":\"Compartilhe\",\"showButtonsOnCustomPost\":\"\",\"textOnCustomPost\":\"\",\"showButtonsOnMobileDirect\":\"on\",\"showButtonsOnDesktopDirect\":\"on\",\"sgmbSelectedPages\":[\"\"],\"sgmbExcludedPosts\":[\"\"],\"sgmbSelectedCustomPosts\":[],\"showButtonsInPopup\":\"\",\"titleOfPopup\":\"\",\"descriptionOfPopup\":\"\",\"showPopupOnLoad\":\"\",\"showPopupOnScroll\":\"\",\"showPopupOnExit\":\"\",\"openSecondsOfPopup\":\"\",\"googleAnaliticsAccount\":\"\"},\"buttonOptions\":{\"facebook\":{\"label\":\"Share\",\"icon\":\"default-facebook\"},\"twitter\":{\"label\":\"Tweet\",\"icon\":\"default-twitter\",\"via\":\"\",\"hashtags\":\"\"}},\"button\":[\"facebook\",\"twitter\"]}, 1, '', 'http:\/\/www.apucarana.pr.gov.br\/ame\/wp-content\/uploads\/2022\/03\/MERENDA-ESCOLAR.jpg', '', 'http:\/\/www.apucarana.pr.gov.br\/ame\/pais-e-alunos-aprovam-a-merenda-servida-na-rede-municipal-de-apucarana\/'); });<\/script><\/div><script> jQuery(\".socialMediaOnEveryPost\").addClass(\"sgmb-left\") <\/script>","protected":false},"excerpt":{"rendered":"<p>O Departamento de Alimenta\u00e7\u00e3o Escolar, da Autarquia de Educa\u00e7\u00e3o, serve diariamente 37 mil refei\u00e7\u00f5es nos seus 23 centros infantis e 35 escolas<\/p>\n","protected":false},"author":10,"featured_media":10344,"comment_status":"closed","ping_status":"open","sticky":false,"template":"","format":"standard","meta":[],"categories":[9],"tags":[],"_links":{"self":[{"href":"http:\/\/www.apucarana.pr.gov.br\/ame\/wp-json\/wp\/v2\/posts\/10340"}],"collection":[{"href":"http:\/\/www.apucarana.pr.gov.br\/ame\/wp-json\/wp\/v2\/posts"}],"about":[{"href":"http:\/\/www.apucarana.pr.gov.br\/ame\/wp-json\/wp\/v2\/types\/post"}],"author":[{"embeddable":true,"href":"http:\/\/www.apucarana.pr.gov.br\/ame\/wp-json\/wp\/v2\/users\/10"}],"replies":[{"embeddable":true,"href":"http:\/\/www.apucarana.pr.gov.br\/ame\/wp-json\/wp\/v2\/comments?post=10340"}],"version-history":[{"count":1,"href":"http:\/\/www.apucarana.pr.gov.br\/ame\/wp-json\/wp\/v2\/posts\/10340\/revisions"}],"predecessor-version":[{"id":10346,"href":"http:\/\/www.apucarana.pr.gov.br\/ame\/wp-json\/wp\/v2\/posts\/10340\/revisions\/10346"}],"wp:featuredmedia":[{"embeddable":true,"href":"http:\/\/www.apucarana.pr.gov.br\/ame\/wp-json\/wp\/v2\/media\/10344"}],"wp:attachment":[{"href":"http:\/\/www.apucarana.pr.gov.br\/ame\/wp-json\/wp\/v2\/media?parent=10340"}],"wp:term":[{"taxonomy":"category","embeddable":true,"href":"http:\/\/www.apucarana.pr.gov.br\/ame\/wp-json\/wp\/v2\/categories?post=10340"},{"taxonomy":"post_tag","embeddable":true,"href":"http:\/\/www.apucarana.pr.gov.br\/ame\/wp-json\/wp\/v2\/tags?post=10340"}],"curies":[{"name":"wp","href":"https:\/\/api.w.org\/{rel}","templated":true}]}}