{"id":10331,"date":"2022-03-15T20:16:31","date_gmt":"2022-03-15T23:16:31","guid":{"rendered":"http:\/\/www.apucarana.pr.gov.br\/ame\/?p=10331"},"modified":"2024-10-08T09:09:46","modified_gmt":"2024-10-08T12:09:46","slug":"apucarana-contrata-137-professores-e-servidores-para-a-rede-municipal-de-educacao","status":"publish","type":"post","link":"http:\/\/www.apucarana.pr.gov.br\/ame\/apucarana-contrata-137-professores-e-servidores-para-a-rede-municipal-de-educacao\/","title":{"rendered":"Apucarana contrata 137 professores e servidores para a rede municipal de educa\u00e7\u00e3o"},"content":{"rendered":"<p>O prefeito Junior da Femac e a secret\u00e1ria Marli Fernandes recepcionaram, no final da tarde de hoje (15\/3), no Cine Teatro F\u00eanix, os 137 profissionais que est\u00e3o sendo contratados para refor\u00e7ar as equipes dos 23 centros infantis e 35 escolas da rede municipal de Apucarana. Todos foram aprovados previamente em concurso p\u00fablico.<\/p>\n<p>De acordo com a secret\u00e1ria de educa\u00e7\u00e3o Marli Fernandes, o grupo de novos profissionais inclui 92 professores, 32 assistentes infantis, 7 auxiliares de servi\u00e7os gerais e 6 assistentes administrativos.<\/p>\n<p>\u201cDevido \u00e0 lei complementar federal n\u00ba 173\/2020, que proibiu os \u00f3rg\u00e3os p\u00fablicos de aumentarem suas despesas durante o per\u00edodo de pandemia, n\u00f3s fizemos apenas admiss\u00f5es pontuais de servidores nos \u00faltimos dois anos. As convoca\u00e7\u00f5es atuais v\u00e3o suprir a nossa demanda por recursos humanos,\u201d explicou a secret\u00e1ria.<\/p>\n<p>A vig\u00eancia da lei n\u00ba 173\/2020 expirou em 31 de dezembro de 2021. Desde ent\u00e3o, a Autarquia Municipal de Educa\u00e7\u00e3o j\u00e1 publicou treze editais de convoca\u00e7\u00e3o de aprovados em concurso p\u00fablico.<\/p>\n<p>No discurso de boas-vindas, o prefeito Junior da Femac destacou o seu apre\u00e7o pelos profissionais da educa\u00e7\u00e3o e pediu o comprometimento dos novos servidores com a forma\u00e7\u00e3o dos mais de doze mil alunos matriculados na rede municipal de Apucarana.<\/p>\n<p>\u201c\u00c9 importante voc\u00eas compreendam que n\u00f3s estamos confiando o nosso bem mais precioso &#8211; as nossas crian\u00e7as &#8211; em suas m\u00e3os. Voc\u00eas ser\u00e3o respons\u00e1veis por formar as futuras gera\u00e7\u00f5es que comandar\u00e3o a cidade. Cada um pode a fazer a diferen\u00e7a no seu local de trabalho. Desejo que tenham muito sucesso nesta jornada,\u201d disse o prefeito.<\/p>\n<p>Durante o ato no Cine Teatro F\u00eanix, os novos profissionais assinaram os seus termos de posse e exerc\u00edcio do cargo. Eles tamb\u00e9m receberam os uniformes (jalecos) que dever\u00e3o utilizar no desenvolvimento das suas atividades junto aos centros infantis e escolas.<\/p>\n<div class = 'socialMediaOnEveryPost'>Compartilhe<div id=\"sgmbShare1-1\" class=\"sgmbShare jssocials-theme-classic sgmbWidget1-1\"><\/div><div class=\"dropdownWrapper dropdownWrapper1 dropdownWrapper-for-widget \" id=\"dropdownWrapper-for-widget\">\r\n\t\t\t\t\t\t<div class=\"dropdownLabel\" id=\"dropdownLabel-share-list\"><span class=\"sgmbButtonListLabel1\">Share List<\/span><\/div>\r\n\t\t\t\t\t\t<div class=\"dropdownPanel dropdownPanel1-1\">\r\n\t\t\t\t\t\t<\/div>\r\n\t\t\t\t\t<\/div><script>  SGMB_URL = \"http:\/\/www.apucarana.pr.gov.br\/ame\/wp-content\/plugins\/social-media-builder\/\"; jQuery(\".dropdownWrapper\").hide(); SGMB_GOOGLE_ACOUNT = \"\"; <\/script><script type=\"text\/javascript\">\r\n\t\tjQuery(document).ready(function($){var widget = new SGMBWidget();widget.show({\"id\":\"1\",\"title\":\"Face\\\/Twitter\",\"options\":{\"currentUrl\":\"1\",\"url\":\"\",\"shareText\":\"\",\"fontSize\":\"14\",\"betweenButtons\":\"1px\",\"theme\":\"classic\",\"sgmbButtonsPosition\":\"bottomLeft\",\"socialTheme\":\"\",\"icon\":\"default\",\"buttonsPanelEffect\":\"No Effect\",\"buttonsEffect\":\"No Effect\",\"iconsEffect\":\"No Effect\",\"buttons\":\"{\\\"facebook\\\":{\\\"label\\\":\\\"Share\\\",\\\"icon\\\":\\\"default-facebook\\\"},\\\"twitter\\\":{\\\"label\\\":\\\"Tweet\\\",\\\"icon\\\":\\\"default-twitter\\\",\\\"via\\\":\\\"\\\",\\\"hashtags\\\":\\\"\\\"}}\",\"roundButton\":\"\",\"showLabels\":\"\",\"showCounts\":\"\",\"showCenter\":\"\",\"showButtonsAsList\":\"\",\"sgmbDropdownColor\":\"\",\"sgmbDropdownLabelFontSize\":\"14\",\"sgmbDropdownLabelColor\":\"\",\"showButtonsOnEveryPost\":\"on\",\"selectedOrExcluded\":\"\",\"showButtonsOnEveryPage\":\"\",\"textOnEveryPost\":\"Compartilhe\",\"showButtonsOnCustomPost\":\"\",\"textOnCustomPost\":\"\",\"showButtonsOnMobileDirect\":\"on\",\"showButtonsOnDesktopDirect\":\"on\",\"sgmbSelectedPages\":[\"\"],\"sgmbExcludedPosts\":[\"\"],\"sgmbSelectedCustomPosts\":[],\"showButtonsInPopup\":\"\",\"titleOfPopup\":\"\",\"descriptionOfPopup\":\"\",\"showPopupOnLoad\":\"\",\"showPopupOnScroll\":\"\",\"showPopupOnExit\":\"\",\"openSecondsOfPopup\":\"\",\"googleAnaliticsAccount\":\"\"},\"buttonOptions\":{\"facebook\":{\"label\":\"Share\",\"icon\":\"default-facebook\"},\"twitter\":{\"label\":\"Tweet\",\"icon\":\"default-twitter\",\"via\":\"\",\"hashtags\":\"\"}},\"button\":[\"facebook\",\"twitter\"]}, 1, '', 'http:\/\/www.apucarana.pr.gov.br\/ame\/wp-content\/uploads\/2022\/03\/IMG_8093-scaled.jpg', '', 'http:\/\/www.apucarana.pr.gov.br\/ame\/apucarana-contrata-137-professores-e-servidores-para-a-rede-municipal-de-educacao\/'); });<\/script><\/div><script> jQuery(\".socialMediaOnEveryPost\").addClass(\"sgmb-left\") <\/script>","protected":false},"excerpt":{"rendered":"<p>Os novos profissionais foram recepcionados, no final da tarde de hoje (15\/3), no Cine Teatro F\u00eanix, pelo prefeito Junior da Femac e a secret\u00e1ria Marli Fernandes<\/p>\n","protected":false},"author":10,"featured_media":10336,"comment_status":"closed","ping_status":"open","sticky":false,"template":"","format":"standard","meta":[],"categories":[9],"tags":[],"_links":{"self":[{"href":"http:\/\/www.apucarana.pr.gov.br\/ame\/wp-json\/wp\/v2\/posts\/10331"}],"collection":[{"href":"http:\/\/www.apucarana.pr.gov.br\/ame\/wp-json\/wp\/v2\/posts"}],"about":[{"href":"http:\/\/www.apucarana.pr.gov.br\/ame\/wp-json\/wp\/v2\/types\/post"}],"author":[{"embeddable":true,"href":"http:\/\/www.apucarana.pr.gov.br\/ame\/wp-json\/wp\/v2\/users\/10"}],"replies":[{"embeddable":true,"href":"http:\/\/www.apucarana.pr.gov.br\/ame\/wp-json\/wp\/v2\/comments?post=10331"}],"version-history":[{"count":1,"href":"http:\/\/www.apucarana.pr.gov.br\/ame\/wp-json\/wp\/v2\/posts\/10331\/revisions"}],"predecessor-version":[{"id":10339,"href":"http:\/\/www.apucarana.pr.gov.br\/ame\/wp-json\/wp\/v2\/posts\/10331\/revisions\/10339"}],"wp:featuredmedia":[{"embeddable":true,"href":"http:\/\/www.apucarana.pr.gov.br\/ame\/wp-json\/wp\/v2\/media\/10336"}],"wp:attachment":[{"href":"http:\/\/www.apucarana.pr.gov.br\/ame\/wp-json\/wp\/v2\/media?parent=10331"}],"wp:term":[{"taxonomy":"category","embeddable":true,"href":"http:\/\/www.apucarana.pr.gov.br\/ame\/wp-json\/wp\/v2\/categories?post=10331"},{"taxonomy":"post_tag","embeddable":true,"href":"http:\/\/www.apucarana.pr.gov.br\/ame\/wp-json\/wp\/v2\/tags?post=10331"}],"curies":[{"name":"wp","href":"https:\/\/api.w.org\/{rel}","templated":true}]}}