{"id":10327,"date":"2022-03-15T16:17:20","date_gmt":"2022-03-15T19:17:20","guid":{"rendered":"http:\/\/www.apucarana.pr.gov.br\/ame\/?p=10327"},"modified":"2024-10-08T09:09:46","modified_gmt":"2024-10-08T12:09:46","slug":"escola-do-dom-romeu-tera-r-3-milhoes-em-obras","status":"publish","type":"post","link":"http:\/\/www.apucarana.pr.gov.br\/ame\/escola-do-dom-romeu-tera-r-3-milhoes-em-obras\/","title":{"rendered":"Escola do \u201cDom Romeu\u201d ter\u00e1 R$ 3 milh\u00f5es em obras"},"content":{"rendered":"<p>O prefeito J\u00fanior da Femac autorizou, nesta ter\u00e7a-feira (15\/03), o in\u00edcio do processo licitat\u00f3rio visando \u00e0 contrata\u00e7\u00e3o de empresa especializada em obras de constru\u00e7\u00e3o civil para interven\u00e7\u00f5es de reforma e amplia\u00e7\u00e3o da Escola Municipal Juiz Luiz Fernando Ara\u00fajo Pereira, localizada no N\u00facleo Habitacional Dom Romeu Alberti. A Autarquia Municipal de Educa\u00e7\u00e3o (AME) deve investir R$ 3 milh\u00f5es, com recursos pr\u00f3prios, na reforma de 1.934,01 metros quadrados e amplia\u00e7\u00e3o de outros 585,40 metros quadrados.<\/p>\n<p>Ao liberar a licita\u00e7\u00e3o, o prefeito lembrou que nos \u00faltimos anos a regi\u00e3o recebeu novos empreendimentos habitacionais e industriais, tornando a obra ainda mais necess\u00e1ria. \u201cEssas melhorias s\u00e3o reivindica\u00e7\u00e3o antiga da comunidade e ser\u00e3o custeadas com recursos do pr\u00f3prio munic\u00edpio. Sabemos do anseio de toda comunidade escolar por este investimento que, al\u00e9m de modernizar toda a estrutura existente, ir\u00e1 proporcionar maior conforto aos alunos e servidores municipais que atuam na institui\u00e7\u00e3o, al\u00e9m de ampliar o pr\u00e9dio possibilitando o aumento da capacidade de estudantes\u201d, destacou J\u00fanior da Femac.<\/p>\n<p>Elaborado pela Superintend\u00eancia de Engenharia e Obras da AME, o projeto prev\u00ea que a empresa vencedora da licita\u00e7\u00e3o execute a constru\u00e7\u00e3o de um novo bloco, com cozinha e refeit\u00f3rio amplos, dep\u00f3sito de merenda escolar, dep\u00f3sito de materiais de limpeza, lavanderia e duas varandas cobertas para o recebimento de mercadorias e circula\u00e7\u00e3o de pessoas. \u201cO setor administrativo ganhar\u00e1 novos sanit\u00e1rios, almoxarifado e uma sala maior para professores. Um novo p\u00e1tio coberto ainda ser\u00e1 edificado e o acesso \u00e0 quadra esportiva melhorado com a execu\u00e7\u00e3o de rampas\u201d, relata a arquiteta Andressa Aires de Proen\u00e7a, superintendente da AME.<\/p>\n<p>A secret\u00e1ria de Educa\u00e7\u00e3o, professora Marli Fernandes, lembra que a administra\u00e7\u00e3o municipal precisou comprar terrenos ao lado da escola para a realiza\u00e7\u00e3o da obra. \u201cDez lotes foram adquiridos ao custo de R$ 1,1 milh\u00e3o, ainda na gest\u00e3o do ex-prefeito Beto Preto. Al\u00e9m da reforma e amplia\u00e7\u00e3o autorizada hoje, uma quadra esportiva foi constru\u00edda no local no ano passado. Como permanecem nove horas di\u00e1rias na institui\u00e7\u00e3o, os alunos precisam de espa\u00e7os adequados para estudar, brincar, fazer as refei\u00e7\u00f5es e praticar atividades f\u00edsicas\u201d, pontua a secret\u00e1ria. O investimento no equipamento esportivo, lembra professora Marli, foi na ordem de R$ 405.638,43. \u201cA quadra poliesportiva coberta, com \u00e1rea de 498,91 metros quadrados, conta com ilumina\u00e7\u00e3o, vesti\u00e1rio, arquibancada coberta e fechamento em alambrado\u201d, detalha.<\/p>\n<p>Uma das maiores unidades da rede municipal de Apucarana, a Escola Juiz Luiz Fernando Ara\u00fajo Pereira possui 565 alunos matriculados no momento, em turmas da Educa\u00e7\u00e3o Infantil e dos anos iniciais do Ensino Fundamental. Com o in\u00edcio dos tr\u00e2mites licitat\u00f3rios, a empresa vencedora e a ordem de servi\u00e7o para in\u00edcio dos trabalhos, segundo projeta a administra\u00e7\u00e3o municipal, deve ser assinada dentro de 90 dias.<\/p>\n<p>O prefeito J\u00fanior da Femac diz que, assim como a reforma e amplia\u00e7\u00e3o da escola autorizada agora, a constru\u00e7\u00e3o da quadra poliesportiva tamb\u00e9m era uma reivindica\u00e7\u00e3o antiga da comunidade. \u201cInvestimentos feitos com recursos do cidad\u00e3o, dinheiro economizado e aplicado com probidade dentro de um planejamento que vem coroando a Educa\u00e7\u00e3o de Apucarana como a melhor do Brasil\u201d, enaltece o prefeito.<\/p>\n<div class = 'socialMediaOnEveryPost'>Compartilhe<div id=\"sgmbShare1-1\" class=\"sgmbShare jssocials-theme-classic sgmbWidget1-1\"><\/div><div class=\"dropdownWrapper dropdownWrapper1 dropdownWrapper-for-widget \" id=\"dropdownWrapper-for-widget\">\r\n\t\t\t\t\t\t<div class=\"dropdownLabel\" id=\"dropdownLabel-share-list\"><span class=\"sgmbButtonListLabel1\">Share List<\/span><\/div>\r\n\t\t\t\t\t\t<div class=\"dropdownPanel dropdownPanel1-1\">\r\n\t\t\t\t\t\t<\/div>\r\n\t\t\t\t\t<\/div><script>  SGMB_URL = \"http:\/\/www.apucarana.pr.gov.br\/ame\/wp-content\/plugins\/social-media-builder\/\"; jQuery(\".dropdownWrapper\").hide(); SGMB_GOOGLE_ACOUNT = \"\"; <\/script><script type=\"text\/javascript\">\r\n\t\tjQuery(document).ready(function($){var widget = new SGMBWidget();widget.show({\"id\":\"1\",\"title\":\"Face\\\/Twitter\",\"options\":{\"currentUrl\":\"1\",\"url\":\"\",\"shareText\":\"\",\"fontSize\":\"14\",\"betweenButtons\":\"1px\",\"theme\":\"classic\",\"sgmbButtonsPosition\":\"bottomLeft\",\"socialTheme\":\"\",\"icon\":\"default\",\"buttonsPanelEffect\":\"No Effect\",\"buttonsEffect\":\"No Effect\",\"iconsEffect\":\"No Effect\",\"buttons\":\"{\\\"facebook\\\":{\\\"label\\\":\\\"Share\\\",\\\"icon\\\":\\\"default-facebook\\\"},\\\"twitter\\\":{\\\"label\\\":\\\"Tweet\\\",\\\"icon\\\":\\\"default-twitter\\\",\\\"via\\\":\\\"\\\",\\\"hashtags\\\":\\\"\\\"}}\",\"roundButton\":\"\",\"showLabels\":\"\",\"showCounts\":\"\",\"showCenter\":\"\",\"showButtonsAsList\":\"\",\"sgmbDropdownColor\":\"\",\"sgmbDropdownLabelFontSize\":\"14\",\"sgmbDropdownLabelColor\":\"\",\"showButtonsOnEveryPost\":\"on\",\"selectedOrExcluded\":\"\",\"showButtonsOnEveryPage\":\"\",\"textOnEveryPost\":\"Compartilhe\",\"showButtonsOnCustomPost\":\"\",\"textOnCustomPost\":\"\",\"showButtonsOnMobileDirect\":\"on\",\"showButtonsOnDesktopDirect\":\"on\",\"sgmbSelectedPages\":[\"\"],\"sgmbExcludedPosts\":[\"\"],\"sgmbSelectedCustomPosts\":[],\"showButtonsInPopup\":\"\",\"titleOfPopup\":\"\",\"descriptionOfPopup\":\"\",\"showPopupOnLoad\":\"\",\"showPopupOnScroll\":\"\",\"showPopupOnExit\":\"\",\"openSecondsOfPopup\":\"\",\"googleAnaliticsAccount\":\"\"},\"buttonOptions\":{\"facebook\":{\"label\":\"Share\",\"icon\":\"default-facebook\"},\"twitter\":{\"label\":\"Tweet\",\"icon\":\"default-twitter\",\"via\":\"\",\"hashtags\":\"\"}},\"button\":[\"facebook\",\"twitter\"]}, 1, '', 'http:\/\/www.apucarana.pr.gov.br\/ame\/wp-content\/uploads\/2022\/03\/IMG_3720-1024x683-1.jpg', '', 'http:\/\/www.apucarana.pr.gov.br\/ame\/escola-do-dom-romeu-tera-r-3-milhoes-em-obras\/'); });<\/script><\/div><script> jQuery(\".socialMediaOnEveryPost\").addClass(\"sgmb-left\") <\/script>","protected":false},"excerpt":{"rendered":"<p>O prefeito Junior da Femac autorizou hoje (15\/3) a abertura de processo licitat\u00f3rio visando \u00e0 contrata\u00e7\u00e3o de empresa especializada para interven\u00e7\u00f5es de reforma e amplia\u00e7\u00e3o da Escola Municipal Juiz Luiz Fernando de Ara\u00fajo Pereira<\/p>\n","protected":false},"author":10,"featured_media":10328,"comment_status":"closed","ping_status":"open","sticky":false,"template":"","format":"standard","meta":[],"categories":[9],"tags":[],"_links":{"self":[{"href":"http:\/\/www.apucarana.pr.gov.br\/ame\/wp-json\/wp\/v2\/posts\/10327"}],"collection":[{"href":"http:\/\/www.apucarana.pr.gov.br\/ame\/wp-json\/wp\/v2\/posts"}],"about":[{"href":"http:\/\/www.apucarana.pr.gov.br\/ame\/wp-json\/wp\/v2\/types\/post"}],"author":[{"embeddable":true,"href":"http:\/\/www.apucarana.pr.gov.br\/ame\/wp-json\/wp\/v2\/users\/10"}],"replies":[{"embeddable":true,"href":"http:\/\/www.apucarana.pr.gov.br\/ame\/wp-json\/wp\/v2\/comments?post=10327"}],"version-history":[{"count":1,"href":"http:\/\/www.apucarana.pr.gov.br\/ame\/wp-json\/wp\/v2\/posts\/10327\/revisions"}],"predecessor-version":[{"id":10329,"href":"http:\/\/www.apucarana.pr.gov.br\/ame\/wp-json\/wp\/v2\/posts\/10327\/revisions\/10329"}],"wp:featuredmedia":[{"embeddable":true,"href":"http:\/\/www.apucarana.pr.gov.br\/ame\/wp-json\/wp\/v2\/media\/10328"}],"wp:attachment":[{"href":"http:\/\/www.apucarana.pr.gov.br\/ame\/wp-json\/wp\/v2\/media?parent=10327"}],"wp:term":[{"taxonomy":"category","embeddable":true,"href":"http:\/\/www.apucarana.pr.gov.br\/ame\/wp-json\/wp\/v2\/categories?post=10327"},{"taxonomy":"post_tag","embeddable":true,"href":"http:\/\/www.apucarana.pr.gov.br\/ame\/wp-json\/wp\/v2\/tags?post=10327"}],"curies":[{"name":"wp","href":"https:\/\/api.w.org\/{rel}","templated":true}]}}