{"id":10319,"date":"2022-03-11T13:25:23","date_gmt":"2022-03-11T16:25:23","guid":{"rendered":"http:\/\/www.apucarana.pr.gov.br\/ame\/?p=10319"},"modified":"2024-10-08T09:09:46","modified_gmt":"2024-10-08T12:09:46","slug":"sistema-de-ensino-maxi-e-apresentado-aos-pais-dos-alunos-da-rede-municipal-de-apucarana","status":"publish","type":"post","link":"http:\/\/www.apucarana.pr.gov.br\/ame\/sistema-de-ensino-maxi-e-apresentado-aos-pais-dos-alunos-da-rede-municipal-de-apucarana\/","title":{"rendered":"Sistema de ensino Maxi \u00e9 apresentado aos pais dos alunos da rede municipal de Apucarana"},"content":{"rendered":"<p>O prefeito Junior da Femac e a secret\u00e1ria Marli Fernandes apresentaram, na tarde de ontem (10\/3), aos pais e respons\u00e1veis por alunos, o novo sistema integrado de ensino Maxi que est\u00e1 sendo adotado na rede municipal de Apucarana. O evento reuniu membros dos conselhos escolares e das associa\u00e7\u00f5es de pais, mestres e funcion\u00e1rios (APMFs) de 35 unidades educacionais no Cine Teatro F\u00eanix. A apresenta\u00e7\u00e3o tamb\u00e9m foi transmitida ao vivo pela internet (https:\/\/youtu.be\/m9dYLvGfc3c).<\/p>\n<p>A Autarquia Municipal de Educa\u00e7\u00e3o investiu aproximadamente R$ 4 milh\u00f5es na aquisi\u00e7\u00e3o do sistema integrado de ensino Maxi. O material, que ser\u00e1 utilizado por todas as turmas do Infantil 4 (Pr\u00e9 I) ao 5\u00ba ano do Ensino Fundamental, \u00e9 composto por livro do aluno, livro do professor, agenda, plataforma digital, assessoria pedag\u00f3gica e digital, simulados e avalia\u00e7\u00f5es.<\/p>\n<p>\u201cDesde 2014, n\u00f3s estamos trabalhando na constru\u00e7\u00e3o e implanta\u00e7\u00e3o de um curr\u00edculo \u00fanico na rede municipal, em conson\u00e2ncia com a Base Nacional Comum Curricular (BNCC) e o Referencial Curricular do Paran\u00e1. A ado\u00e7\u00e3o do sistema Maxi, neste momento, pretende melhorar ainda mais a integra\u00e7\u00e3o da proposta pedag\u00f3gica, garantindo a oferta de educa\u00e7\u00e3o equitativa e de qualidade \u00e0s crian\u00e7as de Apucarana,\u201d afirmou a secret\u00e1ria Marli Fernandes.<\/p>\n<p>O prefeito Junior da Femac destacou que o sistema integrado de ensino Maxi \u00e9 considerado refer\u00eancia no Brasil. \u201cEsse sistema traz uma proposta educacional com base na Pedagogia Afetiva, que visa \u00e0 forma\u00e7\u00e3o integral de uma gera\u00e7\u00e3o de cidad\u00e3os racionais e emocionalmente preparados, capazes de compreender a multiplicidade do mundo,\u201d disse.<\/p>\n<p>A assessora pedag\u00f3gica do grupo Somos Educa\u00e7\u00e3o, Maryana Schneider, esclareceu as d\u00favidas dos pais dos alunos sobre o sistema integrado de ensino Maxi. Durante o evento, o p\u00fablico ainda p\u00f4de assistir a uma apresenta\u00e7\u00e3o de dan\u00e7a, protagonizada pelos alunos do 5\u00ba ano da Escola Municipal Jos\u00e9 Id\u00e9sio Brianezi.<\/p>\n<p>\u201cEu acredito que todos os pais est\u00e3o muito felizes com a implanta\u00e7\u00e3o do sistema Maxi nas escolas. O material \u00e9 \u00f3timo! Durante a pandemia, os alunos ficaram em casa. Por mais que as fam\u00edlias se esfor\u00e7assem em ajud\u00e1-los nos estudos, o aprendizado n\u00e3o ocorreu como teria sido nas aulas presenciais. Ent\u00e3o, eu acho que esse sistema veio na hora certa e vai ajudar nossos filhos a recuperarem o conte\u00fado. A educa\u00e7\u00e3o apucaranense j\u00e1 estava boa, mas vai ficar ainda melhor a partir de agora,\u201d declarou Eunice Palma Lopes, que \u00e9 m\u00e3e de uma crian\u00e7a do 5\u00ba ano e av\u00f3 de outra matriculada no 1\u00ba ano da Escola Municipal Professor Durval Pinto.<\/p>\n<p>Cerca de 800 professores, das 35 escolas que comp\u00f5em a rede municipal de Apucarana, v\u00eam passando por forma\u00e7\u00e3o continuada para a utiliza\u00e7\u00e3o do sistema integrado de ensino Maxi desde o m\u00eas passado.<\/p>\n<div class = 'socialMediaOnEveryPost'>Compartilhe<div id=\"sgmbShare1-1\" class=\"sgmbShare jssocials-theme-classic sgmbWidget1-1\"><\/div><div class=\"dropdownWrapper dropdownWrapper1 dropdownWrapper-for-widget \" id=\"dropdownWrapper-for-widget\">\r\n\t\t\t\t\t\t<div class=\"dropdownLabel\" id=\"dropdownLabel-share-list\"><span class=\"sgmbButtonListLabel1\">Share List<\/span><\/div>\r\n\t\t\t\t\t\t<div class=\"dropdownPanel dropdownPanel1-1\">\r\n\t\t\t\t\t\t<\/div>\r\n\t\t\t\t\t<\/div><script>  SGMB_URL = \"http:\/\/www.apucarana.pr.gov.br\/ame\/wp-content\/plugins\/social-media-builder\/\"; jQuery(\".dropdownWrapper\").hide(); SGMB_GOOGLE_ACOUNT = \"\"; <\/script><script type=\"text\/javascript\">\r\n\t\tjQuery(document).ready(function($){var widget = new SGMBWidget();widget.show({\"id\":\"1\",\"title\":\"Face\\\/Twitter\",\"options\":{\"currentUrl\":\"1\",\"url\":\"\",\"shareText\":\"\",\"fontSize\":\"14\",\"betweenButtons\":\"1px\",\"theme\":\"classic\",\"sgmbButtonsPosition\":\"bottomLeft\",\"socialTheme\":\"\",\"icon\":\"default\",\"buttonsPanelEffect\":\"No Effect\",\"buttonsEffect\":\"No Effect\",\"iconsEffect\":\"No Effect\",\"buttons\":\"{\\\"facebook\\\":{\\\"label\\\":\\\"Share\\\",\\\"icon\\\":\\\"default-facebook\\\"},\\\"twitter\\\":{\\\"label\\\":\\\"Tweet\\\",\\\"icon\\\":\\\"default-twitter\\\",\\\"via\\\":\\\"\\\",\\\"hashtags\\\":\\\"\\\"}}\",\"roundButton\":\"\",\"showLabels\":\"\",\"showCounts\":\"\",\"showCenter\":\"\",\"showButtonsAsList\":\"\",\"sgmbDropdownColor\":\"\",\"sgmbDropdownLabelFontSize\":\"14\",\"sgmbDropdownLabelColor\":\"\",\"showButtonsOnEveryPost\":\"on\",\"selectedOrExcluded\":\"\",\"showButtonsOnEveryPage\":\"\",\"textOnEveryPost\":\"Compartilhe\",\"showButtonsOnCustomPost\":\"\",\"textOnCustomPost\":\"\",\"showButtonsOnMobileDirect\":\"on\",\"showButtonsOnDesktopDirect\":\"on\",\"sgmbSelectedPages\":[\"\"],\"sgmbExcludedPosts\":[\"\"],\"sgmbSelectedCustomPosts\":[],\"showButtonsInPopup\":\"\",\"titleOfPopup\":\"\",\"descriptionOfPopup\":\"\",\"showPopupOnLoad\":\"\",\"showPopupOnScroll\":\"\",\"showPopupOnExit\":\"\",\"openSecondsOfPopup\":\"\",\"googleAnaliticsAccount\":\"\"},\"buttonOptions\":{\"facebook\":{\"label\":\"Share\",\"icon\":\"default-facebook\"},\"twitter\":{\"label\":\"Tweet\",\"icon\":\"default-twitter\",\"via\":\"\",\"hashtags\":\"\"}},\"button\":[\"facebook\",\"twitter\"]}, 1, '', 'http:\/\/www.apucarana.pr.gov.br\/ame\/wp-content\/uploads\/2022\/03\/MAX-9-scaled.jpg', '', 'http:\/\/www.apucarana.pr.gov.br\/ame\/sistema-de-ensino-maxi-e-apresentado-aos-pais-dos-alunos-da-rede-municipal-de-apucarana\/'); });<\/script><\/div><script> jQuery(\".socialMediaOnEveryPost\").addClass(\"sgmb-left\") <\/script>","protected":false},"excerpt":{"rendered":"<p>A Autarquia de Educa\u00e7\u00e3o investiu aproximadamente R$ 4 milh\u00f5es na aquisi\u00e7\u00e3o do material, que ser\u00e1 utilizado por professores e estudantes das turmas de Infantil 4 (Pr\u00e9 I) ao 5\u00ba ano do Ensino Fundamental<\/p>\n","protected":false},"author":10,"featured_media":10322,"comment_status":"closed","ping_status":"open","sticky":false,"template":"","format":"standard","meta":[],"categories":[9],"tags":[],"_links":{"self":[{"href":"http:\/\/www.apucarana.pr.gov.br\/ame\/wp-json\/wp\/v2\/posts\/10319"}],"collection":[{"href":"http:\/\/www.apucarana.pr.gov.br\/ame\/wp-json\/wp\/v2\/posts"}],"about":[{"href":"http:\/\/www.apucarana.pr.gov.br\/ame\/wp-json\/wp\/v2\/types\/post"}],"author":[{"embeddable":true,"href":"http:\/\/www.apucarana.pr.gov.br\/ame\/wp-json\/wp\/v2\/users\/10"}],"replies":[{"embeddable":true,"href":"http:\/\/www.apucarana.pr.gov.br\/ame\/wp-json\/wp\/v2\/comments?post=10319"}],"version-history":[{"count":1,"href":"http:\/\/www.apucarana.pr.gov.br\/ame\/wp-json\/wp\/v2\/posts\/10319\/revisions"}],"predecessor-version":[{"id":10326,"href":"http:\/\/www.apucarana.pr.gov.br\/ame\/wp-json\/wp\/v2\/posts\/10319\/revisions\/10326"}],"wp:featuredmedia":[{"embeddable":true,"href":"http:\/\/www.apucarana.pr.gov.br\/ame\/wp-json\/wp\/v2\/media\/10322"}],"wp:attachment":[{"href":"http:\/\/www.apucarana.pr.gov.br\/ame\/wp-json\/wp\/v2\/media?parent=10319"}],"wp:term":[{"taxonomy":"category","embeddable":true,"href":"http:\/\/www.apucarana.pr.gov.br\/ame\/wp-json\/wp\/v2\/categories?post=10319"},{"taxonomy":"post_tag","embeddable":true,"href":"http:\/\/www.apucarana.pr.gov.br\/ame\/wp-json\/wp\/v2\/tags?post=10319"}],"curies":[{"name":"wp","href":"https:\/\/api.w.org\/{rel}","templated":true}]}}