{"id":10303,"date":"2022-03-09T13:48:44","date_gmt":"2022-03-09T16:48:44","guid":{"rendered":"http:\/\/www.apucarana.pr.gov.br\/ame\/?p=10303"},"modified":"2024-10-08T09:09:46","modified_gmt":"2024-10-08T12:09:46","slug":"apucarana-presta-homenagem-as-professoras-e-servidoras-da-rede-municipal-de-educacao","status":"publish","type":"post","link":"http:\/\/www.apucarana.pr.gov.br\/ame\/apucarana-presta-homenagem-as-professoras-e-servidoras-da-rede-municipal-de-educacao\/","title":{"rendered":"Apucarana presta homenagem \u00e0s professoras e servidoras da rede municipal de educa\u00e7\u00e3o"},"content":{"rendered":"<p>As mulheres s\u00e3o a for\u00e7a motriz da educa\u00e7\u00e3o. Elas representam aproximadamente 90% de todos os profissionais que atuam na rede municipal de Apucarana. S\u00e3o nutricionistas, arquitetas, psic\u00f3logas, pedagogas, diretoras, coordenadoras, professoras, secret\u00e1rias, merendeiras e zeladoras que se dedicam diariamente \u00e0 forma\u00e7\u00e3o e ao bem-estar de mais de doze mil alunos.<\/p>\n<p>Para homenage\u00e1-las, por ocasi\u00e3o do Dia Internacional da Mulher, a Autarquia de Educa\u00e7\u00e3o promove anualmente a Noite da Mulher Educadora. A oitava edi\u00e7\u00e3o do evento foi realizada ontem (8\/3) no Cine Teatro F\u00eanix.<\/p>\n<p>Segundo a secret\u00e1ria Marli Fernandes, 58 mulheres receberam trof\u00e9us em reconhecimento pelo trabalho prestado junto aos 23 CMEIs e 35 Escolas. \u201cN\u00f3s gostar\u00edamos de premiar todas as servidoras da rede nesta noite, pois elas s\u00e3o igualmente merecedoras. Mas isso \u00e9 invi\u00e1vel porque s\u00e3o mais de 1.400 mulheres. Ent\u00e3o, pedimos que cada institui\u00e7\u00e3o de ensino elegesse uma das suas profissionais para vir aqui hoje receber o trof\u00e9u em nome das demais. \u00c9 a maneira singela que encontramos de agradec\u00ea-las pelo comprometimento que elas mant\u00eam com a educa\u00e7\u00e3o,\u201d disse.<\/p>\n<p>No final do ano passado, um estudo desenvolvido pelo Grupo Bandeirantes de Comunica\u00e7\u00e3o e o Instituto \u00c1quila apontou que Apucarana \u00e9 o munic\u00edpio brasileiro que oferece a melhor educa\u00e7\u00e3o b\u00e1sica \u00e0s suas crian\u00e7as. \u201cUm gestor n\u00e3o faz nada sozinho. A conquista desse pr\u00eamio s\u00f3 foi poss\u00edvel porque temos um time de profissionais de primeira qualidade nos nossos CMEIs e Escolas. S\u00e3o mulheres na grande maioria. Parab\u00e9ns a todas!\u201d congratulou o prefeito Junior da Femac.<\/p>\n<p>Al\u00e9m das representantes dos CMEIs e Escolas Municipais, foram contempladas com trof\u00e9us a assessora de chefia do N\u00facleo Regional de Educa\u00e7\u00e3o (NRE), Patr\u00edcia Marchi, e a \u00fanica mulher entre os vereadores da C\u00e2mara Municipal de Apucarana, Jossuela Pinheiro. \u201cMuito obrigada pela homenagem. Aproveito a oportunidade para incentivar as mulheres a participarem mais da pol\u00edtica, porque esse \u00e9 o principal instrumento que temos para construir uma sociedade mais justa e humana,\u201d afirmou a vereadora.<\/p>\n<p>O Dia Internacional da Mulher (8\/3) foi institu\u00eddo pela Organiza\u00e7\u00e3o das Na\u00e7\u00f5es Unidas (ONU) em 1975. A data \u00e9 um marco na luta das mulheres pela afirma\u00e7\u00e3o de sua dignidade e contra todas as formas de viol\u00eancia e discrimina\u00e7\u00e3o.<\/p>\n<p>Participaram tamb\u00e9m da 8\u00aa Noite da Mulher Educadora, a secret\u00e1ria municipal da Mulher e Assuntos da Fam\u00edlia, Denise Canesin; a secret\u00e1ria municipal de Obras, \u00c2ngela Stoian Penharbel; a secret\u00e1ria municipal da Fazenda, Sueli Aparecida de Freitas Pereira; a coordenadora do polo apucaranense da Universidade Aberta do Brasil (UAB), Sueli Gomes R\u00eais Gon\u00e7alves; a diretora da Secretaria Municipal da Promo\u00e7\u00e3o Art\u00edstica, Cultural e Tur\u00edstica, Sueli de Oliveira Souza Pinheiro; e o chefe da 15\u00aa Circunscri\u00e7\u00e3o Regional de Tr\u00e2nsito (Ciretran), Fernando Garcia Algarte.<\/p>\n<div class = 'socialMediaOnEveryPost'>Compartilhe<div id=\"sgmbShare1-1\" class=\"sgmbShare jssocials-theme-classic sgmbWidget1-1\"><\/div><div class=\"dropdownWrapper dropdownWrapper1 dropdownWrapper-for-widget \" id=\"dropdownWrapper-for-widget\">\r\n\t\t\t\t\t\t<div class=\"dropdownLabel\" id=\"dropdownLabel-share-list\"><span class=\"sgmbButtonListLabel1\">Share List<\/span><\/div>\r\n\t\t\t\t\t\t<div class=\"dropdownPanel dropdownPanel1-1\">\r\n\t\t\t\t\t\t<\/div>\r\n\t\t\t\t\t<\/div><script>  SGMB_URL = \"http:\/\/www.apucarana.pr.gov.br\/ame\/wp-content\/plugins\/social-media-builder\/\"; jQuery(\".dropdownWrapper\").hide(); SGMB_GOOGLE_ACOUNT = \"\"; <\/script><script type=\"text\/javascript\">\r\n\t\tjQuery(document).ready(function($){var widget = new SGMBWidget();widget.show({\"id\":\"1\",\"title\":\"Face\\\/Twitter\",\"options\":{\"currentUrl\":\"1\",\"url\":\"\",\"shareText\":\"\",\"fontSize\":\"14\",\"betweenButtons\":\"1px\",\"theme\":\"classic\",\"sgmbButtonsPosition\":\"bottomLeft\",\"socialTheme\":\"\",\"icon\":\"default\",\"buttonsPanelEffect\":\"No Effect\",\"buttonsEffect\":\"No Effect\",\"iconsEffect\":\"No Effect\",\"buttons\":\"{\\\"facebook\\\":{\\\"label\\\":\\\"Share\\\",\\\"icon\\\":\\\"default-facebook\\\"},\\\"twitter\\\":{\\\"label\\\":\\\"Tweet\\\",\\\"icon\\\":\\\"default-twitter\\\",\\\"via\\\":\\\"\\\",\\\"hashtags\\\":\\\"\\\"}}\",\"roundButton\":\"\",\"showLabels\":\"\",\"showCounts\":\"\",\"showCenter\":\"\",\"showButtonsAsList\":\"\",\"sgmbDropdownColor\":\"\",\"sgmbDropdownLabelFontSize\":\"14\",\"sgmbDropdownLabelColor\":\"\",\"showButtonsOnEveryPost\":\"on\",\"selectedOrExcluded\":\"\",\"showButtonsOnEveryPage\":\"\",\"textOnEveryPost\":\"Compartilhe\",\"showButtonsOnCustomPost\":\"\",\"textOnCustomPost\":\"\",\"showButtonsOnMobileDirect\":\"on\",\"showButtonsOnDesktopDirect\":\"on\",\"sgmbSelectedPages\":[\"\"],\"sgmbExcludedPosts\":[\"\"],\"sgmbSelectedCustomPosts\":[],\"showButtonsInPopup\":\"\",\"titleOfPopup\":\"\",\"descriptionOfPopup\":\"\",\"showPopupOnLoad\":\"\",\"showPopupOnScroll\":\"\",\"showPopupOnExit\":\"\",\"openSecondsOfPopup\":\"\",\"googleAnaliticsAccount\":\"\"},\"buttonOptions\":{\"facebook\":{\"label\":\"Share\",\"icon\":\"default-facebook\"},\"twitter\":{\"label\":\"Tweet\",\"icon\":\"default-twitter\",\"via\":\"\",\"hashtags\":\"\"}},\"button\":[\"facebook\",\"twitter\"]}, 1, '', 'http:\/\/www.apucarana.pr.gov.br\/ame\/wp-content\/uploads\/2022\/03\/MULHERES-EDUCADORAS-126-scaled.jpg', '', 'http:\/\/www.apucarana.pr.gov.br\/ame\/apucarana-presta-homenagem-as-professoras-e-servidoras-da-rede-municipal-de-educacao\/'); });<\/script><\/div><script> jQuery(\".socialMediaOnEveryPost\").addClass(\"sgmb-left\") <\/script>","protected":false},"excerpt":{"rendered":"<p>A 8\u00aa Noite da Mulher Educadora foi realizada ontem (8\/3) no Cine Teatro F\u00eanix<\/p>\n","protected":false},"author":10,"featured_media":10316,"comment_status":"closed","ping_status":"open","sticky":false,"template":"","format":"standard","meta":[],"categories":[9],"tags":[],"_links":{"self":[{"href":"http:\/\/www.apucarana.pr.gov.br\/ame\/wp-json\/wp\/v2\/posts\/10303"}],"collection":[{"href":"http:\/\/www.apucarana.pr.gov.br\/ame\/wp-json\/wp\/v2\/posts"}],"about":[{"href":"http:\/\/www.apucarana.pr.gov.br\/ame\/wp-json\/wp\/v2\/types\/post"}],"author":[{"embeddable":true,"href":"http:\/\/www.apucarana.pr.gov.br\/ame\/wp-json\/wp\/v2\/users\/10"}],"replies":[{"embeddable":true,"href":"http:\/\/www.apucarana.pr.gov.br\/ame\/wp-json\/wp\/v2\/comments?post=10303"}],"version-history":[{"count":1,"href":"http:\/\/www.apucarana.pr.gov.br\/ame\/wp-json\/wp\/v2\/posts\/10303\/revisions"}],"predecessor-version":[{"id":10318,"href":"http:\/\/www.apucarana.pr.gov.br\/ame\/wp-json\/wp\/v2\/posts\/10303\/revisions\/10318"}],"wp:featuredmedia":[{"embeddable":true,"href":"http:\/\/www.apucarana.pr.gov.br\/ame\/wp-json\/wp\/v2\/media\/10316"}],"wp:attachment":[{"href":"http:\/\/www.apucarana.pr.gov.br\/ame\/wp-json\/wp\/v2\/media?parent=10303"}],"wp:term":[{"taxonomy":"category","embeddable":true,"href":"http:\/\/www.apucarana.pr.gov.br\/ame\/wp-json\/wp\/v2\/categories?post=10303"},{"taxonomy":"post_tag","embeddable":true,"href":"http:\/\/www.apucarana.pr.gov.br\/ame\/wp-json\/wp\/v2\/tags?post=10303"}],"curies":[{"name":"wp","href":"https:\/\/api.w.org\/{rel}","templated":true}]}}