{"id":10260,"date":"2022-02-22T17:54:59","date_gmt":"2022-02-22T20:54:59","guid":{"rendered":"http:\/\/www.apucarana.pr.gov.br\/ame\/?p=10260"},"modified":"2024-10-08T09:09:46","modified_gmt":"2024-10-08T12:09:46","slug":"junior-da-femac-encaminha-ao-legislativo-projeto-de-lei-com-novo-piso-do-magisterio","status":"publish","type":"post","link":"http:\/\/www.apucarana.pr.gov.br\/ame\/junior-da-femac-encaminha-ao-legislativo-projeto-de-lei-com-novo-piso-do-magisterio\/","title":{"rendered":"Junior da Femac encaminha ao legislativo projeto de lei com novo piso do magist\u00e9rio"},"content":{"rendered":"<p>O prefeito Junior da Femac encaminhou, nesta ter\u00e7a-feira (22\/2), o projeto de lei n\u00ba 021\/2022, para a C\u00e2mara Municipal de Apucarana. O documento disp\u00f5e sobre o reajuste salarial dos profissionais do magist\u00e9rio p\u00fablico do munic\u00edpio, com o intuito de garantir o pagamento do piso nacional da categoria.<\/p>\n<p>\u201cCumprindo o que foi acordado em reuni\u00e3o realizada no final de janeiro com a diretoria do Sindicato dos Servidores Municipais de Apucarana (Sindispa), o projeto de lei estabelece que o menor valor pago a um profissional do magist\u00e9rio em in\u00edcio de carreira, com jornada semanal de 40 horas, ser\u00e1 de R$ 3.845,63,\u201d afirmou o prefeito.<\/p>\n<p>A secret\u00e1ria de educa\u00e7\u00e3o Marli Fernandes destacou que o novo piso salarial beneficiar\u00e1 aproximadamente 800 professores de 23 centros infantis (CMEIs) e 35 escolas. \u201c\u00c9 importante frisar que o reajuste dever\u00e1 ser aplicado a toda a tabela de vencimentos do magist\u00e9rio, preservando-se os intervalos uniformes entre as classes e os n\u00edveis. O pagamento ser\u00e1 retroativo a 1\u00ba de janeiro de 2022,\u201d detalhou.<\/p>\n<p>A C\u00e2mara Municipal de Apucarana dever\u00e1 apreciar o projeto de lei n\u00ba 021\/2022, em primeiro turno, em sess\u00e3o extraordin\u00e1ria agendada para esta quarta-feira (23\/2), \u00e0s 9 horas.<\/p>\n<p>\u201cApucarana tem um dos melhores indicadores de educa\u00e7\u00e3o do Brasil n\u00e3o por acaso. Aqui investimos na reforma e amplia\u00e7\u00e3o dos pr\u00e9dios escolares, na distribui\u00e7\u00e3o de uniformes e materiais did\u00e1ticos de qualidade para as crian\u00e7as, na compra de alimentos nutritivos e saborosos para a merenda e, acima de tudo, na valoriza\u00e7\u00e3o dos professores\u201d, concluiu o prefeito.<\/p>\n<p>No in\u00edcio do ano, a Prefeitura de Apucarana j\u00e1 havia concedido reajuste salarial de 15,25% aos mais de tr\u00eas mil servidores p\u00fablicos que comp\u00f5em o seu quadro funcional.<\/p>\n<div class = 'socialMediaOnEveryPost'>Compartilhe<div id=\"sgmbShare1-1\" class=\"sgmbShare jssocials-theme-classic sgmbWidget1-1\"><\/div><div class=\"dropdownWrapper dropdownWrapper1 dropdownWrapper-for-widget \" id=\"dropdownWrapper-for-widget\">\r\n\t\t\t\t\t\t<div class=\"dropdownLabel\" id=\"dropdownLabel-share-list\"><span class=\"sgmbButtonListLabel1\">Share List<\/span><\/div>\r\n\t\t\t\t\t\t<div class=\"dropdownPanel dropdownPanel1-1\">\r\n\t\t\t\t\t\t<\/div>\r\n\t\t\t\t\t<\/div><script>  SGMB_URL = \"http:\/\/www.apucarana.pr.gov.br\/ame\/wp-content\/plugins\/social-media-builder\/\"; jQuery(\".dropdownWrapper\").hide(); SGMB_GOOGLE_ACOUNT = \"\"; <\/script><script type=\"text\/javascript\">\r\n\t\tjQuery(document).ready(function($){var widget = new SGMBWidget();widget.show({\"id\":\"1\",\"title\":\"Face\\\/Twitter\",\"options\":{\"currentUrl\":\"1\",\"url\":\"\",\"shareText\":\"\",\"fontSize\":\"14\",\"betweenButtons\":\"1px\",\"theme\":\"classic\",\"sgmbButtonsPosition\":\"bottomLeft\",\"socialTheme\":\"\",\"icon\":\"default\",\"buttonsPanelEffect\":\"No Effect\",\"buttonsEffect\":\"No Effect\",\"iconsEffect\":\"No Effect\",\"buttons\":\"{\\\"facebook\\\":{\\\"label\\\":\\\"Share\\\",\\\"icon\\\":\\\"default-facebook\\\"},\\\"twitter\\\":{\\\"label\\\":\\\"Tweet\\\",\\\"icon\\\":\\\"default-twitter\\\",\\\"via\\\":\\\"\\\",\\\"hashtags\\\":\\\"\\\"}}\",\"roundButton\":\"\",\"showLabels\":\"\",\"showCounts\":\"\",\"showCenter\":\"\",\"showButtonsAsList\":\"\",\"sgmbDropdownColor\":\"\",\"sgmbDropdownLabelFontSize\":\"14\",\"sgmbDropdownLabelColor\":\"\",\"showButtonsOnEveryPost\":\"on\",\"selectedOrExcluded\":\"\",\"showButtonsOnEveryPage\":\"\",\"textOnEveryPost\":\"Compartilhe\",\"showButtonsOnCustomPost\":\"\",\"textOnCustomPost\":\"\",\"showButtonsOnMobileDirect\":\"on\",\"showButtonsOnDesktopDirect\":\"on\",\"sgmbSelectedPages\":[\"\"],\"sgmbExcludedPosts\":[\"\"],\"sgmbSelectedCustomPosts\":[],\"showButtonsInPopup\":\"\",\"titleOfPopup\":\"\",\"descriptionOfPopup\":\"\",\"showPopupOnLoad\":\"\",\"showPopupOnScroll\":\"\",\"showPopupOnExit\":\"\",\"openSecondsOfPopup\":\"\",\"googleAnaliticsAccount\":\"\"},\"buttonOptions\":{\"facebook\":{\"label\":\"Share\",\"icon\":\"default-facebook\"},\"twitter\":{\"label\":\"Tweet\",\"icon\":\"default-twitter\",\"via\":\"\",\"hashtags\":\"\"}},\"button\":[\"facebook\",\"twitter\"]}, 1, '', 'http:\/\/www.apucarana.pr.gov.br\/ame\/wp-content\/uploads\/2022\/02\/AULASEDSON-DENOBI-53-scaled.jpg', '', 'http:\/\/www.apucarana.pr.gov.br\/ame\/junior-da-femac-encaminha-ao-legislativo-projeto-de-lei-com-novo-piso-do-magisterio\/'); });<\/script><\/div><script> jQuery(\".socialMediaOnEveryPost\").addClass(\"sgmb-left\") <\/script>","protected":false},"excerpt":{"rendered":"<p>Em Apucarana, o menor valor a ser pago a um professor em in\u00edcio de carreira, com jornada semanal de 40 horas, ser\u00e1 de R$ 3.845,63<\/p>\n","protected":false},"author":10,"featured_media":10261,"comment_status":"closed","ping_status":"open","sticky":false,"template":"","format":"standard","meta":[],"categories":[9],"tags":[],"_links":{"self":[{"href":"http:\/\/www.apucarana.pr.gov.br\/ame\/wp-json\/wp\/v2\/posts\/10260"}],"collection":[{"href":"http:\/\/www.apucarana.pr.gov.br\/ame\/wp-json\/wp\/v2\/posts"}],"about":[{"href":"http:\/\/www.apucarana.pr.gov.br\/ame\/wp-json\/wp\/v2\/types\/post"}],"author":[{"embeddable":true,"href":"http:\/\/www.apucarana.pr.gov.br\/ame\/wp-json\/wp\/v2\/users\/10"}],"replies":[{"embeddable":true,"href":"http:\/\/www.apucarana.pr.gov.br\/ame\/wp-json\/wp\/v2\/comments?post=10260"}],"version-history":[{"count":1,"href":"http:\/\/www.apucarana.pr.gov.br\/ame\/wp-json\/wp\/v2\/posts\/10260\/revisions"}],"predecessor-version":[{"id":10262,"href":"http:\/\/www.apucarana.pr.gov.br\/ame\/wp-json\/wp\/v2\/posts\/10260\/revisions\/10262"}],"wp:featuredmedia":[{"embeddable":true,"href":"http:\/\/www.apucarana.pr.gov.br\/ame\/wp-json\/wp\/v2\/media\/10261"}],"wp:attachment":[{"href":"http:\/\/www.apucarana.pr.gov.br\/ame\/wp-json\/wp\/v2\/media?parent=10260"}],"wp:term":[{"taxonomy":"category","embeddable":true,"href":"http:\/\/www.apucarana.pr.gov.br\/ame\/wp-json\/wp\/v2\/categories?post=10260"},{"taxonomy":"post_tag","embeddable":true,"href":"http:\/\/www.apucarana.pr.gov.br\/ame\/wp-json\/wp\/v2\/tags?post=10260"}],"curies":[{"name":"wp","href":"https:\/\/api.w.org\/{rel}","templated":true}]}}