{"id":10249,"date":"2022-02-17T08:36:09","date_gmt":"2022-02-17T11:36:09","guid":{"rendered":"http:\/\/www.apucarana.pr.gov.br\/ame\/?p=10249"},"modified":"2024-10-08T09:09:46","modified_gmt":"2024-10-08T12:09:46","slug":"rotary-entrega-oculos-a-cinco-alunos-da-rede-municipal-de-apucarana","status":"publish","type":"post","link":"http:\/\/www.apucarana.pr.gov.br\/ame\/rotary-entrega-oculos-a-cinco-alunos-da-rede-municipal-de-apucarana\/","title":{"rendered":"Rotary entrega \u00f3culos a cinco alunos da rede municipal de Apucarana"},"content":{"rendered":"<p>Na manh\u00e3 de ontem (16\/2), cinco estudantes foram presenteados com os \u00f3culos de grau que necessitam para enxergar melhor. A a\u00e7\u00e3o faz parte do projeto Olhar Amigo, que \u00e9 desenvolvido por meio de parceria entre o Rotary Clube Apucarana, a Autarquia Municipal de Educa\u00e7\u00e3o e o Centro de Apoio Multiprofissional ao Escolar (CAME).<\/p>\n<p>De acordo com a secret\u00e1ria de educa\u00e7\u00e3o Marli Fernandes, a baixa acuidade visual \u00e9 um dos principais fatores que levam a dificuldades de aprendizagem. \u201cComo a crian\u00e7a pequena n\u00e3o costuma se queixar, os pais nem sempre percebem que ela n\u00e3o est\u00e1 enxergando bem. Muitas vezes s\u00e3o os professores que identificam o problema em sala de aula, quando notam que o aluno n\u00e3o consegue se concentrar direito, pisca excessivamente ou aperta os olhos para ler. O projeto Olhar Amigo \u00e9 valioso porque garante consultas oftalmol\u00f3gicas e \u00f3culos de grau gratuitos para os nossos estudantes,\u201d disse.<\/p>\n<p>\u201cO Rotary \u00e9 um clube que re\u00fane empres\u00e1rios em torno do objetivo de prestar servi\u00e7os volunt\u00e1rios em favor da comunidade de Apucarana. Apesar das muitas dificuldades causadas pela pandemia, n\u00f3s conseguimos beneficiar aproximadamente 40 crian\u00e7as com consultas oftalmol\u00f3gicas e \u00f3culos de grau no ano passado. Em 2022, em parceria com a Autarquia Municipal de Educa\u00e7\u00e3o, n\u00f3s pretendemos ampliar ainda mais o projeto,\u201d afirmou o presidente do clube, Reginaldo de Oliveira.<\/p>\n<p>Receberam os \u00f3culos na manh\u00e3 de ontem (16\/2), os alunos Leandro Henrique Andrade Firmino, da Escola Dinarte Pereira de Ara\u00fajo; Helo\u00edsa Carvalho, da Escola Jo\u00e3o Ant\u00f4nio Braga C\u00f4rtes; Henrique Fernandes Silva, da Escola Jo\u00e3o Batista; Laura Gabrielli Cesar Alves, da Escola Jo\u00e3o Batista; e Amanda Barbosa dos Santos, da Escola Jos\u00e9 de Alencar.<\/p>\n<p>Participaram tamb\u00e9m do ato, a superintendente pedag\u00f3gica da Autarquia Municipal de Educa\u00e7\u00e3o, Margarete Baldini; a coordenadora do CAME, Leia Sofia Viale; e os membros do Rotary Club Apucarana, Antenor Per\u00f3n, Marcelino Ferreira, Nedson Samuelson e Nelson Telles.<\/p>\n<div class = 'socialMediaOnEveryPost'>Compartilhe<div id=\"sgmbShare1-1\" class=\"sgmbShare jssocials-theme-classic sgmbWidget1-1\"><\/div><div class=\"dropdownWrapper dropdownWrapper1 dropdownWrapper-for-widget \" id=\"dropdownWrapper-for-widget\">\r\n\t\t\t\t\t\t<div class=\"dropdownLabel\" id=\"dropdownLabel-share-list\"><span class=\"sgmbButtonListLabel1\">Share List<\/span><\/div>\r\n\t\t\t\t\t\t<div class=\"dropdownPanel dropdownPanel1-1\">\r\n\t\t\t\t\t\t<\/div>\r\n\t\t\t\t\t<\/div><script>  SGMB_URL = \"http:\/\/www.apucarana.pr.gov.br\/ame\/wp-content\/plugins\/social-media-builder\/\"; jQuery(\".dropdownWrapper\").hide(); SGMB_GOOGLE_ACOUNT = \"\"; <\/script><script type=\"text\/javascript\">\r\n\t\tjQuery(document).ready(function($){var widget = new SGMBWidget();widget.show({\"id\":\"1\",\"title\":\"Face\\\/Twitter\",\"options\":{\"currentUrl\":\"1\",\"url\":\"\",\"shareText\":\"\",\"fontSize\":\"14\",\"betweenButtons\":\"1px\",\"theme\":\"classic\",\"sgmbButtonsPosition\":\"bottomLeft\",\"socialTheme\":\"\",\"icon\":\"default\",\"buttonsPanelEffect\":\"No Effect\",\"buttonsEffect\":\"No Effect\",\"iconsEffect\":\"No Effect\",\"buttons\":\"{\\\"facebook\\\":{\\\"label\\\":\\\"Share\\\",\\\"icon\\\":\\\"default-facebook\\\"},\\\"twitter\\\":{\\\"label\\\":\\\"Tweet\\\",\\\"icon\\\":\\\"default-twitter\\\",\\\"via\\\":\\\"\\\",\\\"hashtags\\\":\\\"\\\"}}\",\"roundButton\":\"\",\"showLabels\":\"\",\"showCounts\":\"\",\"showCenter\":\"\",\"showButtonsAsList\":\"\",\"sgmbDropdownColor\":\"\",\"sgmbDropdownLabelFontSize\":\"14\",\"sgmbDropdownLabelColor\":\"\",\"showButtonsOnEveryPost\":\"on\",\"selectedOrExcluded\":\"\",\"showButtonsOnEveryPage\":\"\",\"textOnEveryPost\":\"Compartilhe\",\"showButtonsOnCustomPost\":\"\",\"textOnCustomPost\":\"\",\"showButtonsOnMobileDirect\":\"on\",\"showButtonsOnDesktopDirect\":\"on\",\"sgmbSelectedPages\":[\"\"],\"sgmbExcludedPosts\":[\"\"],\"sgmbSelectedCustomPosts\":[],\"showButtonsInPopup\":\"\",\"titleOfPopup\":\"\",\"descriptionOfPopup\":\"\",\"showPopupOnLoad\":\"\",\"showPopupOnScroll\":\"\",\"showPopupOnExit\":\"\",\"openSecondsOfPopup\":\"\",\"googleAnaliticsAccount\":\"\"},\"buttonOptions\":{\"facebook\":{\"label\":\"Share\",\"icon\":\"default-facebook\"},\"twitter\":{\"label\":\"Tweet\",\"icon\":\"default-twitter\",\"via\":\"\",\"hashtags\":\"\"}},\"button\":[\"facebook\",\"twitter\"]}, 1, '', 'http:\/\/www.apucarana.pr.gov.br\/ame\/wp-content\/uploads\/2022\/02\/IMG_3857-scaled.jpg', '', 'http:\/\/www.apucarana.pr.gov.br\/ame\/rotary-entrega-oculos-a-cinco-alunos-da-rede-municipal-de-apucarana\/'); });<\/script><\/div><script> jQuery(\".socialMediaOnEveryPost\").addClass(\"sgmb-left\") <\/script>","protected":false},"excerpt":{"rendered":"<p>A a\u00e7\u00e3o faz parte do projeto Olhar Amigo, que \u00e9 desenvolvido em parceria com a Autarquia Municipal de Educa\u00e7\u00e3o e o Centro de Apoio Multiprofissional ao Escolar<\/p>\n","protected":false},"author":10,"featured_media":10255,"comment_status":"closed","ping_status":"open","sticky":false,"template":"","format":"standard","meta":[],"categories":[9],"tags":[],"_links":{"self":[{"href":"http:\/\/www.apucarana.pr.gov.br\/ame\/wp-json\/wp\/v2\/posts\/10249"}],"collection":[{"href":"http:\/\/www.apucarana.pr.gov.br\/ame\/wp-json\/wp\/v2\/posts"}],"about":[{"href":"http:\/\/www.apucarana.pr.gov.br\/ame\/wp-json\/wp\/v2\/types\/post"}],"author":[{"embeddable":true,"href":"http:\/\/www.apucarana.pr.gov.br\/ame\/wp-json\/wp\/v2\/users\/10"}],"replies":[{"embeddable":true,"href":"http:\/\/www.apucarana.pr.gov.br\/ame\/wp-json\/wp\/v2\/comments?post=10249"}],"version-history":[{"count":2,"href":"http:\/\/www.apucarana.pr.gov.br\/ame\/wp-json\/wp\/v2\/posts\/10249\/revisions"}],"predecessor-version":[{"id":10258,"href":"http:\/\/www.apucarana.pr.gov.br\/ame\/wp-json\/wp\/v2\/posts\/10249\/revisions\/10258"}],"wp:featuredmedia":[{"embeddable":true,"href":"http:\/\/www.apucarana.pr.gov.br\/ame\/wp-json\/wp\/v2\/media\/10255"}],"wp:attachment":[{"href":"http:\/\/www.apucarana.pr.gov.br\/ame\/wp-json\/wp\/v2\/media?parent=10249"}],"wp:term":[{"taxonomy":"category","embeddable":true,"href":"http:\/\/www.apucarana.pr.gov.br\/ame\/wp-json\/wp\/v2\/categories?post=10249"},{"taxonomy":"post_tag","embeddable":true,"href":"http:\/\/www.apucarana.pr.gov.br\/ame\/wp-json\/wp\/v2\/tags?post=10249"}],"curies":[{"name":"wp","href":"https:\/\/api.w.org\/{rel}","templated":true}]}}